{"id":5527,"date":"2026-08-01T21:22:59","date_gmt":"2026-08-01T20:22:59","guid":{"rendered":"https:\/\/azqs.com\/gartenjardin\/?p=5527"},"modified":"2026-08-21T21:26:53","modified_gmt":"2026-08-21T20:26:53","slug":"mercredi-5-aout-2025-cafe-kuchen","status":"publish","type":"post","link":"https:\/\/azqs.com\/gartenjardin\/fr\/2026\/08\/mercredi-5-aout-2025-cafe-kuchen\/","title":{"rendered":"mercredi 5 ao\u00fbt 2026, Caf\u00e9-Kuchen"},"content":{"rendered":"<div dir=\"ltr\" data-setdir=\"false\"><span style=\"font-size: 12pt\">Ce<b> mercredi 5 ao\u00fb<\/b>t , avec les amis de la passerelle, nous vous invitons \u00e0 la traditionnelle rencontre Caf\u00e9-Kuchen sur la plate-forme centrale de la passerelle des Deux Rives, <b>\u00e0 partir de 16h.<\/b> Chacun est invit\u00e9 \u00e0\u00a0 apporter\u00a0 de quoi boire ou manger, \u00e0 partager.<\/span><\/p>\n<div dir=\"ltr\" data-setdir=\"false\"><span style=\"color: #cd232c;font-size: 12pt\">S&rsquo;il fait trop chaud, nous vous signalerons sous quels arbres nous nous sommes r\u00e9fugi\u00e9s<\/span><br \/>\n<span style=\"font-size: 12pt\">Nous vous proposons de prolonger la rencontre par un <b>ap\u00e9ritif,<\/b> toujours \u00e0 partager, <b>\u00e0 partir de 18h<\/b>, permettant ainsi \u00e0 tous de passer un bon moment dans le jardin.<\/span><br \/>\n<span style=\"font-size: 12pt\">Sauf canicule, la\u00a0 rencontre est pr\u00e9c\u00e9d\u00e9e d&rsquo;une<b> balade cycliste, m\u00eame lieu \u00e0 14h00<\/b>.<\/span><\/div>\n<div dir=\"ltr\" data-setdir=\"false\">\n<div id='gallery-1' class='gallery galleryid-5527 gallery-columns-2 gallery-size-medium'><figure class='gallery-item'>\n\t\t\t<div class='gallery-icon landscape'>\n\t\t\t\t<a href='https:\/\/azqs.com\/gartenjardin\/fr\/2026\/08\/mercredi-5-aout-2025-cafe-kuchen\/cyclistes-kultur-wehr\/'><img loading=\"lazy\" decoding=\"async\" width=\"300\" height=\"169\" src=\"https:\/\/azqs.com\/gartenjardin\/files\/2026\/08\/cyclistes-Kultur-Wehr-300x169.jpg\" class=\"attachment-medium size-medium\" alt=\"\" srcset=\"https:\/\/azqs.com\/gartenjardin\/files\/2026\/08\/cyclistes-Kultur-Wehr-300x169.jpg 300w, https:\/\/azqs.com\/gartenjardin\/files\/2026\/08\/cyclistes-Kultur-Wehr-1024x576.jpg 1024w, https:\/\/azqs.com\/gartenjardin\/files\/2026\/08\/cyclistes-Kultur-Wehr-768x432.jpg 768w, https:\/\/azqs.com\/gartenjardin\/files\/2026\/08\/cyclistes-Kultur-Wehr-1536x864.jpg 1536w, https:\/\/azqs.com\/gartenjardin\/files\/2026\/08\/cyclistes-Kultur-Wehr-2048x1152.jpg 2048w\" sizes=\"(max-width: 300px) 100vw, 300px\" \/><\/a>\n\t\t\t<\/div><\/figure><figure class='gallery-item'>\n\t\t\t<div class='gallery-icon landscape'>\n\t\t\t\t<a href='https:\/\/azqs.com\/gartenjardin\/fr\/2026\/08\/mercredi-5-aout-2025-cafe-kuchen\/eurothing\/'><img loading=\"lazy\" decoding=\"async\" width=\"300\" height=\"191\" src=\"https:\/\/azqs.com\/gartenjardin\/files\/2026\/08\/Eurothing-300x191.jpeg\" class=\"attachment-medium size-medium\" alt=\"\" srcset=\"https:\/\/azqs.com\/gartenjardin\/files\/2026\/08\/Eurothing-300x191.jpeg 300w, https:\/\/azqs.com\/gartenjardin\/files\/2026\/08\/Eurothing-1024x653.jpeg 1024w, https:\/\/azqs.com\/gartenjardin\/files\/2026\/08\/Eurothing-768x489.jpeg 768w, https:\/\/azqs.com\/gartenjardin\/files\/2026\/08\/Eurothing-1536x979.jpeg 1536w, https:\/\/azqs.com\/gartenjardin\/files\/2026\/08\/Eurothing-2048x1305.jpeg 2048w\" sizes=\"(max-width: 300px) 100vw, 300px\" \/><\/a>\n\t\t\t<\/div><\/figure>\n\t\t<\/div>\n\n<p><span style=\"font-size: 12pt\">Une bonne vingtaine de personnes se r\u00e9unissent \u00e0 l&rsquo;Eurothing, moins chaud que la passerelle; auparavant les cyclistes ont long\u00e9 le Rhin.<\/span><\/p>\n<\/div>\n<\/div>\n","protected":false},"excerpt":{"rendered":"<p>Ce mercredi 5 ao\u00fbt , avec les amis de la passerelle, nous vous invitons \u00e0 la traditionnelle rencontre Caf\u00e9-Kuchen sur la plate-forme centrale de la passerelle des Deux Rives, \u00e0 partir de 16h. Chacun est invit\u00e9 \u00e0\u00a0 apporter\u00a0 de quoi <a class=\"more-link\" href=\"https:\/\/azqs.com\/gartenjardin\/fr\/2026\/08\/mercredi-5-aout-2025-cafe-kuchen\/\">Continuer la lecture <span class=\"screen-reader-text\">  mercredi 5 ao\u00fbt 2026, Caf\u00e9-Kuchen<\/span><span class=\"meta-nav\">&rarr;<\/span><\/a><\/p>\n","protected":false},"author":298,"featured_media":0,"comment_status":"closed","ping_status":"closed","sticky":false,"template":"","format":"standard","meta":{"footnotes":""},"categories":[39],"tags":[],"class_list":["post-5527","post","type-post","status-publish","format-standard","hentry","category-actvites"],"_links":{"self":[{"href":"https:\/\/azqs.com\/gartenjardin\/wp-json\/wp\/v2\/posts\/5527"}],"collection":[{"href":"https:\/\/azqs.com\/gartenjardin\/wp-json\/wp\/v2\/posts"}],"about":[{"href":"https:\/\/azqs.com\/gartenjardin\/wp-json\/wp\/v2\/types\/post"}],"author":[{"embeddable":true,"href":"https:\/\/azqs.com\/gartenjardin\/wp-json\/wp\/v2\/users\/298"}],"replies":[{"embeddable":true,"href":"https:\/\/azqs.com\/gartenjardin\/wp-json\/wp\/v2\/comments?post=5527"}],"version-history":[{"count":4,"href":"https:\/\/azqs.com\/gartenjardin\/wp-json\/wp\/v2\/posts\/5527\/revisions"}],"predecessor-version":[{"id":5533,"href":"https:\/\/azqs.com\/gartenjardin\/wp-json\/wp\/v2\/posts\/5527\/revisions\/5533"}],"wp:attachment":[{"href":"https:\/\/azqs.com\/gartenjardin\/wp-json\/wp\/v2\/media?parent=5527"}],"wp:term":[{"taxonomy":"category","embeddable":true,"href":"https:\/\/azqs.com\/gartenjardin\/wp-json\/wp\/v2\/categories?post=5527"},{"taxonomy":"post_tag","embeddable":true,"href":"https:\/\/azqs.com\/gartenjardin\/wp-json\/wp\/v2\/tags?post=5527"}],"curies":[{"name":"wp","href":"https:\/\/api.w.org\/{rel}","templated":true}]}}