{"id":4840,"date":"2025-05-15T21:38:08","date_gmt":"2025-05-15T20:38:08","guid":{"rendered":"https:\/\/azqs.com\/gartenjardin\/?p=4840"},"modified":"2025-06-04T22:07:33","modified_gmt":"2025-06-04T21:07:33","slug":"samstag-24-mai-2025-pfahlbaumuseum-am-bodensee","status":"publish","type":"post","link":"https:\/\/azqs.com\/gartenjardin\/de\/2025\/05\/samstag-24-mai-2025-pfahlbaumuseum-am-bodensee\/","title":{"rendered":"Samstag, 24. Mai 2025, Pfahlbaumuseum am Bodensee"},"content":{"rendered":"<div dir=\"ltr\"><span style=\"font-size: 14pt\">Der Verein Garten\/\/Jardin l\u00e4dt am<strong> Samstag, 24. Mai,<\/strong> zu einem Ausflug auf und um den<strong> Bodensee<\/strong> ein.\u00a0 Leider verl\u00e4ngert sich unsere Anreise durch die systematischen Polizeikontrollen am Bahnhof in Kehl, daf\u00fcr bleibt Zeit f\u00fcr eine Kaffeepause in Offenburg. Um den Anschlusszug nicht zu verpassen, treffen wir uns um 7:45 Uhr am Bahnhof Kehl.<b><br \/>\n<\/b><\/span><\/div>\n<div dir=\"ltr\"><\/div>\n<div dir=\"ltr\"><span style=\"font-size: 14pt\">In<strong> Konstanz<\/strong> haben wir eine etwa eineinhalbst\u00fcndige Pause &#8211; am See oder in der Stadt. Dann nehmen wir ein Schiff f\u00fcr eine<strong> kleine Kreuzfahrt<\/strong> auf dem See, fahren an Meersburg und der Insel Mainau vorbei, bevor wir in <strong>Unteruhldingen-M\u00fclhofen<\/strong><b> das <\/b><strong>Pfahlbaumuseum<\/strong> und die rekonstruierte pr\u00e4historische Pfahlbausiedlung besuchen.<\/span><\/div>\n<div dir=\"ltr\"><span id=\"OBJ_PREFIX_DWT193_com_zimbra_url\" class=\"Object\" style=\"font-size: 14pt\" role=\"link\"><a href=\"https:\/\/www.pfahlbauten.de\/\" target=\"_blank\" rel=\"nofollow noopener\">https:\/\/www.pfahlbauten.de\/<\/a><\/span><\/div>\n<div dir=\"ltr\"><\/div>\n<div dir=\"ltr\"><img loading=\"lazy\" decoding=\"async\" class=\"alignleft size-large wp-image-4841\" src=\"http:\/\/azqs.com\/gartenjardin\/files\/2025\/05\/2025-05-04Palaffites-1-1024x768.jpg\" alt=\"\" width=\"530\" height=\"398\" srcset=\"https:\/\/azqs.com\/gartenjardin\/files\/2025\/05\/2025-05-04Palaffites-1-1024x768.jpg 1024w, https:\/\/azqs.com\/gartenjardin\/files\/2025\/05\/2025-05-04Palaffites-1-300x225.jpg 300w, https:\/\/azqs.com\/gartenjardin\/files\/2025\/05\/2025-05-04Palaffites-1-768x576.jpg 768w, https:\/\/azqs.com\/gartenjardin\/files\/2025\/05\/2025-05-04Palaffites-1-1536x1152.jpg 1536w, https:\/\/azqs.com\/gartenjardin\/files\/2025\/05\/2025-05-04Palaffites-1-2048x1536.jpg 2048w\" sizes=\"(max-width: 530px) 100vw, 530px\" \/><\/div>\n<div dir=\"ltr\"><\/div>\n<div dir=\"ltr\"><\/div>\n<div dir=\"ltr\"><\/div>\n<div dir=\"ltr\"><\/div>\n<div dir=\"ltr\"><\/div>\n<div dir=\"ltr\"><\/div>\n<div dir=\"ltr\"><\/div>\n<div dir=\"ltr\"><\/div>\n<div dir=\"ltr\"><\/div>\n<div dir=\"ltr\"><\/div>\n<div dir=\"ltr\"><\/div>\n<div dir=\"ltr\"><\/div>\n<div dir=\"ltr\"><\/div>\n<div dir=\"ltr\"><\/div>\n<div dir=\"ltr\"><\/div>\n<div dir=\"ltr\"><\/div>\n<div dir=\"ltr\"><\/div>\n<div dir=\"ltr\"><\/div>\n<div dir=\"ltr\"><\/div>\n<div dir=\"ltr\"><span style=\"font-size: 14pt\">Von dort nehmen wir einen Bus nach \u00dcberlingen (Ort der Landesgartenschau 2021) und fahren mit dem Zug zur\u00fcck nach Kehl, Ankunft gegen 21:25 Uhr.<\/span><\/div>\n<div dir=\"ltr\"><\/div>\n<div dir=\"ltr\"><span style=\"font-size: 14pt\">Den ganzen Tag \u00fcber k\u00f6nnen Sie die Fahrt durch den Schwarzwald, sowie die vielen Aussichtspunkte auf den Bodensee genie\u00dfen. Die Transfers sind kurz, ca. 700 m vom Pfahlbaumuseum bis zur Bushaltestelle in Unteruhldingen. Rucksackverpflegung m\u00f6glich, sowie zahlreiche Verk\u00f6stigungsm\u00f6glichkeiten in Konstanz zwischen Bahnhof und See. Kostenbeteiligung pro Person ca. 40 Euro (f\u00fcr Zug-, Schifffahrt + Museumseintritt).<\/span><\/div>\n<div dir=\"ltr\"><span style=\"font-size: 14pt\"><i>\u00a0<\/i><\/span><\/div>\n<div dir=\"ltr\"><span style=\"font-size: 14pt\"><i>Bitte beachten: F\u00fcr alle Ausfl\u00fcge in europ\u00e4ische L\u00e4nder wird empfohlen, eine Europ\u00e4ische Krankenversicherungskarte (EHIC) und Ausweispapiere mitzuf\u00fchren.<\/i><\/span><\/div>\n<div dir=\"ltr\">\n<div id='gallery-1' class='gallery galleryid-4840 gallery-columns-3 gallery-size-medium'><figure class='gallery-item'>\n\t\t\t<div class='gallery-icon portrait'>\n\t\t\t\t<a href='https:\/\/azqs.com\/gartenjardin\/de\/2025\/05\/samstag-24-mai-2025-pfahlbaumuseum-am-bodensee\/imperia-2\/'><img loading=\"lazy\" decoding=\"async\" width=\"225\" height=\"300\" src=\"https:\/\/azqs.com\/gartenjardin\/files\/2025\/05\/Imperia-1-225x300.jpg\" class=\"attachment-medium size-medium\" alt=\"\" srcset=\"https:\/\/azqs.com\/gartenjardin\/files\/2025\/05\/Imperia-1-225x300.jpg 225w, https:\/\/azqs.com\/gartenjardin\/files\/2025\/05\/Imperia-1-768x1024.jpg 768w, https:\/\/azqs.com\/gartenjardin\/files\/2025\/05\/Imperia-1-1152x1536.jpg 1152w, https:\/\/azqs.com\/gartenjardin\/files\/2025\/05\/Imperia-1-1536x2048.jpg 1536w, https:\/\/azqs.com\/gartenjardin\/files\/2025\/05\/Imperia-1-scaled.jpg 1920w\" sizes=\"(max-width: 225px) 100vw, 225px\" \/><\/a>\n\t\t\t<\/div><\/figure><figure class='gallery-item'>\n\t\t\t<div class='gallery-icon landscape'>\n\t\t\t\t<a href='https:\/\/azqs.com\/gartenjardin\/de\/2025\/05\/samstag-24-mai-2025-pfahlbaumuseum-am-bodensee\/facade-constance-2\/'><img loading=\"lazy\" decoding=\"async\" width=\"300\" height=\"225\" src=\"https:\/\/azqs.com\/gartenjardin\/files\/2025\/05\/facade-Constance-1-300x225.jpg\" class=\"attachment-medium size-medium\" alt=\"\" srcset=\"https:\/\/azqs.com\/gartenjardin\/files\/2025\/05\/facade-Constance-1-300x225.jpg 300w, https:\/\/azqs.com\/gartenjardin\/files\/2025\/05\/facade-Constance-1.jpg 640w\" sizes=\"(max-width: 300px) 100vw, 300px\" \/><\/a>\n\t\t\t<\/div><\/figure><figure class='gallery-item'>\n\t\t\t<div class='gallery-icon portrait'>\n\t\t\t\t<a href='https:\/\/azqs.com\/gartenjardin\/de\/2025\/05\/samstag-24-mai-2025-pfahlbaumuseum-am-bodensee\/rheintor-2\/'><img loading=\"lazy\" decoding=\"async\" width=\"225\" height=\"300\" src=\"https:\/\/azqs.com\/gartenjardin\/files\/2025\/05\/RheinTor-1-225x300.jpg\" class=\"attachment-medium size-medium\" alt=\"\" srcset=\"https:\/\/azqs.com\/gartenjardin\/files\/2025\/05\/RheinTor-1-225x300.jpg 225w, https:\/\/azqs.com\/gartenjardin\/files\/2025\/05\/RheinTor-1.jpg 480w\" sizes=\"(max-width: 225px) 100vw, 225px\" \/><\/a>\n\t\t\t<\/div><\/figure>\n\t\t<\/div>\n\n<p><span style=\"font-size: 14pt\">An einem sch\u00f6nen Fr\u00fchlingstag fahren 30 Personen mit dem Zug durch den Schwarzwald nach Konstanz.<\/span><\/p>\n<div id='gallery-2' class='gallery galleryid-4840 gallery-columns-2 gallery-size-medium'><figure class='gallery-item'>\n\t\t\t<div class='gallery-icon landscape'>\n\t\t\t\t<a href='https:\/\/azqs.com\/gartenjardin\/de\/2025\/05\/samstag-24-mai-2025-pfahlbaumuseum-am-bodensee\/kozilgebauede-2\/'><img loading=\"lazy\" decoding=\"async\" width=\"300\" height=\"225\" src=\"https:\/\/azqs.com\/gartenjardin\/files\/2025\/05\/Kozilgebauede-1-300x225.jpg\" class=\"attachment-medium size-medium\" alt=\"\" srcset=\"https:\/\/azqs.com\/gartenjardin\/files\/2025\/05\/Kozilgebauede-1-300x225.jpg 300w, https:\/\/azqs.com\/gartenjardin\/files\/2025\/05\/Kozilgebauede-1-1024x768.jpg 1024w, https:\/\/azqs.com\/gartenjardin\/files\/2025\/05\/Kozilgebauede-1-768x576.jpg 768w, https:\/\/azqs.com\/gartenjardin\/files\/2025\/05\/Kozilgebauede-1-1536x1152.jpg 1536w, https:\/\/azqs.com\/gartenjardin\/files\/2025\/05\/Kozilgebauede-1-2048x1536.jpg 2048w\" sizes=\"(max-width: 300px) 100vw, 300px\" \/><\/a>\n\t\t\t<\/div><\/figure><figure class='gallery-item'>\n\t\t\t<div class='gallery-icon landscape'>\n\t\t\t\t<a href='https:\/\/azqs.com\/gartenjardin\/de\/2025\/05\/samstag-24-mai-2025-pfahlbaumuseum-am-bodensee\/zeppelin-2\/'><img loading=\"lazy\" decoding=\"async\" width=\"300\" height=\"225\" src=\"https:\/\/azqs.com\/gartenjardin\/files\/2025\/05\/Zeppelin-1-300x225.jpg\" class=\"attachment-medium size-medium\" alt=\"\" srcset=\"https:\/\/azqs.com\/gartenjardin\/files\/2025\/05\/Zeppelin-1-300x225.jpg 300w, https:\/\/azqs.com\/gartenjardin\/files\/2025\/05\/Zeppelin-1-1024x768.jpg 1024w, https:\/\/azqs.com\/gartenjardin\/files\/2025\/05\/Zeppelin-1-768x576.jpg 768w, https:\/\/azqs.com\/gartenjardin\/files\/2025\/05\/Zeppelin-1-1536x1152.jpg 1536w, https:\/\/azqs.com\/gartenjardin\/files\/2025\/05\/Zeppelin-1-2048x1536.jpg 2048w\" sizes=\"(max-width: 300px) 100vw, 300px\" \/><\/a>\n\t\t\t<\/div><\/figure><figure class='gallery-item'>\n\t\t\t<div class='gallery-icon portrait'>\n\t\t\t\t<a href='https:\/\/azqs.com\/gartenjardin\/de\/2025\/05\/samstag-24-mai-2025-pfahlbaumuseum-am-bodensee\/zeppelin-nicolereduit-2\/'><img loading=\"lazy\" decoding=\"async\" width=\"225\" height=\"300\" src=\"https:\/\/azqs.com\/gartenjardin\/files\/2025\/05\/Zeppelin-Nicolereduit-1-225x300.jpg\" class=\"attachment-medium size-medium\" alt=\"\" srcset=\"https:\/\/azqs.com\/gartenjardin\/files\/2025\/05\/Zeppelin-Nicolereduit-1-225x300.jpg 225w, https:\/\/azqs.com\/gartenjardin\/files\/2025\/05\/Zeppelin-Nicolereduit-1-768x1024.jpg 768w, https:\/\/azqs.com\/gartenjardin\/files\/2025\/05\/Zeppelin-Nicolereduit-1-1152x1536.jpg 1152w, https:\/\/azqs.com\/gartenjardin\/files\/2025\/05\/Zeppelin-Nicolereduit-1-1536x2048.jpg 1536w, https:\/\/azqs.com\/gartenjardin\/files\/2025\/05\/Zeppelin-Nicolereduit-1-scaled.jpg 1920w\" sizes=\"(max-width: 225px) 100vw, 225px\" \/><\/a>\n\t\t\t<\/div><\/figure><figure class='gallery-item'>\n\t\t\t<div class='gallery-icon landscape'>\n\t\t\t\t<a href='https:\/\/azqs.com\/gartenjardin\/de\/2025\/05\/samstag-24-mai-2025-pfahlbaumuseum-am-bodensee\/ms-stuttgart-2\/'><img loading=\"lazy\" decoding=\"async\" width=\"300\" height=\"225\" src=\"https:\/\/azqs.com\/gartenjardin\/files\/2025\/05\/MS-Stuttgart-1-300x225.jpg\" class=\"attachment-medium size-medium\" alt=\"\" srcset=\"https:\/\/azqs.com\/gartenjardin\/files\/2025\/05\/MS-Stuttgart-1-300x225.jpg 300w, https:\/\/azqs.com\/gartenjardin\/files\/2025\/05\/MS-Stuttgart-1-1024x768.jpg 1024w, https:\/\/azqs.com\/gartenjardin\/files\/2025\/05\/MS-Stuttgart-1-768x576.jpg 768w, https:\/\/azqs.com\/gartenjardin\/files\/2025\/05\/MS-Stuttgart-1-1536x1152.jpg 1536w, https:\/\/azqs.com\/gartenjardin\/files\/2025\/05\/MS-Stuttgart-1-2048x1536.jpg 2048w\" sizes=\"(max-width: 300px) 100vw, 300px\" \/><\/a>\n\t\t\t<\/div><\/figure>\n\t\t<\/div>\n\n<p><span style=\"font-size: 14pt\">Man besichtigt die Stadt oder den Hafen, bewundert einen Zeppelin und wartet auf das Schiff MS Stuttgart.<\/span><\/p>\n<div id='gallery-3' class='gallery galleryid-4840 gallery-columns-3 gallery-size-medium'><figure class='gallery-item'>\n\t\t\t<div class='gallery-icon landscape'>\n\t\t\t\t<a href='https:\/\/azqs.com\/gartenjardin\/de\/2025\/05\/samstag-24-mai-2025-pfahlbaumuseum-am-bodensee\/sur-le-bateau-2\/'><img loading=\"lazy\" decoding=\"async\" width=\"300\" height=\"225\" src=\"https:\/\/azqs.com\/gartenjardin\/files\/2025\/05\/sur-le-bateau-1-300x225.jpg\" class=\"attachment-medium size-medium\" alt=\"\" srcset=\"https:\/\/azqs.com\/gartenjardin\/files\/2025\/05\/sur-le-bateau-1-300x225.jpg 300w, https:\/\/azqs.com\/gartenjardin\/files\/2025\/05\/sur-le-bateau-1-1024x768.jpg 1024w, https:\/\/azqs.com\/gartenjardin\/files\/2025\/05\/sur-le-bateau-1-768x576.jpg 768w, https:\/\/azqs.com\/gartenjardin\/files\/2025\/05\/sur-le-bateau-1-1536x1152.jpg 1536w, https:\/\/azqs.com\/gartenjardin\/files\/2025\/05\/sur-le-bateau-1-2048x1536.jpg 2048w\" sizes=\"(max-width: 300px) 100vw, 300px\" \/><\/a>\n\t\t\t<\/div><\/figure><figure class='gallery-item'>\n\t\t\t<div class='gallery-icon landscape'>\n\t\t\t\t<a href='https:\/\/azqs.com\/gartenjardin\/de\/2025\/05\/samstag-24-mai-2025-pfahlbaumuseum-am-bodensee\/2-villages-de-palafites-2\/'><img loading=\"lazy\" decoding=\"async\" width=\"300\" height=\"225\" src=\"https:\/\/azqs.com\/gartenjardin\/files\/2025\/05\/2-villages-de-palafites-1-300x225.jpg\" class=\"attachment-medium size-medium\" alt=\"\" srcset=\"https:\/\/azqs.com\/gartenjardin\/files\/2025\/05\/2-villages-de-palafites-1-300x225.jpg 300w, https:\/\/azqs.com\/gartenjardin\/files\/2025\/05\/2-villages-de-palafites-1-1024x768.jpg 1024w, https:\/\/azqs.com\/gartenjardin\/files\/2025\/05\/2-villages-de-palafites-1-768x576.jpg 768w, https:\/\/azqs.com\/gartenjardin\/files\/2025\/05\/2-villages-de-palafites-1-1536x1152.jpg 1536w, https:\/\/azqs.com\/gartenjardin\/files\/2025\/05\/2-villages-de-palafites-1-2048x1536.jpg 2048w\" sizes=\"(max-width: 300px) 100vw, 300px\" \/><\/a>\n\t\t\t<\/div><\/figure><figure class='gallery-item'>\n\t\t\t<div class='gallery-icon landscape'>\n\t\t\t\t<a href='https:\/\/azqs.com\/gartenjardin\/de\/2025\/05\/samstag-24-mai-2025-pfahlbaumuseum-am-bodensee\/groupe-4\/'><img loading=\"lazy\" decoding=\"async\" width=\"300\" height=\"225\" src=\"https:\/\/azqs.com\/gartenjardin\/files\/2025\/05\/groupe-1-300x225.jpg\" class=\"attachment-medium size-medium\" alt=\"\" srcset=\"https:\/\/azqs.com\/gartenjardin\/files\/2025\/05\/groupe-1-300x225.jpg 300w, https:\/\/azqs.com\/gartenjardin\/files\/2025\/05\/groupe-1-1024x768.jpg 1024w, https:\/\/azqs.com\/gartenjardin\/files\/2025\/05\/groupe-1-768x576.jpg 768w, https:\/\/azqs.com\/gartenjardin\/files\/2025\/05\/groupe-1-1536x1152.jpg 1536w, https:\/\/azqs.com\/gartenjardin\/files\/2025\/05\/groupe-1-2048x1536.jpg 2048w\" sizes=\"(max-width: 300px) 100vw, 300px\" \/><\/a>\n\t\t\t<\/div><\/figure>\n\t\t<\/div>\n\n<p><span style=\"font-size: 14pt\">der die Gruppe zum Pfahlbautenmuseum in Unteruhldingen bringt.<\/span><\/p>\n<div id='gallery-4' class='gallery galleryid-4840 gallery-columns-3 gallery-size-medium'><figure class='gallery-item'>\n\t\t\t<div class='gallery-icon landscape'>\n\t\t\t\t<a href='https:\/\/azqs.com\/gartenjardin\/de\/2025\/05\/samstag-24-mai-2025-pfahlbaumuseum-am-bodensee\/ceremonie-funebre-2\/'><img loading=\"lazy\" decoding=\"async\" width=\"300\" height=\"225\" src=\"https:\/\/azqs.com\/gartenjardin\/files\/2025\/05\/ceremonie-funebre-1-300x225.jpg\" class=\"attachment-medium size-medium\" alt=\"\" srcset=\"https:\/\/azqs.com\/gartenjardin\/files\/2025\/05\/ceremonie-funebre-1-300x225.jpg 300w, https:\/\/azqs.com\/gartenjardin\/files\/2025\/05\/ceremonie-funebre-1-1024x768.jpg 1024w, https:\/\/azqs.com\/gartenjardin\/files\/2025\/05\/ceremonie-funebre-1-768x576.jpg 768w, https:\/\/azqs.com\/gartenjardin\/files\/2025\/05\/ceremonie-funebre-1-1536x1152.jpg 1536w, https:\/\/azqs.com\/gartenjardin\/files\/2025\/05\/ceremonie-funebre-1-2048x1536.jpg 2048w\" sizes=\"(max-width: 300px) 100vw, 300px\" \/><\/a>\n\t\t\t<\/div><\/figure><figure class='gallery-item'>\n\t\t\t<div class='gallery-icon portrait'>\n\t\t\t\t<a href='https:\/\/azqs.com\/gartenjardin\/de\/2025\/05\/samstag-24-mai-2025-pfahlbaumuseum-am-bodensee\/outils-2\/'><img loading=\"lazy\" decoding=\"async\" width=\"225\" height=\"300\" src=\"https:\/\/azqs.com\/gartenjardin\/files\/2025\/05\/outils-1-225x300.jpg\" class=\"attachment-medium size-medium\" alt=\"\" srcset=\"https:\/\/azqs.com\/gartenjardin\/files\/2025\/05\/outils-1-225x300.jpg 225w, https:\/\/azqs.com\/gartenjardin\/files\/2025\/05\/outils-1.jpg 480w\" sizes=\"(max-width: 225px) 100vw, 225px\" \/><\/a>\n\t\t\t<\/div><\/figure><figure class='gallery-item'>\n\t\t\t<div class='gallery-icon landscape'>\n\t\t\t\t<a href='https:\/\/azqs.com\/gartenjardin\/de\/2025\/05\/samstag-24-mai-2025-pfahlbaumuseum-am-bodensee\/groupe-radolfzell-2\/'><img loading=\"lazy\" decoding=\"async\" width=\"300\" height=\"225\" src=\"https:\/\/azqs.com\/gartenjardin\/files\/2025\/05\/groupe-Radolfzell-1-300x225.jpg\" class=\"attachment-medium size-medium\" alt=\"\" srcset=\"https:\/\/azqs.com\/gartenjardin\/files\/2025\/05\/groupe-Radolfzell-1-300x225.jpg 300w, https:\/\/azqs.com\/gartenjardin\/files\/2025\/05\/groupe-Radolfzell-1-1024x768.jpg 1024w, https:\/\/azqs.com\/gartenjardin\/files\/2025\/05\/groupe-Radolfzell-1-768x576.jpg 768w, https:\/\/azqs.com\/gartenjardin\/files\/2025\/05\/groupe-Radolfzell-1-1536x1152.jpg 1536w, https:\/\/azqs.com\/gartenjardin\/files\/2025\/05\/groupe-Radolfzell-1-2048x1536.jpg 2048w\" sizes=\"(max-width: 300px) 100vw, 300px\" \/><\/a>\n\t\t\t<\/div><\/figure>\n\t\t<\/div>\n\n<p><span style=\"font-size: 14pt\">Auf dem R\u00fcckweg kleiner Abstieg zum See bei der Zwischenstation Radofzell.<\/span><\/p>\n<\/div>\n","protected":false},"excerpt":{"rendered":"<p>Der Verein Garten\/\/Jardin l\u00e4dt am Samstag, 24. Mai, zu einem Ausflug auf und um den Bodensee ein.\u00a0 Leider verl\u00e4ngert sich unsere Anreise durch die systematischen Polizeikontrollen am Bahnhof in Kehl, daf\u00fcr bleibt Zeit f\u00fcr eine Kaffeepause in Offenburg. Um den <a class=\"more-link\" href=\"https:\/\/azqs.com\/gartenjardin\/de\/2025\/05\/samstag-24-mai-2025-pfahlbaumuseum-am-bodensee\/\">Continuer la lecture <span class=\"screen-reader-text\">  Samstag, 24. Mai 2025, Pfahlbaumuseum am Bodensee<\/span><span class=\"meta-nav\">&rarr;<\/span><\/a><\/p>\n","protected":false},"author":298,"featured_media":0,"comment_status":"closed","ping_status":"closed","sticky":false,"template":"","format":"standard","meta":{"footnotes":""},"categories":[101],"tags":[],"class_list":["post-4840","post","type-post","status-publish","format-standard","hentry","category-de-activite"],"_links":{"self":[{"href":"https:\/\/azqs.com\/gartenjardin\/wp-json\/wp\/v2\/posts\/4840"}],"collection":[{"href":"https:\/\/azqs.com\/gartenjardin\/wp-json\/wp\/v2\/posts"}],"about":[{"href":"https:\/\/azqs.com\/gartenjardin\/wp-json\/wp\/v2\/types\/post"}],"author":[{"embeddable":true,"href":"https:\/\/azqs.com\/gartenjardin\/wp-json\/wp\/v2\/users\/298"}],"replies":[{"embeddable":true,"href":"https:\/\/azqs.com\/gartenjardin\/wp-json\/wp\/v2\/comments?post=4840"}],"version-history":[{"count":4,"href":"https:\/\/azqs.com\/gartenjardin\/wp-json\/wp\/v2\/posts\/4840\/revisions"}],"predecessor-version":[{"id":4887,"href":"https:\/\/azqs.com\/gartenjardin\/wp-json\/wp\/v2\/posts\/4840\/revisions\/4887"}],"wp:attachment":[{"href":"https:\/\/azqs.com\/gartenjardin\/wp-json\/wp\/v2\/media?parent=4840"}],"wp:term":[{"taxonomy":"category","embeddable":true,"href":"https:\/\/azqs.com\/gartenjardin\/wp-json\/wp\/v2\/categories?post=4840"},{"taxonomy":"post_tag","embeddable":true,"href":"https:\/\/azqs.com\/gartenjardin\/wp-json\/wp\/v2\/tags?post=4840"}],"curies":[{"name":"wp","href":"https:\/\/api.w.org\/{rel}","templated":true}]}}