{"id":4747,"date":"2025-04-02T21:29:00","date_gmt":"2025-04-02T20:29:00","guid":{"rendered":"https:\/\/azqs.com\/gartenjardin\/?p=4747"},"modified":"2025-04-14T23:59:41","modified_gmt":"2025-04-14T22:59:41","slug":"samstag-5-april-colmar","status":"publish","type":"post","link":"https:\/\/azqs.com\/gartenjardin\/de\/2025\/04\/samstag-5-april-colmar\/","title":{"rendered":"Samstag 5. April, Colmar"},"content":{"rendered":"<div dir=\"ltr\"><span style=\"font-size: 12pt\">\u00a0<\/span><\/div>\n<div dir=\"ltr\"><span style=\"font-size: 12pt\"> Am <b>Samstag, 5. April<\/b>, l\u00e4dt der Verein zu einen Spaziergang durch<strong> Colmar <\/strong> und die Ausstellung <strong>\u201ePaleobotanica &#8211; Aux racines du Vivant\u201c<\/strong> im <b>Naturhistorischen und Ethnographischen Museum<\/b> ein.\u00a0 Es besteht zudem die M\u00f6glichkeit, die Schongauer-Madonna mit Rosenbusch im Unterlinden-Museum sowie den Ostermarkt der Stadt zu besuchen.<br \/>\n<\/span><\/div>\n<div dir=\"ltr\"><span style=\"font-size: 12pt\">Treffpunkt f\u00fcr die Anreise mit dem Zug ist<strong> um 9:20 Uhr in der zentralen Halle des Stra\u00dfburger Bahnhofs ,<\/strong> R\u00fcckkehr gegen 18:40 Uhr. Rucksackverpflegung m\u00f6glich, sowie zahlreiche Verk\u00f6stigungsm\u00f6glichkeiten in der Stadt. Unkostenbeteiligung pro Person 15 Euro f\u00fcr Fahrtkosten und Museumseintritt.<\/span><\/div>\n<div dir=\"ltr\">\n<div id='gallery-1' class='gallery galleryid-4747 gallery-columns-2 gallery-size-medium'><figure class='gallery-item'>\n\t\t\t<div class='gallery-icon portrait'>\n\t\t\t\t<a href='https:\/\/azqs.com\/gartenjardin\/de\/2025\/04\/samstag-5-april-colmar\/colmar-1-3\/'><img loading=\"lazy\" decoding=\"async\" width=\"225\" height=\"300\" src=\"https:\/\/azqs.com\/gartenjardin\/files\/2025\/04\/Colmar-1-2-225x300.jpg\" class=\"attachment-medium size-medium\" alt=\"\" srcset=\"https:\/\/azqs.com\/gartenjardin\/files\/2025\/04\/Colmar-1-2-225x300.jpg 225w, https:\/\/azqs.com\/gartenjardin\/files\/2025\/04\/Colmar-1-2.jpg 581w\" sizes=\"(max-width: 225px) 100vw, 225px\" \/><\/a>\n\t\t\t<\/div><\/figure><figure class='gallery-item'>\n\t\t\t<div class='gallery-icon portrait'>\n\t\t\t\t<a href='https:\/\/azqs.com\/gartenjardin\/de\/2025\/04\/samstag-5-april-colmar\/colmar-groupe-3\/'><img loading=\"lazy\" decoding=\"async\" width=\"225\" height=\"300\" src=\"https:\/\/azqs.com\/gartenjardin\/files\/2025\/04\/Colmar-groupe-2-225x300.jpg\" class=\"attachment-medium size-medium\" alt=\"\" srcset=\"https:\/\/azqs.com\/gartenjardin\/files\/2025\/04\/Colmar-groupe-2-225x300.jpg 225w, https:\/\/azqs.com\/gartenjardin\/files\/2025\/04\/Colmar-groupe-2.jpg 581w\" sizes=\"(max-width: 225px) 100vw, 225px\" \/><\/a>\n\t\t\t<\/div><\/figure><figure class='gallery-item'>\n\t\t\t<div class='gallery-icon portrait'>\n\t\t\t\t<a href='https:\/\/azqs.com\/gartenjardin\/de\/2025\/04\/samstag-5-april-colmar\/colmar-paques-3\/'><img loading=\"lazy\" decoding=\"async\" width=\"225\" height=\"300\" src=\"https:\/\/azqs.com\/gartenjardin\/files\/2025\/04\/Colmar-Paques-2-225x300.jpg\" class=\"attachment-medium size-medium\" alt=\"\" srcset=\"https:\/\/azqs.com\/gartenjardin\/files\/2025\/04\/Colmar-Paques-2-225x300.jpg 225w, https:\/\/azqs.com\/gartenjardin\/files\/2025\/04\/Colmar-Paques-2-rotated.jpg 480w\" sizes=\"(max-width: 225px) 100vw, 225px\" \/><\/a>\n\t\t\t<\/div><\/figure><figure class='gallery-item'>\n\t\t\t<div class='gallery-icon portrait'>\n\t\t\t\t<a href='https:\/\/azqs.com\/gartenjardin\/de\/2025\/04\/samstag-5-april-colmar\/atelier-reliure-3\/'><img loading=\"lazy\" decoding=\"async\" width=\"225\" height=\"300\" src=\"https:\/\/azqs.com\/gartenjardin\/files\/2025\/04\/atelier-reliure-2-225x300.jpg\" class=\"attachment-medium size-medium\" alt=\"\" srcset=\"https:\/\/azqs.com\/gartenjardin\/files\/2025\/04\/atelier-reliure-2-225x300.jpg 225w, https:\/\/azqs.com\/gartenjardin\/files\/2025\/04\/atelier-reliure-2-rotated.jpg 480w\" sizes=\"(max-width: 225px) 100vw, 225px\" \/><\/a>\n\t\t\t<\/div><\/figure>\n\t\t<\/div>\n\n<\/div>\n<div dir=\"ltr\">\n<div id='gallery-2' class='gallery galleryid-4747 gallery-columns-2 gallery-size-medium'><figure class='gallery-item'>\n\t\t\t<div class='gallery-icon landscape'>\n\t\t\t\t<a href='https:\/\/azqs.com\/gartenjardin\/de\/2025\/04\/samstag-5-april-colmar\/t-rex-4\/'><img loading=\"lazy\" decoding=\"async\" width=\"300\" height=\"225\" src=\"https:\/\/azqs.com\/gartenjardin\/files\/2025\/04\/T-rex-3-300x225.jpg\" class=\"attachment-medium size-medium\" alt=\"\" srcset=\"https:\/\/azqs.com\/gartenjardin\/files\/2025\/04\/T-rex-3-300x225.jpg 300w, https:\/\/azqs.com\/gartenjardin\/files\/2025\/04\/T-rex-3-1024x768.jpg 1024w, https:\/\/azqs.com\/gartenjardin\/files\/2025\/04\/T-rex-3-768x576.jpg 768w, https:\/\/azqs.com\/gartenjardin\/files\/2025\/04\/T-rex-3-1536x1152.jpg 1536w, https:\/\/azqs.com\/gartenjardin\/files\/2025\/04\/T-rex-3-2048x1536.jpg 2048w\" sizes=\"(max-width: 300px) 100vw, 300px\" \/><\/a>\n\t\t\t<\/div><\/figure><figure class='gallery-item'>\n\t\t\t<div class='gallery-icon landscape'>\n\t\t\t\t<a href='https:\/\/azqs.com\/gartenjardin\/de\/2025\/04\/samstag-5-april-colmar\/bibliothequedominicains-4\/'><img loading=\"lazy\" decoding=\"async\" width=\"300\" height=\"225\" src=\"https:\/\/azqs.com\/gartenjardin\/files\/2025\/04\/bibliothequeDominicains-3-300x225.jpg\" class=\"attachment-medium size-medium\" alt=\"\" srcset=\"https:\/\/azqs.com\/gartenjardin\/files\/2025\/04\/bibliothequeDominicains-3-300x225.jpg 300w, https:\/\/azqs.com\/gartenjardin\/files\/2025\/04\/bibliothequeDominicains-3-1024x768.jpg 1024w, https:\/\/azqs.com\/gartenjardin\/files\/2025\/04\/bibliothequeDominicains-3-768x576.jpg 768w, https:\/\/azqs.com\/gartenjardin\/files\/2025\/04\/bibliothequeDominicains-3-1536x1152.jpg 1536w, https:\/\/azqs.com\/gartenjardin\/files\/2025\/04\/bibliothequeDominicains-3-2048x1536.jpg 2048w\" sizes=\"(max-width: 300px) 100vw, 300px\" \/><\/a>\n\t\t\t<\/div><\/figure><figure class='gallery-item'>\n\t\t\t<div class='gallery-icon landscape'>\n\t\t\t\t<a href='https:\/\/azqs.com\/gartenjardin\/de\/2025\/04\/samstag-5-april-colmar\/manuscrit-3\/'><img loading=\"lazy\" decoding=\"async\" width=\"300\" height=\"225\" src=\"https:\/\/azqs.com\/gartenjardin\/files\/2025\/04\/manuscrit-2-300x225.jpg\" class=\"attachment-medium size-medium\" alt=\"\" srcset=\"https:\/\/azqs.com\/gartenjardin\/files\/2025\/04\/manuscrit-2-300x225.jpg 300w, https:\/\/azqs.com\/gartenjardin\/files\/2025\/04\/manuscrit-2.jpg 640w\" sizes=\"(max-width: 300px) 100vw, 300px\" \/><\/a>\n\t\t\t<\/div><\/figure><figure class='gallery-item'>\n\t\t\t<div class='gallery-icon landscape'>\n\t\t\t\t<a href='https:\/\/azqs.com\/gartenjardin\/de\/2025\/04\/samstag-5-april-colmar\/reliure-groupe-2\/'><img loading=\"lazy\" decoding=\"async\" width=\"300\" height=\"225\" src=\"https:\/\/azqs.com\/gartenjardin\/files\/2025\/04\/reliure-groupe-1-300x225.jpg\" class=\"attachment-medium size-medium\" alt=\"\" srcset=\"https:\/\/azqs.com\/gartenjardin\/files\/2025\/04\/reliure-groupe-1-300x225.jpg 300w, https:\/\/azqs.com\/gartenjardin\/files\/2025\/04\/reliure-groupe-1-1024x768.jpg 1024w, https:\/\/azqs.com\/gartenjardin\/files\/2025\/04\/reliure-groupe-1-768x576.jpg 768w, https:\/\/azqs.com\/gartenjardin\/files\/2025\/04\/reliure-groupe-1-1536x1152.jpg 1536w, https:\/\/azqs.com\/gartenjardin\/files\/2025\/04\/reliure-groupe-1-2048x1536.jpg 2048w\" sizes=\"(max-width: 300px) 100vw, 300px\" \/><\/a>\n\t\t\t<\/div><\/figure>\n\t\t<\/div>\n\n<\/div>\n<div dir=\"ltr\">\n<p><span style=\"font-size: 12pt\">Siebzehn Personen in einem sonnigen, \u00f6sterlich geschm\u00fcckten Colmar und tolle Entdeckungen. Das Naturkundemuseum, sein T-Rex, seine \u00e4gyptischen Mumien (die einzigen im Grand Est) und die Ausstellung Paleobotanica (wie die Pflanzen entstanden sind). Dann f\u00fcr die einen die Ausstellung der Vogesenkuh. F\u00fcr die anderen die wundersch\u00f6ne Dominikanerbibliothek, die die sch\u00f6nste Sammlung von Manuskripten und Inkunabeln au\u00dferhalb von Paris beherbergt, mit der ausnahmsweise ge\u00f6ffneten Buchbinderei.<\/span><\/p>\n<p>&nbsp;<\/p>\n<\/div>\n","protected":false},"excerpt":{"rendered":"<p>\u00a0 Am Samstag, 5. April, l\u00e4dt der Verein zu einen Spaziergang durch Colmar und die Ausstellung \u201ePaleobotanica &#8211; Aux racines du Vivant\u201c im Naturhistorischen und Ethnographischen Museum ein.\u00a0 Es besteht zudem die M\u00f6glichkeit, die Schongauer-Madonna mit Rosenbusch im Unterlinden-Museum sowie <a class=\"more-link\" href=\"https:\/\/azqs.com\/gartenjardin\/de\/2025\/04\/samstag-5-april-colmar\/\">Continuer la lecture <span class=\"screen-reader-text\">  Samstag 5. April, Colmar<\/span><span class=\"meta-nav\">&rarr;<\/span><\/a><\/p>\n","protected":false},"author":298,"featured_media":0,"comment_status":"closed","ping_status":"closed","sticky":false,"template":"","format":"standard","meta":{"footnotes":""},"categories":[101],"tags":[],"class_list":["post-4747","post","type-post","status-publish","format-standard","hentry","category-de-activite"],"_links":{"self":[{"href":"https:\/\/azqs.com\/gartenjardin\/wp-json\/wp\/v2\/posts\/4747"}],"collection":[{"href":"https:\/\/azqs.com\/gartenjardin\/wp-json\/wp\/v2\/posts"}],"about":[{"href":"https:\/\/azqs.com\/gartenjardin\/wp-json\/wp\/v2\/types\/post"}],"author":[{"embeddable":true,"href":"https:\/\/azqs.com\/gartenjardin\/wp-json\/wp\/v2\/users\/298"}],"replies":[{"embeddable":true,"href":"https:\/\/azqs.com\/gartenjardin\/wp-json\/wp\/v2\/comments?post=4747"}],"version-history":[{"count":3,"href":"https:\/\/azqs.com\/gartenjardin\/wp-json\/wp\/v2\/posts\/4747\/revisions"}],"predecessor-version":[{"id":4792,"href":"https:\/\/azqs.com\/gartenjardin\/wp-json\/wp\/v2\/posts\/4747\/revisions\/4792"}],"wp:attachment":[{"href":"https:\/\/azqs.com\/gartenjardin\/wp-json\/wp\/v2\/media?parent=4747"}],"wp:term":[{"taxonomy":"category","embeddable":true,"href":"https:\/\/azqs.com\/gartenjardin\/wp-json\/wp\/v2\/categories?post=4747"},{"taxonomy":"post_tag","embeddable":true,"href":"https:\/\/azqs.com\/gartenjardin\/wp-json\/wp\/v2\/tags?post=4747"}],"curies":[{"name":"wp","href":"https:\/\/api.w.org\/{rel}","templated":true}]}}