{"id":4745,"date":"2025-04-02T21:27:47","date_gmt":"2025-04-02T20:27:47","guid":{"rendered":"https:\/\/azqs.com\/gartenjardin\/?p=4745"},"modified":"2025-04-15T00:00:43","modified_gmt":"2025-04-14T23:00:43","slug":"samedi-5-avril-colmar","status":"publish","type":"post","link":"https:\/\/azqs.com\/gartenjardin\/fr\/2025\/04\/samedi-5-avril-colmar\/","title":{"rendered":"Samedi 5 avril, Colmar"},"content":{"rendered":"<div dir=\"ltr\">Le <b><span id=\"OBJ_PREFIX_DWT274_com_zimbra_date\" class=\"Object\" role=\"link\">samedi<\/span> 5 avril,<\/b> l&rsquo;association vous propose une promenade dans <b>Colmar<\/b> autour de l&rsquo;exposition <strong>\u00ab\u00a0Paleobotanica &#8211; Aux racines du Vivant\u00a0\u00bb <\/strong>au Mus\u00e9e d&rsquo;Histoire Naturelle avec possibilit\u00e9 d\u2019encha\u00eener sur la Vierge au buisson de Rose de Schongauer et le March\u00e9 de P\u00e2ques de la ville.<\/div>\n<div dir=\"ltr\">\n<p>Nous nous y rendrons en train:<strong> rendez-vous \u00e0 9h20 dans le hall central de la gare de Strasbourg<\/strong>, retour vers 18h40. Repas tir\u00e9 du sac avec nombreuses possibilit\u00e9 de restauration sur place. Pr\u00e9voir 15 euros (voyage + entr\u00e9e mus\u00e9e)<\/p>\n<div id='gallery-1' class='gallery galleryid-4745 gallery-columns-2 gallery-size-medium'><figure class='gallery-item'>\n\t\t\t<div class='gallery-icon portrait'>\n\t\t\t\t<a href='https:\/\/azqs.com\/gartenjardin\/fr\/2025\/04\/samedi-5-avril-colmar\/colmar-1\/'><img loading=\"lazy\" decoding=\"async\" width=\"225\" height=\"300\" src=\"https:\/\/azqs.com\/gartenjardin\/files\/2025\/04\/Colmar-1-225x300.jpg\" class=\"attachment-medium size-medium\" alt=\"\" srcset=\"https:\/\/azqs.com\/gartenjardin\/files\/2025\/04\/Colmar-1-225x300.jpg 225w, https:\/\/azqs.com\/gartenjardin\/files\/2025\/04\/Colmar-1.jpg 581w\" sizes=\"(max-width: 225px) 100vw, 225px\" \/><\/a>\n\t\t\t<\/div><\/figure><figure class='gallery-item'>\n\t\t\t<div class='gallery-icon portrait'>\n\t\t\t\t<a href='https:\/\/azqs.com\/gartenjardin\/fr\/2025\/04\/samedi-5-avril-colmar\/colmar-groupe\/'><img loading=\"lazy\" decoding=\"async\" width=\"225\" height=\"300\" src=\"https:\/\/azqs.com\/gartenjardin\/files\/2025\/04\/Colmar-groupe-225x300.jpg\" class=\"attachment-medium size-medium\" alt=\"\" srcset=\"https:\/\/azqs.com\/gartenjardin\/files\/2025\/04\/Colmar-groupe-225x300.jpg 225w, https:\/\/azqs.com\/gartenjardin\/files\/2025\/04\/Colmar-groupe.jpg 581w\" sizes=\"(max-width: 225px) 100vw, 225px\" \/><\/a>\n\t\t\t<\/div><\/figure><figure class='gallery-item'>\n\t\t\t<div class='gallery-icon portrait'>\n\t\t\t\t<a href='https:\/\/azqs.com\/gartenjardin\/fr\/2025\/04\/samedi-5-avril-colmar\/colmar-paques\/'><img loading=\"lazy\" decoding=\"async\" width=\"225\" height=\"300\" src=\"https:\/\/azqs.com\/gartenjardin\/files\/2025\/04\/Colmar-Paques-225x300.jpg\" class=\"attachment-medium size-medium\" alt=\"\" srcset=\"https:\/\/azqs.com\/gartenjardin\/files\/2025\/04\/Colmar-Paques-225x300.jpg 225w, https:\/\/azqs.com\/gartenjardin\/files\/2025\/04\/Colmar-Paques-rotated.jpg 480w\" sizes=\"(max-width: 225px) 100vw, 225px\" \/><\/a>\n\t\t\t<\/div><\/figure><figure class='gallery-item'>\n\t\t\t<div class='gallery-icon portrait'>\n\t\t\t\t<a href='https:\/\/azqs.com\/gartenjardin\/fr\/2025\/04\/samedi-5-avril-colmar\/atelier-reliure\/'><img loading=\"lazy\" decoding=\"async\" width=\"225\" height=\"300\" src=\"https:\/\/azqs.com\/gartenjardin\/files\/2025\/04\/atelier-reliure-225x300.jpg\" class=\"attachment-medium size-medium\" alt=\"\" srcset=\"https:\/\/azqs.com\/gartenjardin\/files\/2025\/04\/atelier-reliure-225x300.jpg 225w, https:\/\/azqs.com\/gartenjardin\/files\/2025\/04\/atelier-reliure-rotated.jpg 480w\" sizes=\"(max-width: 225px) 100vw, 225px\" \/><\/a>\n\t\t\t<\/div><\/figure><figure class='gallery-item'>\n\t\t\t<div class='gallery-icon landscape'>\n\t\t\t\t<a href='https:\/\/azqs.com\/gartenjardin\/fr\/2025\/04\/samedi-5-avril-colmar\/t-rex\/'><img loading=\"lazy\" decoding=\"async\" width=\"300\" height=\"225\" src=\"https:\/\/azqs.com\/gartenjardin\/files\/2025\/04\/T-rex-300x225.jpg\" class=\"attachment-medium size-medium\" alt=\"\" srcset=\"https:\/\/azqs.com\/gartenjardin\/files\/2025\/04\/T-rex-300x225.jpg 300w, https:\/\/azqs.com\/gartenjardin\/files\/2025\/04\/T-rex-1024x768.jpg 1024w, https:\/\/azqs.com\/gartenjardin\/files\/2025\/04\/T-rex-768x576.jpg 768w, https:\/\/azqs.com\/gartenjardin\/files\/2025\/04\/T-rex-1536x1152.jpg 1536w, https:\/\/azqs.com\/gartenjardin\/files\/2025\/04\/T-rex-2048x1536.jpg 2048w\" sizes=\"(max-width: 300px) 100vw, 300px\" \/><\/a>\n\t\t\t<\/div><\/figure><figure class='gallery-item'>\n\t\t\t<div class='gallery-icon landscape'>\n\t\t\t\t<a href='https:\/\/azqs.com\/gartenjardin\/fr\/2025\/04\/samedi-5-avril-colmar\/bibliothequedominicains\/'><img loading=\"lazy\" decoding=\"async\" width=\"300\" height=\"225\" src=\"https:\/\/azqs.com\/gartenjardin\/files\/2025\/04\/bibliothequeDominicains-300x225.jpg\" class=\"attachment-medium size-medium\" alt=\"\" srcset=\"https:\/\/azqs.com\/gartenjardin\/files\/2025\/04\/bibliothequeDominicains-300x225.jpg 300w, https:\/\/azqs.com\/gartenjardin\/files\/2025\/04\/bibliothequeDominicains-1024x768.jpg 1024w, https:\/\/azqs.com\/gartenjardin\/files\/2025\/04\/bibliothequeDominicains-768x576.jpg 768w, https:\/\/azqs.com\/gartenjardin\/files\/2025\/04\/bibliothequeDominicains-1536x1152.jpg 1536w, https:\/\/azqs.com\/gartenjardin\/files\/2025\/04\/bibliothequeDominicains-2048x1536.jpg 2048w\" sizes=\"(max-width: 300px) 100vw, 300px\" \/><\/a>\n\t\t\t<\/div><\/figure><figure class='gallery-item'>\n\t\t\t<div class='gallery-icon landscape'>\n\t\t\t\t<a href='https:\/\/azqs.com\/gartenjardin\/fr\/2025\/04\/samedi-5-avril-colmar\/manuscrit\/'><img loading=\"lazy\" decoding=\"async\" width=\"300\" height=\"225\" src=\"https:\/\/azqs.com\/gartenjardin\/files\/2025\/04\/manuscrit-300x225.jpg\" class=\"attachment-medium size-medium\" alt=\"\" srcset=\"https:\/\/azqs.com\/gartenjardin\/files\/2025\/04\/manuscrit-300x225.jpg 300w, https:\/\/azqs.com\/gartenjardin\/files\/2025\/04\/manuscrit.jpg 640w\" sizes=\"(max-width: 300px) 100vw, 300px\" \/><\/a>\n\t\t\t<\/div><\/figure><figure class='gallery-item'>\n\t\t\t<div class='gallery-icon landscape'>\n\t\t\t\t<a href='https:\/\/azqs.com\/gartenjardin\/fr\/2025\/04\/samedi-5-avril-colmar\/reliure-groupe\/'><img loading=\"lazy\" decoding=\"async\" width=\"300\" height=\"225\" src=\"https:\/\/azqs.com\/gartenjardin\/files\/2025\/04\/reliure-groupe-300x225.jpg\" class=\"attachment-medium size-medium\" alt=\"\" srcset=\"https:\/\/azqs.com\/gartenjardin\/files\/2025\/04\/reliure-groupe-300x225.jpg 300w, https:\/\/azqs.com\/gartenjardin\/files\/2025\/04\/reliure-groupe-1024x768.jpg 1024w, https:\/\/azqs.com\/gartenjardin\/files\/2025\/04\/reliure-groupe-768x576.jpg 768w, https:\/\/azqs.com\/gartenjardin\/files\/2025\/04\/reliure-groupe-1536x1152.jpg 1536w, https:\/\/azqs.com\/gartenjardin\/files\/2025\/04\/reliure-groupe-2048x1536.jpg 2048w\" sizes=\"(max-width: 300px) 100vw, 300px\" \/><\/a>\n\t\t\t<\/div><\/figure>\n\t\t<\/div>\n\n<p><span style=\"font-size: 12pt;font-family: times new roman, times, serif\">Dix-sept personnes dans un Colmar ensoleill\u00e9 et d\u00e9cor\u00e9 pour P\u00e2ques et de belles d\u00e9couvertes.\u00a0\u00a0\u00a0\u00a0\u00a0\u00a0\u00a0\u00a0\u00a0\u00a0\u00a0\u00a0\u00a0\u00a0\u00a0\u00a0\u00a0\u00a0\u00a0\u00a0\u00a0\u00a0\u00a0\u00a0\u00a0\u00a0\u00a0 <\/span><span style=\"font-size: 12pt;font-family: times new roman, times, serif\">Le mus\u00e9e d&rsquo;histoire naturelle, son T-Rex, ses momies \u00e9gyptiennes (les seules du Grand Est) et l&rsquo;exposition Paleobotanica (comment sont apparues les plante. Puis pour certains le Salon de la vache Vosgienne. Pour\u00a0 les autres la magnifique biblioth\u00e8que des Dominicains qui abrite la plus belles collection de manuscrits et d&rsquo;incunables hors Paris, avec exceptionnellement l&rsquo;ouverture de l&rsquo;atelier de reliure.<\/span><\/p>\n<\/div>\n","protected":false},"excerpt":{"rendered":"<p>Le samedi 5 avril, l&rsquo;association vous propose une promenade dans Colmar autour de l&rsquo;exposition \u00ab\u00a0Paleobotanica &#8211; Aux racines du Vivant\u00a0\u00bb au Mus\u00e9e d&rsquo;Histoire Naturelle avec possibilit\u00e9 d\u2019encha\u00eener sur la Vierge au buisson de Rose de Schongauer et le March\u00e9 de <a class=\"more-link\" href=\"https:\/\/azqs.com\/gartenjardin\/fr\/2025\/04\/samedi-5-avril-colmar\/\">Continuer la lecture <span class=\"screen-reader-text\">  Samedi 5 avril, Colmar<\/span><span class=\"meta-nav\">&rarr;<\/span><\/a><\/p>\n","protected":false},"author":298,"featured_media":0,"comment_status":"closed","ping_status":"closed","sticky":false,"template":"","format":"standard","meta":{"footnotes":""},"categories":[39],"tags":[],"class_list":["post-4745","post","type-post","status-publish","format-standard","hentry","category-actvites"],"_links":{"self":[{"href":"https:\/\/azqs.com\/gartenjardin\/wp-json\/wp\/v2\/posts\/4745"}],"collection":[{"href":"https:\/\/azqs.com\/gartenjardin\/wp-json\/wp\/v2\/posts"}],"about":[{"href":"https:\/\/azqs.com\/gartenjardin\/wp-json\/wp\/v2\/types\/post"}],"author":[{"embeddable":true,"href":"https:\/\/azqs.com\/gartenjardin\/wp-json\/wp\/v2\/users\/298"}],"replies":[{"embeddable":true,"href":"https:\/\/azqs.com\/gartenjardin\/wp-json\/wp\/v2\/comments?post=4745"}],"version-history":[{"count":4,"href":"https:\/\/azqs.com\/gartenjardin\/wp-json\/wp\/v2\/posts\/4745\/revisions"}],"predecessor-version":[{"id":4782,"href":"https:\/\/azqs.com\/gartenjardin\/wp-json\/wp\/v2\/posts\/4745\/revisions\/4782"}],"wp:attachment":[{"href":"https:\/\/azqs.com\/gartenjardin\/wp-json\/wp\/v2\/media?parent=4745"}],"wp:term":[{"taxonomy":"category","embeddable":true,"href":"https:\/\/azqs.com\/gartenjardin\/wp-json\/wp\/v2\/categories?post=4745"},{"taxonomy":"post_tag","embeddable":true,"href":"https:\/\/azqs.com\/gartenjardin\/wp-json\/wp\/v2\/tags?post=4745"}],"curies":[{"name":"wp","href":"https:\/\/api.w.org\/{rel}","templated":true}]}}