{"id":4739,"date":"2025-04-01T21:20:58","date_gmt":"2025-04-01T20:20:58","guid":{"rendered":"https:\/\/azqs.com\/gartenjardin\/?p=4739"},"modified":"2025-04-06T09:25:57","modified_gmt":"2025-04-06T08:25:57","slug":"mercredi-2-avril-cafe-kuchen","status":"publish","type":"post","link":"https:\/\/azqs.com\/gartenjardin\/fr\/2025\/04\/mercredi-2-avril-cafe-kuchen\/","title":{"rendered":"mercredi 2 avril Caf\u00e9-Kuchen"},"content":{"rendered":"<div dir=\"ltr\"><i>\u00a0<\/i><\/div>\n<div dir=\"ltr\">Les beaux jours revenant l&rsquo;association Garten\/\/Jardin vous propose deux sorties printani\u00e8res<\/div>\n<div dir=\"ltr\">Le <b><span id=\"OBJ_PREFIX_DWT273_com_zimbra_date\" class=\"Object\" role=\"link\">mercredi<\/span> 2 avril,<\/b> la traditionnelle rencontre Caf\u00e9-Kuchen avec les Amis de la Passerelle <b>\u00e0 16h <\/b>sera pr\u00e9c\u00e9d\u00e9e d&rsquo;une <b>balade cycliste \u00e0 14h <\/b>Rendez-vous (pour les deux \u00e9v\u00e9nements) sur la <b>plate-forme centrale de la passerelle des Deux-Rives<\/b>. Pour la rencontre, pr\u00e9voyez de quoi partager en plus de vos verre et couverts.<\/div>\n<div dir=\"ltr\">\n<div id='gallery-1' class='gallery galleryid-4739 gallery-columns-3 gallery-size-medium'><figure class='gallery-item'>\n\t\t\t<div class='gallery-icon landscape'>\n\t\t\t\t<a href='https:\/\/azqs.com\/gartenjardin\/fr\/2025\/04\/mercredi-2-avril-cafe-kuchen\/printempsj2r\/'><img loading=\"lazy\" decoding=\"async\" width=\"300\" height=\"225\" src=\"https:\/\/azqs.com\/gartenjardin\/files\/2025\/04\/printempsJ2R-300x225.jpg\" class=\"attachment-medium size-medium\" alt=\"\" srcset=\"https:\/\/azqs.com\/gartenjardin\/files\/2025\/04\/printempsJ2R-300x225.jpg 300w, https:\/\/azqs.com\/gartenjardin\/files\/2025\/04\/printempsJ2R-1024x768.jpg 1024w, https:\/\/azqs.com\/gartenjardin\/files\/2025\/04\/printempsJ2R-768x576.jpg 768w, https:\/\/azqs.com\/gartenjardin\/files\/2025\/04\/printempsJ2R-1536x1152.jpg 1536w, https:\/\/azqs.com\/gartenjardin\/files\/2025\/04\/printempsJ2R-2048x1536.jpg 2048w\" sizes=\"(max-width: 300px) 100vw, 300px\" \/><\/a>\n\t\t\t<\/div><\/figure><figure class='gallery-item'>\n\t\t\t<div class='gallery-icon portrait'>\n\t\t\t\t<a href='https:\/\/azqs.com\/gartenjardin\/fr\/2025\/04\/mercredi-2-avril-cafe-kuchen\/cyclistes\/'><img loading=\"lazy\" decoding=\"async\" width=\"296\" height=\"300\" src=\"https:\/\/azqs.com\/gartenjardin\/files\/2025\/04\/cyclistes-296x300.jpg\" class=\"attachment-medium size-medium\" alt=\"\" srcset=\"https:\/\/azqs.com\/gartenjardin\/files\/2025\/04\/cyclistes-296x300.jpg 296w, https:\/\/azqs.com\/gartenjardin\/files\/2025\/04\/cyclistes-1010x1024.jpg 1010w, https:\/\/azqs.com\/gartenjardin\/files\/2025\/04\/cyclistes-768x778.jpg 768w, https:\/\/azqs.com\/gartenjardin\/files\/2025\/04\/cyclistes-1516x1536.jpg 1516w, https:\/\/azqs.com\/gartenjardin\/files\/2025\/04\/cyclistes-2021x2048.jpg 2021w\" sizes=\"(max-width: 296px) 100vw, 296px\" \/><\/a>\n\t\t\t<\/div><\/figure><figure class='gallery-item'>\n\t\t\t<div class='gallery-icon landscape'>\n\t\t\t\t<a href='https:\/\/azqs.com\/gartenjardin\/fr\/2025\/04\/mercredi-2-avril-cafe-kuchen\/printemps-passerelle\/'><img loading=\"lazy\" decoding=\"async\" width=\"300\" height=\"225\" src=\"https:\/\/azqs.com\/gartenjardin\/files\/2025\/04\/printemps-passerelle-300x225.jpg\" class=\"attachment-medium size-medium\" alt=\"\" srcset=\"https:\/\/azqs.com\/gartenjardin\/files\/2025\/04\/printemps-passerelle-300x225.jpg 300w, https:\/\/azqs.com\/gartenjardin\/files\/2025\/04\/printemps-passerelle-1024x768.jpg 1024w, https:\/\/azqs.com\/gartenjardin\/files\/2025\/04\/printemps-passerelle-768x576.jpg 768w, https:\/\/azqs.com\/gartenjardin\/files\/2025\/04\/printemps-passerelle-1536x1152.jpg 1536w, https:\/\/azqs.com\/gartenjardin\/files\/2025\/04\/printemps-passerelle.jpg 2016w\" sizes=\"(max-width: 300px) 100vw, 300px\" \/><\/a>\n\t\t\t<\/div><\/figure>\n\t\t<\/div>\n\n<\/div>\n<div dir=\"ltr\">Pour la premi\u00e8re rencontre de printemps, 6 cyclistes vers le parc de l&rsquo;Orangerie \u00e0 Strasbourg, puis une quarantaine de personnes, sous le vent et le soleil.<\/div>\n","protected":false},"excerpt":{"rendered":"<p>\u00a0 Les beaux jours revenant l&rsquo;association Garten\/\/Jardin vous propose deux sorties printani\u00e8res Le mercredi 2 avril, la traditionnelle rencontre Caf\u00e9-Kuchen avec les Amis de la Passerelle \u00e0 16h sera pr\u00e9c\u00e9d\u00e9e d&rsquo;une balade cycliste \u00e0 14h Rendez-vous (pour les deux \u00e9v\u00e9nements) <a class=\"more-link\" href=\"https:\/\/azqs.com\/gartenjardin\/fr\/2025\/04\/mercredi-2-avril-cafe-kuchen\/\">Continuer la lecture <span class=\"screen-reader-text\">  mercredi 2 avril Caf\u00e9-Kuchen<\/span><span class=\"meta-nav\">&rarr;<\/span><\/a><\/p>\n","protected":false},"author":298,"featured_media":0,"comment_status":"closed","ping_status":"closed","sticky":false,"template":"","format":"standard","meta":{"footnotes":""},"categories":[39],"tags":[],"class_list":["post-4739","post","type-post","status-publish","format-standard","hentry","category-actvites"],"_links":{"self":[{"href":"https:\/\/azqs.com\/gartenjardin\/wp-json\/wp\/v2\/posts\/4739"}],"collection":[{"href":"https:\/\/azqs.com\/gartenjardin\/wp-json\/wp\/v2\/posts"}],"about":[{"href":"https:\/\/azqs.com\/gartenjardin\/wp-json\/wp\/v2\/types\/post"}],"author":[{"embeddable":true,"href":"https:\/\/azqs.com\/gartenjardin\/wp-json\/wp\/v2\/users\/298"}],"replies":[{"embeddable":true,"href":"https:\/\/azqs.com\/gartenjardin\/wp-json\/wp\/v2\/comments?post=4739"}],"version-history":[{"count":4,"href":"https:\/\/azqs.com\/gartenjardin\/wp-json\/wp\/v2\/posts\/4739\/revisions"}],"predecessor-version":[{"id":4755,"href":"https:\/\/azqs.com\/gartenjardin\/wp-json\/wp\/v2\/posts\/4739\/revisions\/4755"}],"wp:attachment":[{"href":"https:\/\/azqs.com\/gartenjardin\/wp-json\/wp\/v2\/media?parent=4739"}],"wp:term":[{"taxonomy":"category","embeddable":true,"href":"https:\/\/azqs.com\/gartenjardin\/wp-json\/wp\/v2\/categories?post=4739"},{"taxonomy":"post_tag","embeddable":true,"href":"https:\/\/azqs.com\/gartenjardin\/wp-json\/wp\/v2\/tags?post=4739"}],"curies":[{"name":"wp","href":"https:\/\/api.w.org\/{rel}","templated":true}]}}