{"id":4729,"date":"2025-03-11T22:57:39","date_gmt":"2025-03-11T21:57:39","guid":{"rendered":"https:\/\/azqs.com\/gartenjardin\/?p=4729"},"modified":"2025-03-22T20:24:28","modified_gmt":"2025-03-22T19:24:28","slug":"samstag-22-maerz-hauptversammlung","status":"publish","type":"post","link":"https:\/\/azqs.com\/gartenjardin\/de\/2025\/03\/samstag-22-maerz-hauptversammlung\/","title":{"rendered":"Samstag 22. M\u00e4rz, Hauptversammlung"},"content":{"rendered":"<h5 class=\"western\" align=\"center\"><span style=\"font-family: Arial, sans-serif\"><span style=\"font-size: x-large\"><span lang=\"de-DE\">Einladung<\/span><\/span><\/span> <span style=\"font-family: Arial, sans-serif\"><span style=\"font-size: x-large\"><span lang=\"de-DE\">zur<\/span><\/span><\/span> <span style=\"font-family: Arial, sans-serif\"><span style=\"font-size: x-large\"><span lang=\"de-DE\">hauptversammlung<\/span><\/span><\/span> <span style=\"font-family: Arial, sans-serif\"><span style=\"font-size: x-large\"><span lang=\"de-DE\">des<\/span><\/span><\/span> <span style=\"font-family: Arial, sans-serif\"><span style=\"font-size: x-large\"><span lang=\"de-DE\">Vereins<\/span><\/span><\/span> <span style=\"font-family: Arial, sans-serif\"><span style=\"font-size: x-large\"><span lang=\"de-DE\">Garten\/\/Jardin<\/span><\/span><\/span><\/h5>\n<h5 class=\"western\" align=\"center\"><span style=\"font-family: Arial, sans-serif\"><span style=\"font-size: x-large\"><span lang=\"de-DE\">Samstag, <\/span><\/span><\/span><span style=\"font-family: Arial, sans-serif\"><span style=\"font-size: x-large\"><span lang=\"de-DE\">2<\/span><\/span><\/span><span style=\"font-family: Arial, sans-serif\"><span style=\"font-size: x-large\"><span lang=\"de-DE\">2<\/span><\/span><\/span><span style=\"font-family: Arial, sans-serif\"><span style=\"font-size: x-large\"><span lang=\"de-DE\">. <\/span><\/span><\/span><span style=\"font-family: Arial, sans-serif\"><span style=\"font-size: x-large\"><span lang=\"de-DE\">M<\/span><\/span><\/span><span style=\"color: #000000\"><span style=\"font-family: Arial, sans-serif\"><span style=\"font-size: x-large\"><span lang=\"de-DE\"><i><b>\u00e4rz<\/b><\/i><\/span><\/span><\/span><\/span> <span style=\"font-family: Arial, sans-serif\"><span style=\"font-size: x-large\"><span lang=\"de-DE\">20<\/span><\/span><\/span><span style=\"font-family: Arial, sans-serif\"><span style=\"font-size: x-large\"><span lang=\"de-DE\">25<\/span><\/span><\/span> <span style=\"font-family: Arial, sans-serif\"><span style=\"font-size: x-large\"><span lang=\"de-DE\">\u2013 <\/span><\/span><\/span><span style=\"font-family: Arial, sans-serif\"><span style=\"font-size: x-large\"><span lang=\"de-DE\">1<\/span><\/span><\/span><span style=\"font-family: Arial, sans-serif\"><span style=\"font-size: x-large\"><span lang=\"de-DE\">1<\/span><\/span><\/span> <span style=\"font-family: Arial, sans-serif\"><span style=\"font-size: x-large\"><span lang=\"de-DE\">Uhr<\/span><\/span><\/span><\/h5>\n<p>&nbsp;<\/p>\n<p class=\"western\" align=\"justify\"><i>Garten\/\/Jardin setzt sein grenz\u00fcberschreitendes Engagement rund um den Garten inder zwei Ufer fort. In diesem Jahr werden wir das zwanzigj\u00e4hrige Bestehen des Rendezvous Caf\u00e9Kuchen\u00a0 feiern und damit die Reihe der Jubil\u00e4en des Vereins und des Gartens abschlie\u00dfen. Die Generalversammlung bietet uns die Gelegenheit, auf einen langen Weg zur\u00fcckzublicken und den Blick in die Zukunft zu richten.<\/i><\/p>\n<p align=\"justify\"><span lang=\"de-DE\"><i>I<\/i><\/span><span lang=\"de-DE\"><i>ch<\/i><\/span><i> <\/i><span lang=\"de-DE\"><i>hoffe,<\/i><\/span><i> <\/i><span lang=\"de-DE\"><i>Sie<\/i><\/span><i> <\/i><span lang=\"de-DE\"><i>bei<\/i><\/span><i> <\/i><span lang=\"de-DE\"><i>der<\/i><\/span><i> <\/i><span lang=\"de-DE\"><i>Hauptversammlung<\/i><\/span><i> <\/i><span lang=\"de-DE\"><i>begr\u00fc\u00dfen<\/i><\/span><i> <\/i><span lang=\"de-DE\"><i>zu<\/i><\/span><i> <\/i><span lang=\"de-DE\"><i>k\u00f6nnen.<\/i><\/span><\/p>\n<p class=\"western\" align=\"justify\"><span lang=\"de-DE\"><u>Tagesordnung<\/u><\/span><span lang=\"de-DE\"><u>\u00a0<\/u><\/span><span lang=\"de-DE\">:<\/span><\/p>\n<p class=\"western\" align=\"justify\"><span lang=\"de-DE\"><b>Hauptversammlung<\/b><\/span><span lang=\"de-DE\"><b> \u2013 <\/b><\/span><span lang=\"de-DE\"><b>1<\/b><\/span><span lang=\"de-DE\"><b>1<\/b><\/span><b> <\/b><span lang=\"de-DE\"><b>Uhr<\/b><\/span><\/p>\n<ol>\n<li>\n<p class=\"western\" align=\"justify\"><span lang=\"de-DE\">Lesung<\/span> <span lang=\"de-DE\">und<\/span> <span lang=\"de-DE\">Abstimmung<\/span><span lang=\"de-DE\"> \u00fcber <\/span><span lang=\"de-DE\">das<\/span> <span lang=\"de-DE\">Protokoll<\/span> <span lang=\"de-DE\">der<\/span> <span lang=\"de-DE\">Hauptversammlung<\/span> <span lang=\"de-DE\">20<\/span><span lang=\"de-DE\">24<\/span><\/p>\n<\/li>\n<li>\n<p class=\"western\" align=\"justify\"><span lang=\"de-DE\">Rechenschaftsbericht<\/span> <span lang=\"de-DE\">der<\/span> <span lang=\"de-DE\">Pr\u00e4sidentin<\/span> <span lang=\"de-DE\">und<\/span> <span lang=\"de-DE\">Bericht<\/span><span lang=\"de-DE\"> \u00fcber <\/span><span lang=\"de-DE\">die<\/span> <span lang=\"de-DE\">Aktivit\u00e4ten<\/span> <span lang=\"de-DE\">des<\/span> <span lang=\"de-DE\">Vereins <\/span><span lang=\"de-DE\">\u2013 <\/span><span lang=\"de-DE\">Entlastung<\/span><\/p>\n<\/li>\n<li>\n<p class=\"western\" align=\"justify\"><span lang=\"de-DE\">Bericht<\/span> <span lang=\"de-DE\">der<\/span> <span lang=\"de-DE\">Kassiererin<\/span><span lang=\"de-DE\"> \u2013 <\/span><span lang=\"de-DE\">Entlastung<\/span><\/p>\n<\/li>\n<li>\n<p class=\"western\" align=\"justify\"><span lang=\"de-DE\">Vorstellung<\/span> <span lang=\"de-DE\">der<\/span> <span lang=\"de-DE\">Kandidaten<\/span> <span lang=\"de-DE\">f\u00fcr<\/span> <span lang=\"de-DE\">den<\/span> <span lang=\"de-DE\">neuen<\/span> <span lang=\"de-DE\">Verwaltungsrat<\/span> <span lang=\"de-DE\">&#8211;<\/span> <span lang=\"de-DE\">Wahl<\/span> <span lang=\"de-DE\">der<\/span> <span lang=\"de-DE\">Mitglieder: nur Mitglieder sind w\u00e4hlbar, die ihren Jahresbeitrag entrichtet haben<\/span><\/p>\n<\/li>\n<li>\n<p class=\"western\" align=\"justify\"><span lang=\"de-DE\">Wahl<\/span> <span lang=\"de-DE\">der<\/span> <span lang=\"de-DE\">beiden<\/span> <span lang=\"de-DE\">Kassenpr\u00fcfer<\/span><\/p>\n<\/li>\n<li>\n<p class=\"western\" align=\"justify\"><span lang=\"de-DE\">Verschiedenes,<\/span> <span lang=\"de-DE\">u.<\/span> <span lang=\"de-DE\">a.<\/span> <span lang=\"de-DE\">Termin<\/span> <span lang=\"de-DE\">des<\/span> <span lang=\"de-DE\">Verwaltungsrats<\/span> <span lang=\"de-DE\">f\u00fcr<\/span> <span lang=\"de-DE\">die<\/span> <span lang=\"de-DE\">Wahl<\/span> <span lang=\"de-DE\">des<\/span> <span lang=\"de-DE\">neuen<\/span> <span lang=\"de-DE\">Vorstandes<\/span><\/p>\n<\/li>\n<\/ol>\n<p class=\"western\" align=\"justify\"><span lang=\"de-DE\"><b>1<\/b><\/span><span lang=\"de-DE\"><b>3<\/b><\/span><b> <\/b><span lang=\"de-DE\"><b>Uhr<\/b><\/span><span lang=\"de-DE\"><b> \u2013 <\/b><\/span><span lang=\"de-DE\"><b>Aperitif<\/b><\/span><\/p>\n<p align=\"justify\"><img loading=\"lazy\" decoding=\"async\" class=\"aligncenter size-large wp-image-4736\" src=\"http:\/\/azqs.com\/gartenjardin\/files\/2025\/03\/AG2025-1-1024x768.jpg\" alt=\"\" width=\"530\" height=\"398\" srcset=\"https:\/\/azqs.com\/gartenjardin\/files\/2025\/03\/AG2025-1-1024x768.jpg 1024w, https:\/\/azqs.com\/gartenjardin\/files\/2025\/03\/AG2025-1-300x225.jpg 300w, https:\/\/azqs.com\/gartenjardin\/files\/2025\/03\/AG2025-1-768x576.jpg 768w, https:\/\/azqs.com\/gartenjardin\/files\/2025\/03\/AG2025-1-1536x1152.jpg 1536w, https:\/\/azqs.com\/gartenjardin\/files\/2025\/03\/AG2025-1-2048x1536.jpg 2048w\" sizes=\"(max-width: 530px) 100vw, 530px\" \/><\/p>\n","protected":false},"excerpt":{"rendered":"<p>Einladung zur hauptversammlung des Vereins Garten\/\/Jardin Samstag, 22. M\u00e4rz 2025 \u2013 11 Uhr &nbsp; Garten\/\/Jardin setzt sein grenz\u00fcberschreitendes Engagement rund um den Garten inder zwei Ufer fort. In diesem Jahr werden wir das zwanzigj\u00e4hrige Bestehen des Rendezvous Caf\u00e9Kuchen\u00a0 feiern und <a class=\"more-link\" href=\"https:\/\/azqs.com\/gartenjardin\/de\/2025\/03\/samstag-22-maerz-hauptversammlung\/\">Continuer la lecture <span class=\"screen-reader-text\">  Samstag 22. M\u00e4rz, Hauptversammlung<\/span><span class=\"meta-nav\">&rarr;<\/span><\/a><\/p>\n","protected":false},"author":298,"featured_media":0,"comment_status":"closed","ping_status":"closed","sticky":false,"template":"","format":"standard","meta":{"footnotes":""},"categories":[90],"tags":[],"class_list":["post-4729","post","type-post","status-publish","format-standard","hentry","category-der-verein"],"_links":{"self":[{"href":"https:\/\/azqs.com\/gartenjardin\/wp-json\/wp\/v2\/posts\/4729"}],"collection":[{"href":"https:\/\/azqs.com\/gartenjardin\/wp-json\/wp\/v2\/posts"}],"about":[{"href":"https:\/\/azqs.com\/gartenjardin\/wp-json\/wp\/v2\/types\/post"}],"author":[{"embeddable":true,"href":"https:\/\/azqs.com\/gartenjardin\/wp-json\/wp\/v2\/users\/298"}],"replies":[{"embeddable":true,"href":"https:\/\/azqs.com\/gartenjardin\/wp-json\/wp\/v2\/comments?post=4729"}],"version-history":[{"count":2,"href":"https:\/\/azqs.com\/gartenjardin\/wp-json\/wp\/v2\/posts\/4729\/revisions"}],"predecessor-version":[{"id":4737,"href":"https:\/\/azqs.com\/gartenjardin\/wp-json\/wp\/v2\/posts\/4729\/revisions\/4737"}],"wp:attachment":[{"href":"https:\/\/azqs.com\/gartenjardin\/wp-json\/wp\/v2\/media?parent=4729"}],"wp:term":[{"taxonomy":"category","embeddable":true,"href":"https:\/\/azqs.com\/gartenjardin\/wp-json\/wp\/v2\/categories?post=4729"},{"taxonomy":"post_tag","embeddable":true,"href":"https:\/\/azqs.com\/gartenjardin\/wp-json\/wp\/v2\/tags?post=4729"}],"curies":[{"name":"wp","href":"https:\/\/api.w.org\/{rel}","templated":true}]}}