{"id":4527,"date":"2025-02-05T21:23:46","date_gmt":"2025-02-05T20:23:46","guid":{"rendered":"https:\/\/azqs.com\/gartenjardin\/?p=4527"},"modified":"2025-02-23T11:19:32","modified_gmt":"2025-02-23T10:19:32","slug":"samstag-8-februar-offenburg-und-gengenbach","status":"publish","type":"post","link":"https:\/\/azqs.com\/gartenjardin\/de\/2025\/02\/samstag-8-februar-offenburg-und-gengenbach\/","title":{"rendered":"Samstag 8. Februar,  Offenburg und Gengenbach"},"content":{"rendered":"<div dir=\"ltr\"><i> Die Stadt <b>Gengenbach<\/b> pflegt ihre Jahrhunderte alten Kinzigt\u00e4ler Fasnachtsbr\u00e4uche. Der Schalk im Niggelturm aufgeweckt werden. In diesem Jahr beginnt das Spektakel am <b>Samstag, 8. Februar,<\/b> um 18 Uhr mit dem <b>Hemdglunker<\/b>. Der Verein Garten\/\/Jardin l\u00e4dt ein, sich zum Entdecken dieses fr\u00f6hlichen Fasnachtstreibens dem Zug der Gengenbacher anzuschlie\u00dfen, die den Narren nach einem Jahr ger\u00e4uschvoll aufwecken (<b>Schalk wach uf!)<\/b>\u00a0 um ihn zum Rathaus zu begleiten, wo er den Schl\u00fcssel der Stadt erh\u00e4lt und w\u00e4hrend seiner \u201eAmtszeit\u201c, die bis zum Fasnachtsdienstag dauert, allerlei Wunder verspricht.<br \/>\n<\/i><\/div>\n<div dir=\"ltr\"><i>\u00a0<\/i><\/div>\n<div dir=\"ltr\"><i>Vor diesem diesem festlich-fr\u00f6hlichen Abend bietet sich ein Zwischenstopp in <b> Offenburg <\/b>an. Dort wird die <b>Ausstellung O(H) WALD i<\/b>n der St\u00e4dtischen Galerie<b> <\/b>am Kulturforum gezeigt, anregende Reflexionen von K\u00fcnstlerinnen und K\u00fcnstlern zum Thema \u00ab\u00a0Wald\u00a0\u00bb.<br \/>\n<\/i><\/div>\n<div dir=\"ltr\"><i><span id=\"OBJ_PREFIX_DWT2563_com_zimbra_url\" class=\"Object\" role=\"link\"><a href=\"https:\/\/galerie-offenburg.de\/ausstellungen\/aktuelle-ausstellung-2\/\" target=\"_blank\" rel=\"nofollow noopener\">https:\/\/galerie-offenburg.de\/ausstellungen\/aktuelle-ausstellung-2\/<\/a><\/span><br \/>\n<\/i><\/div>\n<div dir=\"ltr\"><i>Der Weg vom Bahnhof zum Kulturforum \u00fcber die neu angelegte Gleispromenade ist sehr angenehm.<br \/>\n<\/i><\/div>\n<div dir=\"ltr\"><i>\u00a0<\/i><\/div>\n<div dir=\"ltr\"><i>Treffpunkt f\u00fcr die Bahnfahrt ist <b>um 13:45 Uhr am Bahnhof Kehl.<\/b> R\u00fcckfahrt um 20:23 Uhr oder 21:23 Uhr f\u00fcr diejenigen, die vor Ort essen m\u00f6chten. Kosten pro Person: 6 Euro f\u00fcr die Fahrt ab Kehl, sowie 6 Euro f\u00fcr den Ausstellungsbesuch. Bewohner der Eurometropole k\u00f6nnen einen Europass kaufen, der f\u00fcr die Stra\u00dfburger Verkehrsmittel und bis Gengenbach g\u00fcltig ist (9,60 Euro f\u00fcr einen Erwachsenen, 14,50 Euro f\u00fcr zwei Personen). <\/i><\/div>\n<div dir=\"ltr\">\n<div id='gallery-1' class='gallery galleryid-4527 gallery-columns-2 gallery-size-medium'><figure class='gallery-item'>\n\t\t\t<div class='gallery-icon landscape'>\n\t\t\t\t<a href='https:\/\/azqs.com\/gartenjardin\/de\/2025\/02\/samstag-8-februar-offenburg-und-gengenbach\/gare-2\/'><img loading=\"lazy\" decoding=\"async\" width=\"300\" height=\"225\" src=\"https:\/\/azqs.com\/gartenjardin\/files\/2025\/02\/gare-1-300x225.jpg\" class=\"attachment-medium size-medium\" alt=\"\" srcset=\"https:\/\/azqs.com\/gartenjardin\/files\/2025\/02\/gare-1-300x225.jpg 300w, https:\/\/azqs.com\/gartenjardin\/files\/2025\/02\/gare-1.jpg 640w\" sizes=\"(max-width: 300px) 100vw, 300px\" \/><\/a>\n\t\t\t<\/div><\/figure><figure class='gallery-item'>\n\t\t\t<div class='gallery-icon portrait'>\n\t\t\t\t<a href='https:\/\/azqs.com\/gartenjardin\/de\/2025\/02\/samstag-8-februar-offenburg-und-gengenbach\/image0000041-2\/'><img loading=\"lazy\" decoding=\"async\" width=\"169\" height=\"300\" src=\"https:\/\/azqs.com\/gartenjardin\/files\/2025\/02\/image0000041-1-169x300.jpg\" class=\"attachment-medium size-medium\" alt=\"\" srcset=\"https:\/\/azqs.com\/gartenjardin\/files\/2025\/02\/image0000041-1-169x300.jpg 169w, https:\/\/azqs.com\/gartenjardin\/files\/2025\/02\/image0000041-1-576x1024.jpg 576w, https:\/\/azqs.com\/gartenjardin\/files\/2025\/02\/image0000041-1-768x1365.jpg 768w, https:\/\/azqs.com\/gartenjardin\/files\/2025\/02\/image0000041-1-864x1536.jpg 864w, https:\/\/azqs.com\/gartenjardin\/files\/2025\/02\/image0000041-1.jpg 900w\" sizes=\"(max-width: 169px) 100vw, 169px\" \/><\/a>\n\t\t\t<\/div><\/figure><figure class='gallery-item'>\n\t\t\t<div class='gallery-icon portrait'>\n\t\t\t\t<a href='https:\/\/azqs.com\/gartenjardin\/de\/2025\/02\/samstag-8-februar-offenburg-und-gengenbach\/tour-du-fou-2\/'><img loading=\"lazy\" decoding=\"async\" width=\"225\" height=\"300\" src=\"https:\/\/azqs.com\/gartenjardin\/files\/2025\/02\/tour-du-fou-1-225x300.jpg\" class=\"attachment-medium size-medium\" alt=\"\" srcset=\"https:\/\/azqs.com\/gartenjardin\/files\/2025\/02\/tour-du-fou-1-225x300.jpg 225w, https:\/\/azqs.com\/gartenjardin\/files\/2025\/02\/tour-du-fou-1.jpg 480w\" sizes=\"(max-width: 225px) 100vw, 225px\" \/><\/a>\n\t\t\t<\/div><\/figure><figure class='gallery-item'>\n\t\t\t<div class='gallery-icon landscape'>\n\t\t\t\t<a href='https:\/\/azqs.com\/gartenjardin\/de\/2025\/02\/samstag-8-februar-offenburg-und-gengenbach\/hotel-de-ville-2\/'><img loading=\"lazy\" decoding=\"async\" width=\"300\" height=\"225\" src=\"https:\/\/azqs.com\/gartenjardin\/files\/2025\/02\/hotel-de-ville-1-300x225.jpg\" class=\"attachment-medium size-medium\" alt=\"\" srcset=\"https:\/\/azqs.com\/gartenjardin\/files\/2025\/02\/hotel-de-ville-1-300x225.jpg 300w, https:\/\/azqs.com\/gartenjardin\/files\/2025\/02\/hotel-de-ville-1.jpg 640w\" sizes=\"(max-width: 300px) 100vw, 300px\" \/><\/a>\n\t\t\t<\/div><\/figure>\n\t\t<\/div>\n\n<p>Es lief nicht alles nach Plan, was den Transport anging, aber die Ausstellung O(H) WALD war spannend und der Gengenbacher Narr war da.<\/p>\n<p>Alle, die am Umzug durch Gengenbach teilgenommen haben, waren begeistert, haben gut gegessen und alles in allem war es ein sehr sch\u00f6ner Tag.<\/p>\n<\/div>\n","protected":false},"excerpt":{"rendered":"<p>Die Stadt Gengenbach pflegt ihre Jahrhunderte alten Kinzigt\u00e4ler Fasnachtsbr\u00e4uche. Der Schalk im Niggelturm aufgeweckt werden. In diesem Jahr beginnt das Spektakel am Samstag, 8. Februar, um 18 Uhr mit dem Hemdglunker. Der Verein Garten\/\/Jardin l\u00e4dt ein, sich zum Entdecken dieses <a class=\"more-link\" href=\"https:\/\/azqs.com\/gartenjardin\/de\/2025\/02\/samstag-8-februar-offenburg-und-gengenbach\/\">Continuer la lecture <span class=\"screen-reader-text\">  Samstag 8. Februar,  Offenburg und Gengenbach<\/span><span class=\"meta-nav\">&rarr;<\/span><\/a><\/p>\n","protected":false},"author":298,"featured_media":0,"comment_status":"closed","ping_status":"closed","sticky":false,"template":"","format":"standard","meta":{"footnotes":""},"categories":[117,101],"tags":[],"class_list":["post-4527","post","type-post","status-publish","format-standard","hentry","category-de-sortie","category-de-activite"],"_links":{"self":[{"href":"https:\/\/azqs.com\/gartenjardin\/wp-json\/wp\/v2\/posts\/4527"}],"collection":[{"href":"https:\/\/azqs.com\/gartenjardin\/wp-json\/wp\/v2\/posts"}],"about":[{"href":"https:\/\/azqs.com\/gartenjardin\/wp-json\/wp\/v2\/types\/post"}],"author":[{"embeddable":true,"href":"https:\/\/azqs.com\/gartenjardin\/wp-json\/wp\/v2\/users\/298"}],"replies":[{"embeddable":true,"href":"https:\/\/azqs.com\/gartenjardin\/wp-json\/wp\/v2\/comments?post=4527"}],"version-history":[{"count":4,"href":"https:\/\/azqs.com\/gartenjardin\/wp-json\/wp\/v2\/posts\/4527\/revisions"}],"predecessor-version":[{"id":4545,"href":"https:\/\/azqs.com\/gartenjardin\/wp-json\/wp\/v2\/posts\/4527\/revisions\/4545"}],"wp:attachment":[{"href":"https:\/\/azqs.com\/gartenjardin\/wp-json\/wp\/v2\/media?parent=4527"}],"wp:term":[{"taxonomy":"category","embeddable":true,"href":"https:\/\/azqs.com\/gartenjardin\/wp-json\/wp\/v2\/categories?post=4527"},{"taxonomy":"post_tag","embeddable":true,"href":"https:\/\/azqs.com\/gartenjardin\/wp-json\/wp\/v2\/tags?post=4527"}],"curies":[{"name":"wp","href":"https:\/\/api.w.org\/{rel}","templated":true}]}}