{"id":4524,"date":"2025-02-05T21:22:12","date_gmt":"2025-02-05T20:22:12","guid":{"rendered":"https:\/\/azqs.com\/gartenjardin\/?p=4524"},"modified":"2025-02-23T11:18:08","modified_gmt":"2025-02-23T10:18:08","slug":"samedi-8-fevrier-2025-offenburg-et-gengenbach","status":"publish","type":"post","link":"https:\/\/azqs.com\/gartenjardin\/fr\/2025\/02\/samedi-8-fevrier-2025-offenburg-et-gengenbach\/","title":{"rendered":"Samedi 8 f\u00e9vrier 2025, Offenburg et Gengenbach"},"content":{"rendered":"<div dir=\"ltr\">Au bord de la Kinzig, la\u00a0 ville de<b> Gengenbach<\/b> est fi\u00e8re de perp\u00e9tuer les traditions carnavalesques vieilles de plusieurs si\u00e8cls et qui commencent avec\u00a0 le<b> r\u00e9veil du fou,<\/b>\u00a0 cette ann\u00e9e le <b><span id=\"ydpfd8a61e0OBJ_PREFIX_DWT206_com_zimbra_date\" class=\"ydpfd8a61e0Object\"><span id=\"OBJ_PREFIX_DWT2560_com_zimbra_date\" class=\"Object\" role=\"link\">samedi<\/span><\/span> 8 f\u00e9vrier<\/b> . L&rsquo;association vous invite \u00e0 rejoindre le cort\u00e8ge des habitants qui appellent le fou \u00e0 se r\u00e9veiller (<b>Schalk wach uf!<\/b>) apr\u00e8s une ann\u00e9e pass\u00e9e dans sa tour, puis l&rsquo;accompagnent \u00e0 la Mairie o\u00f9 il recevra la clef de la ville et promettra monts et merveilles pendant son \u00ab\u00a0mandat\u00a0\u00bb qui court jusqu&rsquo;au <span id=\"ydpfd8a61e0OBJ_PREFIX_DWT207_com_zimbra_date\" class=\"ydpfd8a61e0Object\"><span id=\"OBJ_PREFIX_DWT2561_com_zimbra_date\" class=\"Object\" role=\"link\">Mardi<\/span><\/span> Gras.<\/div>\n<div dir=\"ltr\"><\/div>\n<div dir=\"ltr\">Avant cette soir\u00e9e festive et tr\u00e8s joyeuse, nous vous proposons de visiter l&rsquo;exposition <b>O(H) WALD<\/b> \u00e0 la St\u00e4dtische Galerie<b> Offenburg,<\/b> stimulantes r\u00e9flexions d&rsquo;artistes sur le th\u00e8me de la\u00a0 for\u00eat.<\/div>\n<div dir=\"ltr\"><span id=\"ydpfd8a61e0OBJ_PREFIX_DWT208_com_zimbra_url\" class=\"ydpfd8a61e0Object\"><span id=\"OBJ_PREFIX_DWT2562_com_zimbra_url\" class=\"Object\" role=\"link\"><a href=\"https:\/\/galerie-offenburg.de\/ausstellungen\/aktuelle-ausstellung-2\/\" target=\"_blank\" rel=\"nofollow noopener\">https:\/\/galerie-offenburg.de\/ausstellungen\/aktuelle-ausstellung-2\/<\/a><\/span><\/span><\/div>\n<div dir=\"ltr\">A noter que le parcours de la gare d&rsquo;Offenburg au Kulturforum o\u00f9 se trouve la galerie est agr\u00e9able.<\/div>\n<div dir=\"ltr\"><\/div>\n<div dir=\"ltr\">Nous nous y rendrons en train. Rendez-vous \u00e0 <b>13h45 \u00e0 la gare de Kehl<\/b>. Retour \u00e0 20h23 ou 21h23 pour qui veut d\u00eener sur place; pr\u00e9voir 6 euros pour le trajet \u00e0 partir de Kehl, 6 euros pour l&rsquo;exposition, + repas \u00e9ventuel. Les habitants de l&rsquo;Eurom\u00e9tropole peuvent acheter un Europass valable sur les transports strasbourgeois et jusque Gengenbach (9,60 euros pour un adulte, 14,50 pour deux)<\/div>\n<div dir=\"ltr\">\n<div id='gallery-1' class='gallery galleryid-4524 gallery-columns-2 gallery-size-medium'><figure class='gallery-item'>\n\t\t\t<div class='gallery-icon landscape'>\n\t\t\t\t<a href='https:\/\/azqs.com\/gartenjardin\/fr\/2025\/02\/samedi-8-fevrier-2025-offenburg-et-gengenbach\/gare\/'><img loading=\"lazy\" decoding=\"async\" width=\"300\" height=\"225\" src=\"https:\/\/azqs.com\/gartenjardin\/files\/2025\/02\/gare-300x225.jpg\" class=\"attachment-medium size-medium\" alt=\"\" srcset=\"https:\/\/azqs.com\/gartenjardin\/files\/2025\/02\/gare-300x225.jpg 300w, https:\/\/azqs.com\/gartenjardin\/files\/2025\/02\/gare.jpg 640w\" sizes=\"(max-width: 300px) 100vw, 300px\" \/><\/a>\n\t\t\t<\/div><\/figure><figure class='gallery-item'>\n\t\t\t<div class='gallery-icon portrait'>\n\t\t\t\t<a href='https:\/\/azqs.com\/gartenjardin\/fr\/2025\/02\/samedi-8-fevrier-2025-offenburg-et-gengenbach\/image0000041\/'><img loading=\"lazy\" decoding=\"async\" width=\"169\" height=\"300\" src=\"https:\/\/azqs.com\/gartenjardin\/files\/2025\/02\/image0000041-169x300.jpg\" class=\"attachment-medium size-medium\" alt=\"\" srcset=\"https:\/\/azqs.com\/gartenjardin\/files\/2025\/02\/image0000041-169x300.jpg 169w, https:\/\/azqs.com\/gartenjardin\/files\/2025\/02\/image0000041-576x1024.jpg 576w, https:\/\/azqs.com\/gartenjardin\/files\/2025\/02\/image0000041-768x1365.jpg 768w, https:\/\/azqs.com\/gartenjardin\/files\/2025\/02\/image0000041-864x1536.jpg 864w, https:\/\/azqs.com\/gartenjardin\/files\/2025\/02\/image0000041.jpg 900w\" sizes=\"(max-width: 169px) 100vw, 169px\" \/><\/a>\n\t\t\t<\/div><\/figure><figure class='gallery-item'>\n\t\t\t<div class='gallery-icon portrait'>\n\t\t\t\t<a href='https:\/\/azqs.com\/gartenjardin\/fr\/2025\/02\/samedi-8-fevrier-2025-offenburg-et-gengenbach\/tour-du-fou\/'><img loading=\"lazy\" decoding=\"async\" width=\"225\" height=\"300\" src=\"https:\/\/azqs.com\/gartenjardin\/files\/2025\/02\/tour-du-fou-225x300.jpg\" class=\"attachment-medium size-medium\" alt=\"\" srcset=\"https:\/\/azqs.com\/gartenjardin\/files\/2025\/02\/tour-du-fou-225x300.jpg 225w, https:\/\/azqs.com\/gartenjardin\/files\/2025\/02\/tour-du-fou.jpg 480w\" sizes=\"(max-width: 225px) 100vw, 225px\" \/><\/a>\n\t\t\t<\/div><\/figure><figure class='gallery-item'>\n\t\t\t<div class='gallery-icon landscape'>\n\t\t\t\t<a href='https:\/\/azqs.com\/gartenjardin\/fr\/2025\/02\/samedi-8-fevrier-2025-offenburg-et-gengenbach\/hotel-de-ville\/'><img loading=\"lazy\" decoding=\"async\" width=\"300\" height=\"225\" src=\"https:\/\/azqs.com\/gartenjardin\/files\/2025\/02\/hotel-de-ville-300x225.jpg\" class=\"attachment-medium size-medium\" alt=\"\" srcset=\"https:\/\/azqs.com\/gartenjardin\/files\/2025\/02\/hotel-de-ville-300x225.jpg 300w, https:\/\/azqs.com\/gartenjardin\/files\/2025\/02\/hotel-de-ville.jpg 640w\" sizes=\"(max-width: 300px) 100vw, 300px\" \/><\/a>\n\t\t\t<\/div><\/figure>\n\t\t<\/div>\n\n<p>Une quinzaine de personnes pour une journ\u00e9e de folie; Rien ne s&rsquo;est pass\u00e9 comme pr\u00e9vu pour les transports, mais l&rsquo;exposition O(H) WALD \u00e9tait passionnante et le fou de Gengenbach au rendez-vous.<\/p>\n<p>Toutes celles qui ont participer au cort\u00e8ge dans Gengenbach ont ador\u00e9, ont bien d\u00eener et au final ce fut une tr\u00e8s belle journ\u00e9e.<\/p>\n<\/div>\n","protected":false},"excerpt":{"rendered":"<p>Au bord de la Kinzig, la\u00a0 ville de Gengenbach est fi\u00e8re de perp\u00e9tuer les traditions carnavalesques vieilles de plusieurs si\u00e8cls et qui commencent avec\u00a0 le r\u00e9veil du fou,\u00a0 cette ann\u00e9e le samedi 8 f\u00e9vrier . L&rsquo;association vous invite \u00e0 rejoindre <a class=\"more-link\" href=\"https:\/\/azqs.com\/gartenjardin\/fr\/2025\/02\/samedi-8-fevrier-2025-offenburg-et-gengenbach\/\">Continuer la lecture <span class=\"screen-reader-text\">  Samedi 8 f\u00e9vrier 2025, Offenburg et Gengenbach<\/span><span class=\"meta-nav\">&rarr;<\/span><\/a><\/p>\n","protected":false},"author":298,"featured_media":0,"comment_status":"closed","ping_status":"closed","sticky":false,"template":"","format":"standard","meta":{"footnotes":""},"categories":[39,41],"tags":[],"class_list":["post-4524","post","type-post","status-publish","format-standard","hentry","category-actvites","category-sorties"],"_links":{"self":[{"href":"https:\/\/azqs.com\/gartenjardin\/wp-json\/wp\/v2\/posts\/4524"}],"collection":[{"href":"https:\/\/azqs.com\/gartenjardin\/wp-json\/wp\/v2\/posts"}],"about":[{"href":"https:\/\/azqs.com\/gartenjardin\/wp-json\/wp\/v2\/types\/post"}],"author":[{"embeddable":true,"href":"https:\/\/azqs.com\/gartenjardin\/wp-json\/wp\/v2\/users\/298"}],"replies":[{"embeddable":true,"href":"https:\/\/azqs.com\/gartenjardin\/wp-json\/wp\/v2\/comments?post=4524"}],"version-history":[{"count":4,"href":"https:\/\/azqs.com\/gartenjardin\/wp-json\/wp\/v2\/posts\/4524\/revisions"}],"predecessor-version":[{"id":4544,"href":"https:\/\/azqs.com\/gartenjardin\/wp-json\/wp\/v2\/posts\/4524\/revisions\/4544"}],"wp:attachment":[{"href":"https:\/\/azqs.com\/gartenjardin\/wp-json\/wp\/v2\/media?parent=4524"}],"wp:term":[{"taxonomy":"category","embeddable":true,"href":"https:\/\/azqs.com\/gartenjardin\/wp-json\/wp\/v2\/categories?post=4524"},{"taxonomy":"post_tag","embeddable":true,"href":"https:\/\/azqs.com\/gartenjardin\/wp-json\/wp\/v2\/tags?post=4524"}],"curies":[{"name":"wp","href":"https:\/\/api.w.org\/{rel}","templated":true}]}}