{"id":4519,"date":"2025-02-05T21:20:05","date_gmt":"2025-02-05T20:20:05","guid":{"rendered":"https:\/\/azqs.com\/gartenjardin\/?p=4519"},"modified":"2025-02-05T21:20:38","modified_gmt":"2025-02-05T20:20:38","slug":"4519","status":"publish","type":"post","link":"https:\/\/azqs.com\/gartenjardin\/de\/2025\/02\/4519\/","title":{"rendered":"Mittwoch, 5. April 2025 Caf\u00e9-Kuchen"},"content":{"rendered":"<p><i> Der Verein Garten\/\/Jardin und die Freude der Passerelle laden am <b>5. Februar ab 16 Uhr <\/b>zum monatlichen Rendezvous <b>Caf\u00e9Kuchen<\/b> auf die Plattform der Passerelle ein. Neben den aktuellen Themen von beiden Rheinufern werden wir uns auch \u00fcber die n\u00e4chsten Vereinsaktivit\u00e4ten austauschen. Geschirr und etwas zum Teilen bitte mitbringen. Bei Regen wird das Treffen unter die Passerelle am Kehler Ufer verlegt.<\/i><\/p>\n<p><img loading=\"lazy\" decoding=\"async\" class=\"aligncenter size-large wp-image-4520\" src=\"http:\/\/azqs.com\/gartenjardin\/files\/2025\/02\/IMG_2023-1-1024x768.jpg\" alt=\"\" width=\"530\" height=\"398\" srcset=\"https:\/\/azqs.com\/gartenjardin\/files\/2025\/02\/IMG_2023-1-1024x768.jpg 1024w, https:\/\/azqs.com\/gartenjardin\/files\/2025\/02\/IMG_2023-1-300x225.jpg 300w, https:\/\/azqs.com\/gartenjardin\/files\/2025\/02\/IMG_2023-1-768x576.jpg 768w, https:\/\/azqs.com\/gartenjardin\/files\/2025\/02\/IMG_2023-1-1536x1152.jpg 1536w, https:\/\/azqs.com\/gartenjardin\/files\/2025\/02\/IMG_2023-1-2048x1536.jpg 2048w\" sizes=\"(max-width: 530px) 100vw, 530px\" \/><\/p>\n<p>Das Wetter war k\u00fchl, aber es kamen trotzdem etwa 20 Personen.<\/p>\n","protected":false},"excerpt":{"rendered":"<p>Der Verein Garten\/\/Jardin und die Freude der Passerelle laden am 5. Februar ab 16 Uhr zum monatlichen Rendezvous Caf\u00e9Kuchen auf die Plattform der Passerelle ein. Neben den aktuellen Themen von beiden Rheinufern werden wir uns auch \u00fcber die n\u00e4chsten Vereinsaktivit\u00e4ten <a class=\"more-link\" href=\"https:\/\/azqs.com\/gartenjardin\/de\/2025\/02\/4519\/\">Continuer la lecture <span class=\"screen-reader-text\">  Mittwoch, 5. April 2025 Caf\u00e9-Kuchen<\/span><span class=\"meta-nav\">&rarr;<\/span><\/a><\/p>\n","protected":false},"author":298,"featured_media":0,"comment_status":"closed","ping_status":"closed","sticky":false,"template":"","format":"standard","meta":{"footnotes":""},"categories":[101],"tags":[],"class_list":["post-4519","post","type-post","status-publish","format-standard","hentry","category-de-activite"],"_links":{"self":[{"href":"https:\/\/azqs.com\/gartenjardin\/wp-json\/wp\/v2\/posts\/4519"}],"collection":[{"href":"https:\/\/azqs.com\/gartenjardin\/wp-json\/wp\/v2\/posts"}],"about":[{"href":"https:\/\/azqs.com\/gartenjardin\/wp-json\/wp\/v2\/types\/post"}],"author":[{"embeddable":true,"href":"https:\/\/azqs.com\/gartenjardin\/wp-json\/wp\/v2\/users\/298"}],"replies":[{"embeddable":true,"href":"https:\/\/azqs.com\/gartenjardin\/wp-json\/wp\/v2\/comments?post=4519"}],"version-history":[{"count":2,"href":"https:\/\/azqs.com\/gartenjardin\/wp-json\/wp\/v2\/posts\/4519\/revisions"}],"predecessor-version":[{"id":4522,"href":"https:\/\/azqs.com\/gartenjardin\/wp-json\/wp\/v2\/posts\/4519\/revisions\/4522"}],"wp:attachment":[{"href":"https:\/\/azqs.com\/gartenjardin\/wp-json\/wp\/v2\/media?parent=4519"}],"wp:term":[{"taxonomy":"category","embeddable":true,"href":"https:\/\/azqs.com\/gartenjardin\/wp-json\/wp\/v2\/categories?post=4519"},{"taxonomy":"post_tag","embeddable":true,"href":"https:\/\/azqs.com\/gartenjardin\/wp-json\/wp\/v2\/tags?post=4519"}],"curies":[{"name":"wp","href":"https:\/\/api.w.org\/{rel}","templated":true}]}}