{"id":4516,"date":"2025-02-05T21:18:18","date_gmt":"2025-02-05T20:18:18","guid":{"rendered":"https:\/\/azqs.com\/gartenjardin\/?p=4516"},"modified":"2025-02-05T21:18:18","modified_gmt":"2025-02-05T20:18:18","slug":"mercredi-5-fevrier-2025-cafe-kuchen","status":"publish","type":"post","link":"https:\/\/azqs.com\/gartenjardin\/fr\/2025\/02\/mercredi-5-fevrier-2025-cafe-kuchen\/","title":{"rendered":"mercredi 5 f\u00e9vrier 2025 Caf\u00e9-Kuchen"},"content":{"rendered":"<p>Garten\/\/Jardin avec les Amis de la Passerelle vous invite \u00e0 nous rejoindre le <b><span id=\"OBJ_PREFIX_DWT2559_com_zimbra_date\" class=\"Object\" role=\"link\">mercredi<\/span> 5 f\u00e9vrier<\/b> \u00e0 partir de <b>16h sur la Passerelle <\/b>des Deux-Rives<b> <\/b>pour la traditionnelle rencontre Caf\u00e9-Kuchen qui f\u00eatera bient\u00f4t ses 20 ans. Toutes les id\u00e9es sont bienvenues&#8230; Chacun est invit\u00e9 \u00e0 apporter un verre et de quoi\u00a0 partager. En cas de pluie la rencontre est d\u00e9plac\u00e9e sous la Passerelle cot\u00e9 Kehl.<\/p>\n<p><img loading=\"lazy\" decoding=\"async\" class=\"aligncenter size-large wp-image-4517\" src=\"http:\/\/azqs.com\/gartenjardin\/files\/2025\/02\/IMG_2023-1024x768.jpg\" alt=\"\" width=\"530\" height=\"398\" srcset=\"https:\/\/azqs.com\/gartenjardin\/files\/2025\/02\/IMG_2023-1024x768.jpg 1024w, https:\/\/azqs.com\/gartenjardin\/files\/2025\/02\/IMG_2023-300x225.jpg 300w, https:\/\/azqs.com\/gartenjardin\/files\/2025\/02\/IMG_2023-768x576.jpg 768w, https:\/\/azqs.com\/gartenjardin\/files\/2025\/02\/IMG_2023-1536x1152.jpg 1536w, https:\/\/azqs.com\/gartenjardin\/files\/2025\/02\/IMG_2023-2048x1536.jpg 2048w\" sizes=\"(max-width: 530px) 100vw, 530px\" \/><\/p>\n<p>Un temps frisquet, mais une vingtaine de personnes tout de m\u00eame.<\/p>\n<p>&nbsp;<\/p>\n<p>&nbsp;<\/p>\n","protected":false},"excerpt":{"rendered":"<p>Garten\/\/Jardin avec les Amis de la Passerelle vous invite \u00e0 nous rejoindre le mercredi 5 f\u00e9vrier \u00e0 partir de 16h sur la Passerelle des Deux-Rives pour la traditionnelle rencontre Caf\u00e9-Kuchen qui f\u00eatera bient\u00f4t ses 20 ans. Toutes les id\u00e9es sont <a class=\"more-link\" href=\"https:\/\/azqs.com\/gartenjardin\/fr\/2025\/02\/mercredi-5-fevrier-2025-cafe-kuchen\/\">Continuer la lecture <span class=\"screen-reader-text\">  mercredi 5 f\u00e9vrier 2025 Caf\u00e9-Kuchen<\/span><span class=\"meta-nav\">&rarr;<\/span><\/a><\/p>\n","protected":false},"author":298,"featured_media":0,"comment_status":"closed","ping_status":"closed","sticky":false,"template":"","format":"standard","meta":{"footnotes":""},"categories":[39],"tags":[],"class_list":["post-4516","post","type-post","status-publish","format-standard","hentry","category-actvites"],"_links":{"self":[{"href":"https:\/\/azqs.com\/gartenjardin\/wp-json\/wp\/v2\/posts\/4516"}],"collection":[{"href":"https:\/\/azqs.com\/gartenjardin\/wp-json\/wp\/v2\/posts"}],"about":[{"href":"https:\/\/azqs.com\/gartenjardin\/wp-json\/wp\/v2\/types\/post"}],"author":[{"embeddable":true,"href":"https:\/\/azqs.com\/gartenjardin\/wp-json\/wp\/v2\/users\/298"}],"replies":[{"embeddable":true,"href":"https:\/\/azqs.com\/gartenjardin\/wp-json\/wp\/v2\/comments?post=4516"}],"version-history":[{"count":1,"href":"https:\/\/azqs.com\/gartenjardin\/wp-json\/wp\/v2\/posts\/4516\/revisions"}],"predecessor-version":[{"id":4518,"href":"https:\/\/azqs.com\/gartenjardin\/wp-json\/wp\/v2\/posts\/4516\/revisions\/4518"}],"wp:attachment":[{"href":"https:\/\/azqs.com\/gartenjardin\/wp-json\/wp\/v2\/media?parent=4516"}],"wp:term":[{"taxonomy":"category","embeddable":true,"href":"https:\/\/azqs.com\/gartenjardin\/wp-json\/wp\/v2\/categories?post=4516"},{"taxonomy":"post_tag","embeddable":true,"href":"https:\/\/azqs.com\/gartenjardin\/wp-json\/wp\/v2\/tags?post=4516"}],"curies":[{"name":"wp","href":"https:\/\/api.w.org\/{rel}","templated":true}]}}