{"id":4491,"date":"2024-12-28T16:40:27","date_gmt":"2024-12-28T15:40:27","guid":{"rendered":"https:\/\/azqs.com\/gartenjardin\/?p=4491"},"modified":"2025-01-19T22:22:31","modified_gmt":"2025-01-19T21:22:31","slug":"samstag-11-januar-matisse-ausstellung-in-der-fondation-beyeler","status":"publish","type":"post","link":"https:\/\/azqs.com\/gartenjardin\/de\/2024\/12\/samstag-11-januar-matisse-ausstellung-in-der-fondation-beyeler\/","title":{"rendered":"Samstag 11 Januar, Matisse-Ausstellung in der Fondation Beyeler,"},"content":{"rendered":"<div dir=\"ltr\"><span style=\"font-size: 12pt\">Besuchen Sie am<strong> Samstag, 11. Januar, <\/strong>mit uns die Matisse-Ausstellung in der Fondation Beyeler, diese l\u00e4dt Sie ein zu einer Reise von Italien nach Marokko, von Russland nach Amerika. <\/span><\/div>\n<div dir=\"ltr\"><span style=\"font-size: 12pt\"><a href=\"http:\/\/\" target=\"_blank\" rel=\"noopener\">https:\/\/www.fondationbeyeler.ch\/ausstellungen\/henri-matisse?<\/a><\/span><\/div>\n<div dir=\"ltr\"><span style=\"font-size: 12pt\">\u00a0Zur Anreise nach Basel mit dem Zug treffen wir uns <strong>um 8:20 Uhr in der zentralen Eingangshalle des Stra\u00dfburger Bahnhofs<\/strong><b>.<\/b> R\u00fcckkehr gegen 18:40 Uhr.\u00a0 Rucksackverpflegung m\u00f6glich, sowie zahlreiche Verpflegungsm\u00f6glichkeiten vor Ort. Planen Sie 18 Euro (Zug + Stra\u00dfenbahn), sowie 30 CHF f\u00fcr den Eintritt in die Foundation Beyeler f\u00fcr diejenigen ohne Museums-Pass. Bitte beachten Sie, dass der Museums PASS, der freien Eintritt in \u00fcber 350 Museen erm\u00f6glicht, bis zum 31. Dezember mit einem Rabatt von 25% f\u00fcr neue Mitglieder auf der Website erh\u00e4ltlich ist.\u00a0<\/span><\/div>\n<div dir=\"ltr\"><span id=\"OBJ_PREFIX_DWT111_com_zimbra_url\" class=\"Object\" role=\"link\"><a class=\"\" href=\"https:\/\/www.museumspass.com\/de\" target=\"_blank\" rel=\"nofollow noopener\"><span style=\"font-size: 12pt\">https:\/\/www.museumspass.com\/de<\/span><\/a><\/span><\/div>\n<div dir=\"ltr\">\n<div id='gallery-1' class='gallery galleryid-4491 gallery-columns-2 gallery-size-medium'><figure class='gallery-item'>\n\t\t\t<div class='gallery-icon portrait'>\n\t\t\t\t<a href='https:\/\/azqs.com\/gartenjardin\/de\/2024\/12\/samstag-11-januar-matisse-ausstellung-in-der-fondation-beyeler\/ou-est-matisse-2\/'><img loading=\"lazy\" decoding=\"async\" width=\"225\" height=\"300\" src=\"https:\/\/azqs.com\/gartenjardin\/files\/2024\/12\/ou-est-Matisse-1-225x300.jpg\" class=\"attachment-medium size-medium\" alt=\"\" srcset=\"https:\/\/azqs.com\/gartenjardin\/files\/2024\/12\/ou-est-Matisse-1-225x300.jpg 225w, https:\/\/azqs.com\/gartenjardin\/files\/2024\/12\/ou-est-Matisse-1-768x1024.jpg 768w, https:\/\/azqs.com\/gartenjardin\/files\/2024\/12\/ou-est-Matisse-1-1152x1536.jpg 1152w, https:\/\/azqs.com\/gartenjardin\/files\/2024\/12\/ou-est-Matisse-1-1536x2048.jpg 1536w, https:\/\/azqs.com\/gartenjardin\/files\/2024\/12\/ou-est-Matisse-1-scaled.jpg 1920w\" sizes=\"(max-width: 225px) 100vw, 225px\" \/><\/a>\n\t\t\t<\/div><\/figure><figure class='gallery-item'>\n\t\t\t<div class='gallery-icon portrait'>\n\t\t\t\t<a href='https:\/\/azqs.com\/gartenjardin\/de\/2024\/12\/samstag-11-januar-matisse-ausstellung-in-der-fondation-beyeler\/sculpture-et-son-dessin-2\/'><img loading=\"lazy\" decoding=\"async\" width=\"225\" height=\"300\" src=\"https:\/\/azqs.com\/gartenjardin\/files\/2024\/12\/sculpture-et-son-dessin-1-225x300.jpg\" class=\"attachment-medium size-medium\" alt=\"\" srcset=\"https:\/\/azqs.com\/gartenjardin\/files\/2024\/12\/sculpture-et-son-dessin-1-225x300.jpg 225w, https:\/\/azqs.com\/gartenjardin\/files\/2024\/12\/sculpture-et-son-dessin-1-768x1024.jpg 768w, https:\/\/azqs.com\/gartenjardin\/files\/2024\/12\/sculpture-et-son-dessin-1-1152x1536.jpg 1152w, https:\/\/azqs.com\/gartenjardin\/files\/2024\/12\/sculpture-et-son-dessin-1-1536x2048.jpg 1536w, https:\/\/azqs.com\/gartenjardin\/files\/2024\/12\/sculpture-et-son-dessin-1-scaled.jpg 1920w\" sizes=\"(max-width: 225px) 100vw, 225px\" \/><\/a>\n\t\t\t<\/div><\/figure><figure class='gallery-item'>\n\t\t\t<div class='gallery-icon landscape'>\n\t\t\t\t<a href='https:\/\/azqs.com\/gartenjardin\/de\/2024\/12\/samstag-11-januar-matisse-ausstellung-in-der-fondation-beyeler\/montage1-2\/'><img loading=\"lazy\" decoding=\"async\" width=\"300\" height=\"300\" src=\"https:\/\/azqs.com\/gartenjardin\/files\/2024\/12\/montage1-1-300x300.jpg\" class=\"attachment-medium size-medium\" alt=\"\" srcset=\"https:\/\/azqs.com\/gartenjardin\/files\/2024\/12\/montage1-1-300x300.jpg 300w, https:\/\/azqs.com\/gartenjardin\/files\/2024\/12\/montage1-1-1024x1024.jpg 1024w, https:\/\/azqs.com\/gartenjardin\/files\/2024\/12\/montage1-1-150x150.jpg 150w, https:\/\/azqs.com\/gartenjardin\/files\/2024\/12\/montage1-1-768x768.jpg 768w, https:\/\/azqs.com\/gartenjardin\/files\/2024\/12\/montage1-1.jpg 1080w\" sizes=\"(max-width: 300px) 100vw, 300px\" \/><\/a>\n\t\t\t<\/div><\/figure><figure class='gallery-item'>\n\t\t\t<div class='gallery-icon landscape'>\n\t\t\t\t<a href='https:\/\/azqs.com\/gartenjardin\/de\/2024\/12\/samstag-11-januar-matisse-ausstellung-in-der-fondation-beyeler\/montage2-2\/'><img loading=\"lazy\" decoding=\"async\" width=\"300\" height=\"300\" src=\"https:\/\/azqs.com\/gartenjardin\/files\/2024\/12\/montage2-1-300x300.jpg\" class=\"attachment-medium size-medium\" alt=\"\" srcset=\"https:\/\/azqs.com\/gartenjardin\/files\/2024\/12\/montage2-1-300x300.jpg 300w, https:\/\/azqs.com\/gartenjardin\/files\/2024\/12\/montage2-1-1024x1024.jpg 1024w, https:\/\/azqs.com\/gartenjardin\/files\/2024\/12\/montage2-1-150x150.jpg 150w, https:\/\/azqs.com\/gartenjardin\/files\/2024\/12\/montage2-1-768x768.jpg 768w, https:\/\/azqs.com\/gartenjardin\/files\/2024\/12\/montage2-1.jpg 1080w\" sizes=\"(max-width: 300px) 100vw, 300px\" \/><\/a>\n\t\t\t<\/div><\/figure>\n\t\t<\/div>\n\n<p>Achtundzwanzig Personen nahmen an einem sonnigen, wenn auch winterlichen Tag an der ersten Exkursion des Jahres teil. Nach der Ankunft in Basel eilten 26 in die Fondation Beyeler, um mit Matisse von Paris an die C\u00f4te d&rsquo;Azur zu reisen, mit Abstechern nach Nordafrika, Italien und Ozeanien. Nachmittag zur freien Verf\u00fcgung Basel. Danke an Sylvie f\u00fcr die Fotomontagen.<\/p>\n<\/div>\n","protected":false},"excerpt":{"rendered":"<p>Besuchen Sie am Samstag, 11. Januar, mit uns die Matisse-Ausstellung in der Fondation Beyeler, diese l\u00e4dt Sie ein zu einer Reise von Italien nach Marokko, von Russland nach Amerika. https:\/\/www.fondationbeyeler.ch\/ausstellungen\/henri-matisse? \u00a0Zur Anreise nach Basel mit dem Zug treffen wir uns <a class=\"more-link\" href=\"https:\/\/azqs.com\/gartenjardin\/de\/2024\/12\/samstag-11-januar-matisse-ausstellung-in-der-fondation-beyeler\/\">Continuer la lecture <span class=\"screen-reader-text\">  Samstag 11 Januar, Matisse-Ausstellung in der Fondation Beyeler,<\/span><span class=\"meta-nav\">&rarr;<\/span><\/a><\/p>\n","protected":false},"author":298,"featured_media":0,"comment_status":"closed","ping_status":"closed","sticky":false,"template":"","format":"standard","meta":{"footnotes":""},"categories":[117,101],"tags":[],"class_list":["post-4491","post","type-post","status-publish","format-standard","hentry","category-de-sortie","category-de-activite"],"_links":{"self":[{"href":"https:\/\/azqs.com\/gartenjardin\/wp-json\/wp\/v2\/posts\/4491"}],"collection":[{"href":"https:\/\/azqs.com\/gartenjardin\/wp-json\/wp\/v2\/posts"}],"about":[{"href":"https:\/\/azqs.com\/gartenjardin\/wp-json\/wp\/v2\/types\/post"}],"author":[{"embeddable":true,"href":"https:\/\/azqs.com\/gartenjardin\/wp-json\/wp\/v2\/users\/298"}],"replies":[{"embeddable":true,"href":"https:\/\/azqs.com\/gartenjardin\/wp-json\/wp\/v2\/comments?post=4491"}],"version-history":[{"count":3,"href":"https:\/\/azqs.com\/gartenjardin\/wp-json\/wp\/v2\/posts\/4491\/revisions"}],"predecessor-version":[{"id":4514,"href":"https:\/\/azqs.com\/gartenjardin\/wp-json\/wp\/v2\/posts\/4491\/revisions\/4514"}],"wp:attachment":[{"href":"https:\/\/azqs.com\/gartenjardin\/wp-json\/wp\/v2\/media?parent=4491"}],"wp:term":[{"taxonomy":"category","embeddable":true,"href":"https:\/\/azqs.com\/gartenjardin\/wp-json\/wp\/v2\/categories?post=4491"},{"taxonomy":"post_tag","embeddable":true,"href":"https:\/\/azqs.com\/gartenjardin\/wp-json\/wp\/v2\/tags?post=4491"}],"curies":[{"name":"wp","href":"https:\/\/api.w.org\/{rel}","templated":true}]}}