{"id":4489,"date":"2024-12-28T16:36:42","date_gmt":"2024-12-28T15:36:42","guid":{"rendered":"https:\/\/azqs.com\/gartenjardin\/?p=4489"},"modified":"2025-01-19T22:22:18","modified_gmt":"2025-01-19T21:22:18","slug":"samedi-11-janvier-exposition-matisse-a-la-fondation-beyeler","status":"publish","type":"post","link":"https:\/\/azqs.com\/gartenjardin\/fr\/2024\/12\/samedi-11-janvier-exposition-matisse-a-la-fondation-beyeler\/","title":{"rendered":"samedi 11 janvier, exposition Matisse \u00e0 la Fondation Beyeler"},"content":{"rendered":"<div dir=\"ltr\"><span style=\"font-size: 12pt\">Le <strong><span id=\"OBJ_PREFIX_DWT108_com_zimbra_date\" class=\"Object\" role=\"link\">samedi<\/span> 11 janvier<\/strong>, nous vous proposons la visite, \u00e0 la Fondation Beyeler de l&rsquo;exposition Matisse\u00a0 qui vous invitera \u00e0 voyager d&rsquo;Italie au Maroc, de Russie en Am\u00e9rique.<\/span><\/div>\n<div dir=\"ltr\"><span style=\"font-size: 12pt\">\u00a0<span id=\"OBJ_PREFIX_DWT109_com_zimbra_url\" class=\"Object\" role=\"link\"><a href=\"https:\/\/www.fondationbeyeler.ch\/fr\/expositions\/henri-matisse\" target=\"_blank\" rel=\"nofollow noopener\">https:\/\/www.fondationbeyeler.ch\/fr\/expositions\/henri-matisse<\/a><\/span>\u00a0\u00a0<\/span><\/div>\n<div dir=\"ltr\"><span style=\"font-size: 12pt\">Nous nous rendrons \u00e0 B\u00e2le en train. <strong>Rendez vous dans le hall central de la gare de Strasbourg \u00e0 8h20.<\/strong> Retour vers 18h40. Repas tri\u00e9 du sac avec possibilit\u00e9s de restauration sur place. Pr\u00e9voir 18 euros (train + tram) et 30CHF d&rsquo;entr\u00e9e \u00e0 la fondation Beyeler pour les non titulaires du Museums PASS Mus\u00e9es.\u00a0<\/span><\/div>\n<div dir=\"ltr\"><span style=\"font-size: 12pt\">\u00a0A noter, ce Museums PASS Mus\u00e9es qui permet d&rsquo;entrer gratuitement dans plus de 350 mus\u00e9es, est jusqu&rsquo;au 31 d\u00e9cembre, en vente avec une r\u00e9duction de 25% pour les nouveaux membres sur le site.<\/span><\/div>\n<div dir=\"ltr\"><span style=\"font-size: 12pt\">\u00a0<\/span><span id=\"OBJ_PREFIX_DWT110_com_zimbra_url\" class=\"Object\" role=\"link\"><a class=\"\" href=\"https:\/\/www.museumspass.com\/fr\" target=\"_blank\" rel=\"nofollow noopener\"><span style=\"font-size: 12pt\">https:\/\/www.museumspass.com\/fr<\/span><\/a><\/span><\/div>\n<div dir=\"ltr\">\n<div id='gallery-1' class='gallery galleryid-4489 gallery-columns-2 gallery-size-medium'><figure class='gallery-item'>\n\t\t\t<div class='gallery-icon portrait'>\n\t\t\t\t<a href='https:\/\/azqs.com\/gartenjardin\/fr\/2024\/12\/samedi-11-janvier-exposition-matisse-a-la-fondation-beyeler\/ou-est-matisse\/'><img loading=\"lazy\" decoding=\"async\" width=\"225\" height=\"300\" src=\"https:\/\/azqs.com\/gartenjardin\/files\/2024\/12\/ou-est-Matisse-225x300.jpg\" class=\"attachment-medium size-medium\" alt=\"\" srcset=\"https:\/\/azqs.com\/gartenjardin\/files\/2024\/12\/ou-est-Matisse-225x300.jpg 225w, https:\/\/azqs.com\/gartenjardin\/files\/2024\/12\/ou-est-Matisse-768x1024.jpg 768w, https:\/\/azqs.com\/gartenjardin\/files\/2024\/12\/ou-est-Matisse-1152x1536.jpg 1152w, https:\/\/azqs.com\/gartenjardin\/files\/2024\/12\/ou-est-Matisse-1536x2048.jpg 1536w, https:\/\/azqs.com\/gartenjardin\/files\/2024\/12\/ou-est-Matisse-scaled.jpg 1920w\" sizes=\"(max-width: 225px) 100vw, 225px\" \/><\/a>\n\t\t\t<\/div><\/figure><figure class='gallery-item'>\n\t\t\t<div class='gallery-icon portrait'>\n\t\t\t\t<a href='https:\/\/azqs.com\/gartenjardin\/fr\/2024\/12\/samedi-11-janvier-exposition-matisse-a-la-fondation-beyeler\/sculpture-et-son-dessin\/'><img loading=\"lazy\" decoding=\"async\" width=\"225\" height=\"300\" src=\"https:\/\/azqs.com\/gartenjardin\/files\/2024\/12\/sculpture-et-son-dessin-225x300.jpg\" class=\"attachment-medium size-medium\" alt=\"\" srcset=\"https:\/\/azqs.com\/gartenjardin\/files\/2024\/12\/sculpture-et-son-dessin-225x300.jpg 225w, https:\/\/azqs.com\/gartenjardin\/files\/2024\/12\/sculpture-et-son-dessin-768x1024.jpg 768w, https:\/\/azqs.com\/gartenjardin\/files\/2024\/12\/sculpture-et-son-dessin-1152x1536.jpg 1152w, https:\/\/azqs.com\/gartenjardin\/files\/2024\/12\/sculpture-et-son-dessin-1536x2048.jpg 1536w, https:\/\/azqs.com\/gartenjardin\/files\/2024\/12\/sculpture-et-son-dessin-scaled.jpg 1920w\" sizes=\"(max-width: 225px) 100vw, 225px\" \/><\/a>\n\t\t\t<\/div><\/figure><figure class='gallery-item'>\n\t\t\t<div class='gallery-icon landscape'>\n\t\t\t\t<a href='https:\/\/azqs.com\/gartenjardin\/fr\/2024\/12\/samedi-11-janvier-exposition-matisse-a-la-fondation-beyeler\/montage1\/'><img loading=\"lazy\" decoding=\"async\" width=\"300\" height=\"300\" src=\"https:\/\/azqs.com\/gartenjardin\/files\/2024\/12\/montage1-300x300.jpg\" class=\"attachment-medium size-medium\" alt=\"\" srcset=\"https:\/\/azqs.com\/gartenjardin\/files\/2024\/12\/montage1-300x300.jpg 300w, https:\/\/azqs.com\/gartenjardin\/files\/2024\/12\/montage1-1024x1024.jpg 1024w, https:\/\/azqs.com\/gartenjardin\/files\/2024\/12\/montage1-150x150.jpg 150w, https:\/\/azqs.com\/gartenjardin\/files\/2024\/12\/montage1-768x768.jpg 768w, https:\/\/azqs.com\/gartenjardin\/files\/2024\/12\/montage1.jpg 1080w\" sizes=\"(max-width: 300px) 100vw, 300px\" \/><\/a>\n\t\t\t<\/div><\/figure><figure class='gallery-item'>\n\t\t\t<div class='gallery-icon landscape'>\n\t\t\t\t<a href='https:\/\/azqs.com\/gartenjardin\/fr\/2024\/12\/samedi-11-janvier-exposition-matisse-a-la-fondation-beyeler\/montage2\/'><img loading=\"lazy\" decoding=\"async\" width=\"300\" height=\"300\" src=\"https:\/\/azqs.com\/gartenjardin\/files\/2024\/12\/montage2-300x300.jpg\" class=\"attachment-medium size-medium\" alt=\"\" srcset=\"https:\/\/azqs.com\/gartenjardin\/files\/2024\/12\/montage2-300x300.jpg 300w, https:\/\/azqs.com\/gartenjardin\/files\/2024\/12\/montage2-1024x1024.jpg 1024w, https:\/\/azqs.com\/gartenjardin\/files\/2024\/12\/montage2-150x150.jpg 150w, https:\/\/azqs.com\/gartenjardin\/files\/2024\/12\/montage2-768x768.jpg 768w, https:\/\/azqs.com\/gartenjardin\/files\/2024\/12\/montage2.jpg 1080w\" sizes=\"(max-width: 300px) 100vw, 300px\" \/><\/a>\n\t\t\t<\/div><\/figure>\n\t\t<\/div>\n\n<p>Vingt-huit personnes pour la premi\u00e8re sortie de l&rsquo;ann\u00e9e, par une journ\u00e9e ensoleill\u00e9e quoique hivernale. En arrivant \u00e0 B\u00e2le, vingt-six se pr\u00e9cipitent \u00e0 la Fondation Beyeler pour voyager avec Matisse, de Paris \u00e0 la C\u00f4te d&rsquo;Azur avec des escapades en Afrique du Nord, Italie jusqu&rsquo;en Oc\u00e9anie. Apr\u00e8s-midi libre\u00a0 B\u00e2le. Merci \u00e0 Sylvie pour les montages photos.<\/p>\n<\/div>\n","protected":false},"excerpt":{"rendered":"<p>Le samedi 11 janvier, nous vous proposons la visite, \u00e0 la Fondation Beyeler de l&rsquo;exposition Matisse\u00a0 qui vous invitera \u00e0 voyager d&rsquo;Italie au Maroc, de Russie en Am\u00e9rique. \u00a0https:\/\/www.fondationbeyeler.ch\/fr\/expositions\/henri-matisse\u00a0\u00a0 Nous nous rendrons \u00e0 B\u00e2le en train. Rendez vous dans le <a class=\"more-link\" href=\"https:\/\/azqs.com\/gartenjardin\/fr\/2024\/12\/samedi-11-janvier-exposition-matisse-a-la-fondation-beyeler\/\">Continuer la lecture <span class=\"screen-reader-text\">  samedi 11 janvier, exposition Matisse \u00e0 la Fondation Beyeler<\/span><span class=\"meta-nav\">&rarr;<\/span><\/a><\/p>\n","protected":false},"author":298,"featured_media":0,"comment_status":"closed","ping_status":"closed","sticky":false,"template":"","format":"standard","meta":{"footnotes":""},"categories":[39,41],"tags":[],"class_list":["post-4489","post","type-post","status-publish","format-standard","hentry","category-actvites","category-sorties"],"_links":{"self":[{"href":"https:\/\/azqs.com\/gartenjardin\/wp-json\/wp\/v2\/posts\/4489"}],"collection":[{"href":"https:\/\/azqs.com\/gartenjardin\/wp-json\/wp\/v2\/posts"}],"about":[{"href":"https:\/\/azqs.com\/gartenjardin\/wp-json\/wp\/v2\/types\/post"}],"author":[{"embeddable":true,"href":"https:\/\/azqs.com\/gartenjardin\/wp-json\/wp\/v2\/users\/298"}],"replies":[{"embeddable":true,"href":"https:\/\/azqs.com\/gartenjardin\/wp-json\/wp\/v2\/comments?post=4489"}],"version-history":[{"count":3,"href":"https:\/\/azqs.com\/gartenjardin\/wp-json\/wp\/v2\/posts\/4489\/revisions"}],"predecessor-version":[{"id":4508,"href":"https:\/\/azqs.com\/gartenjardin\/wp-json\/wp\/v2\/posts\/4489\/revisions\/4508"}],"wp:attachment":[{"href":"https:\/\/azqs.com\/gartenjardin\/wp-json\/wp\/v2\/media?parent=4489"}],"wp:term":[{"taxonomy":"category","embeddable":true,"href":"https:\/\/azqs.com\/gartenjardin\/wp-json\/wp\/v2\/categories?post=4489"},{"taxonomy":"post_tag","embeddable":true,"href":"https:\/\/azqs.com\/gartenjardin\/wp-json\/wp\/v2\/tags?post=4489"}],"curies":[{"name":"wp","href":"https:\/\/api.w.org\/{rel}","templated":true}]}}