{"id":4485,"date":"2024-12-28T16:31:53","date_gmt":"2024-12-28T15:31:53","guid":{"rendered":"https:\/\/azqs.com\/gartenjardin\/?p=4485"},"modified":"2025-01-02T23:09:57","modified_gmt":"2025-01-02T22:09:57","slug":"mercredi-1er-janvier-2025-cafe-kuchen","status":"publish","type":"post","link":"https:\/\/azqs.com\/gartenjardin\/fr\/2024\/12\/mercredi-1er-janvier-2025-cafe-kuchen\/","title":{"rendered":"Mercredi 1er janvier 2025 Caf\u00e9-Kuchen"},"content":{"rendered":"<p><span style=\"font-size: 14pt\">Le <span id=\"OBJ_PREFIX_DWT107_com_zimbra_date\" class=\"Object\" role=\"link\">mercredi<\/span> 1er janvie<b>r<\/b>, en collaboration avec les Amis de la passerelle, se tiendra la rencontre transfrontali\u00e8re<strong> Caf\u00e9-Kuchen, \u00e0 partir de 16h sur la plateforme centrale de la Passerelle des Deux Rives<\/strong>; pour f\u00eater la nouvelle ann\u00e9e, nous vous offrons galette des rois et bretzel de nouvel an. N&rsquo;oubliez pas vos verre et couvert et une boisson.<\/span><\/p>\n<div id='gallery-1' class='gallery galleryid-4485 gallery-columns-2 gallery-size-medium'><figure class='gallery-item'>\n\t\t\t<div class='gallery-icon landscape'>\n\t\t\t\t<img loading=\"lazy\" decoding=\"async\" width=\"300\" height=\"238\" src=\"https:\/\/azqs.com\/gartenjardin\/files\/2024\/12\/bretzelgalettes-300x238.jpg\" class=\"attachment-medium size-medium\" alt=\"\" srcset=\"https:\/\/azqs.com\/gartenjardin\/files\/2024\/12\/bretzelgalettes-300x238.jpg 300w, https:\/\/azqs.com\/gartenjardin\/files\/2024\/12\/bretzelgalettes-1024x811.jpg 1024w, https:\/\/azqs.com\/gartenjardin\/files\/2024\/12\/bretzelgalettes-768x608.jpg 768w, https:\/\/azqs.com\/gartenjardin\/files\/2024\/12\/bretzelgalettes.jpg 1280w\" sizes=\"(max-width: 300px) 100vw, 300px\" \/>\n\t\t\t<\/div><\/figure><figure class='gallery-item'>\n\t\t\t<div class='gallery-icon landscape'>\n\t\t\t\t<img loading=\"lazy\" decoding=\"async\" width=\"300\" height=\"225\" src=\"https:\/\/azqs.com\/gartenjardin\/files\/2024\/12\/coucher-soleil-300x225.jpg\" class=\"attachment-medium size-medium\" alt=\"\" srcset=\"https:\/\/azqs.com\/gartenjardin\/files\/2024\/12\/coucher-soleil-300x225.jpg 300w, https:\/\/azqs.com\/gartenjardin\/files\/2024\/12\/coucher-soleil-1024x768.jpg 1024w, https:\/\/azqs.com\/gartenjardin\/files\/2024\/12\/coucher-soleil-768x576.jpg 768w, https:\/\/azqs.com\/gartenjardin\/files\/2024\/12\/coucher-soleil-1536x1152.jpg 1536w, https:\/\/azqs.com\/gartenjardin\/files\/2024\/12\/coucher-soleil-2048x1536.jpg 2048w\" sizes=\"(max-width: 300px) 100vw, 300px\" \/>\n\t\t\t<\/div><\/figure>\n\t\t<\/div>\n\n<p>Une cinquantaine de personnes pour partager bretzels, galette et un coucher de soleil.<\/p>\n","protected":false},"excerpt":{"rendered":"<p>Le mercredi 1er janvier, en collaboration avec les Amis de la passerelle, se tiendra la rencontre transfrontali\u00e8re Caf\u00e9-Kuchen, \u00e0 partir de 16h sur la plateforme centrale de la Passerelle des Deux Rives; pour f\u00eater la nouvelle ann\u00e9e, nous vous offrons <a class=\"more-link\" href=\"https:\/\/azqs.com\/gartenjardin\/fr\/2024\/12\/mercredi-1er-janvier-2025-cafe-kuchen\/\">Continuer la lecture <span class=\"screen-reader-text\">  Mercredi 1er janvier 2025 Caf\u00e9-Kuchen<\/span><span class=\"meta-nav\">&rarr;<\/span><\/a><\/p>\n","protected":false},"author":298,"featured_media":0,"comment_status":"closed","ping_status":"closed","sticky":false,"template":"","format":"standard","meta":{"footnotes":""},"categories":[39],"tags":[],"class_list":["post-4485","post","type-post","status-publish","format-standard","hentry","category-actvites"],"_links":{"self":[{"href":"https:\/\/azqs.com\/gartenjardin\/wp-json\/wp\/v2\/posts\/4485"}],"collection":[{"href":"https:\/\/azqs.com\/gartenjardin\/wp-json\/wp\/v2\/posts"}],"about":[{"href":"https:\/\/azqs.com\/gartenjardin\/wp-json\/wp\/v2\/types\/post"}],"author":[{"embeddable":true,"href":"https:\/\/azqs.com\/gartenjardin\/wp-json\/wp\/v2\/users\/298"}],"replies":[{"embeddable":true,"href":"https:\/\/azqs.com\/gartenjardin\/wp-json\/wp\/v2\/comments?post=4485"}],"version-history":[{"count":4,"href":"https:\/\/azqs.com\/gartenjardin\/wp-json\/wp\/v2\/posts\/4485\/revisions"}],"predecessor-version":[{"id":4497,"href":"https:\/\/azqs.com\/gartenjardin\/wp-json\/wp\/v2\/posts\/4485\/revisions\/4497"}],"wp:attachment":[{"href":"https:\/\/azqs.com\/gartenjardin\/wp-json\/wp\/v2\/media?parent=4485"}],"wp:term":[{"taxonomy":"category","embeddable":true,"href":"https:\/\/azqs.com\/gartenjardin\/wp-json\/wp\/v2\/categories?post=4485"},{"taxonomy":"post_tag","embeddable":true,"href":"https:\/\/azqs.com\/gartenjardin\/wp-json\/wp\/v2\/tags?post=4485"}],"curies":[{"name":"wp","href":"https:\/\/api.w.org\/{rel}","templated":true}]}}