{"id":4481,"date":"2024-12-28T16:24:50","date_gmt":"2024-12-28T15:24:50","guid":{"rendered":"https:\/\/azqs.com\/gartenjardin\/?p=4481"},"modified":"2025-10-10T08:36:05","modified_gmt":"2025-10-10T07:36:05","slug":"agenda-2025","status":"publish","type":"post","link":"https:\/\/azqs.com\/gartenjardin\/fr\/2024\/12\/agenda-2025\/","title":{"rendered":"Agenda 2025"},"content":{"rendered":"<p class=\"western\" align=\"center\"><span style=\"font-family: Times New Roman, serif;font-size: 12pt\"><b>RENDEZ-VOUS DE GARTEN\/\/JARDIN 2024<\/b><\/span><\/p>\n<p class=\"western\"><span style=\"font-family: Times New Roman, serif;font-size: 12pt\"><strong>mercredi <span style=\"color: #000000\"><span lang=\"fr-FR\">1<\/span><\/span><span style=\"color: #000000\"><sup><span lang=\"fr-FR\">er<\/span><\/sup><\/span> janvier<\/strong> Caf\u00e9 Kuchen avec galette des rois et bretzel du nouvel a<strong>n<\/strong><\/span><\/p>\n<p class=\"western\"><span style=\"font-family: Times New Roman, serif;font-size: 12pt\"><strong>samedi 11 janvier<\/strong> Exposition \u00ab\u00a0Henri Matisse\u00a0\u00bb \u00e0 la Fondation Beyeler, B<span style=\"color: #000000\"><span lang=\"fr-FR\">\u00c2LE<\/span><\/span><\/span><\/p>\n<p class=\"western\"><span style=\"font-family: Times New Roman, serif;font-size: 12pt\"><strong>mercredi <span style=\"color: #000000\"><span lang=\"fr-FR\">5 <\/span><\/span>f\u00e9vrier<\/strong> Caf\u00e9 Kuchen<\/span><\/p>\n<p class=\"western\"><span style=\"font-family: Times New Roman, serif;font-size: 12pt\"><strong>samedi 8 f\u00e9vrier<\/strong> R\u00e9veil du fou, GENGENBACH<\/span><\/p>\n<p class=\"western\"><span style=\"font-family: Times New Roman, serif;font-size: 12pt\"><strong>samedi 1er mars<\/strong> KARLSRUHE\/DURLACH<\/span><\/p>\n<p class=\"western\"><span style=\"font-family: Times New Roman, serif;font-size: 12pt\"><strong>mercredi <span style=\"color: #000000\"><span lang=\"fr-FR\">5<\/span><\/span> mars<\/strong> Caf\u00e9 Kuchen<\/span><\/p>\n<p class=\"western\"><span style=\"font-family: Times New Roman, serif;font-size: 12pt\"><strong>samedi 22 mars<\/strong>, Assembl\u00e9e g\u00e9n\u00e9rale, STRASBOURG<\/span><\/p>\n<p class=\"western\"><span style=\"font-family: Times New Roman, serif;font-size: 12pt\"><strong>mercredi <span style=\"color: #000000\"><span lang=\"fr-FR\">2<\/span><\/span> avril<\/strong> Caf\u00e9 Kuchen, reprise des balades cyclistes \u00e0 14h<\/span><\/p>\n<p class=\"western\"><span style=\"font-family: Times New Roman, serif;font-size: 12pt\"><strong>samedi 5 avril<\/strong> Mus\u00e9e d\u2019Histoire Naturelle, COLMAR<\/span><\/p>\n<p class=\"western\"><span style=\"font-family: Times New Roman, serif;font-size: 12pt\"><strong>mercredi 7 mai<\/strong><span style=\"color: #ff00ff\"> 20 ANS DE CAF\u00c9-KUCHEN <\/span>balade cycliste \u00e0 14h<\/span><\/p>\n<p class=\"western\"><span style=\"font-size: 12pt\"><strong><span style=\"font-family: Times New Roman, serif\">samedi\u00a0 <\/span><span style=\"font-family: Times New Roman, serif\">2<\/span><span style=\"font-family: Times New Roman, serif\">4 <\/span><span style=\"font-family: Times New Roman, serif\">mai <\/span><\/strong>Pfahlbauten <span style=\"font-family: Times New Roman, serif\">(site lacustre au bord du lac de Constance<\/span><span style=\"font-family: Times New Roman, serif\">)<\/span><span style=\"font-family: Times New Roman, serif\">, UNTERUHLDINGEN<\/span><\/span><\/p>\n<p class=\"western\"><span style=\"font-size: 12pt\"><strong><span style=\"font-family: Times New Roman, serif\">mercredi <\/span><span style=\"font-family: Times New Roman, serif\">4<\/span> <span style=\"font-family: Times New Roman, serif\">j<\/span><span style=\"font-family: Times New Roman, serif\">ui<\/span><span style=\"font-family: Times New Roman, serif\">n<\/span><\/strong> <span style=\"font-family: Times New Roman, serif\">Caf\u00e9-Kuchen, balade cycliste \u00e0 14h<\/span><\/span><\/p>\n<p class=\"western\"><span style=\"font-size: 12pt\"><strong><span style=\"color: #000000\"><span style=\"font-family: Times New Roman, serif\"><span lang=\"fr-FR\">samedi <\/span><\/span><\/span><span style=\"color: #000000\"><span style=\"font-family: Times New Roman, serif\"><span lang=\"fr-FR\">21 ou 28 <\/span><\/span><\/span><span style=\"color: #000000\"><span style=\"font-family: Times New Roman, serif\"><span lang=\"fr-FR\"> j<\/span><\/span><\/span><span style=\"font-family: Times New Roman, serif\">uin<\/span><\/strong> <span style=\"color: #000000\"><span style=\"font-family: Times New Roman, serif\"><span lang=\"fr-FR\">Gartenschau FREUDENSTADT &amp; BAIERSBRONN<\/span><\/span><\/span><\/span><\/p>\n<p class=\"western\"><span style=\"font-family: Times New Roman, serif;font-size: 12pt\"><strong>mercredi 2 juille<\/strong><b>t<\/b> Caf\u00e9-Kuchen, balade cycliste \u00e0 14h<\/span><\/p>\n<p class=\"western\"><span style=\"font-family: Times New Roman, serif;font-size: 12pt\"><strong>samedi 5 juillet<\/strong> G\u00c9RADMER<\/span><\/p>\n<p class=\"western\"><span style=\"font-family: Times New Roman, serif;font-size: 12pt\"><strong>mercredi 6<span style=\"color: #000000\"><span lang=\"fr-FR\"> a<\/span><\/span>o\u00fbt<\/strong> Caf\u00e9-Kuchen, balades cyclistes \u00e0 14h<\/span><\/p>\n<p class=\"western\"><span style=\"font-family: Times New Roman, serif;font-size: 12pt\"><strong><span style=\"color: #000000\"><span lang=\"fr-FR\">samedi 30<\/span><\/span> ao\u00fbt<\/strong> Jardin pour la Paix<b>, <\/b><span style=\"color: #000000\"><span lang=\"fr-FR\">BITCHE<\/span><\/span><\/span><\/p>\n<p class=\"western\"><span style=\"font-family: Times New Roman, serif;font-size: 12pt\"><strong>mercredi 3 septembre<\/strong> Caf\u00e9 Kuchen, balade cycliste \u00e0 14h<\/span><\/p>\n<p class=\"western\"><span style=\"font-family: Times New Roman, serif;font-size: 12pt\"><strong><span style=\"color: #000000\"><span lang=\"fr-FR\">samedi <\/span><\/span><span style=\"color: #000000\"><span lang=\"fr-FR\">2<\/span><\/span><span style=\"color: #000000\"><span lang=\"fr-FR\">7<\/span><\/span> septembre<\/strong> <span style=\"color: #000000\"><span lang=\"fr-FR\">Gartenschau FREUDENSTADT &amp; BAIERSBRONN<\/span><\/span><\/span><\/p>\n<p class=\"western\"><span style=\"font-family: Times New Roman, serif;font-size: 12pt\"><strong>mercredi <span style=\"color: #000000\"><span lang=\"fr-FR\">1er<\/span><\/span> octobre<\/strong> Caf\u00e9 Kuchen, balade cycliste \u00e0 14h<\/span><\/p>\n<p class=\"western\"><span style=\"font-family: Times New Roman, serif;font-size: 12pt\"><strong>samedi 25 octobre<\/strong> Chrysanthema, LAHR<\/span><\/p>\n<p class=\"western\"><span style=\"font-family: Times New Roman, serif;font-size: 12pt\"><strong>mercredi 5 novembre <\/strong> Caf\u00e9 Kuchen <\/span><\/p>\n<p class=\"western\"><span style=\"font-family: Times New Roman, serif;font-size: 12pt\"><strong>samedi 29 novembre,<\/strong> Mus\u00e9e de la Fa<span style=\"color: #000000\"><span lang=\"fr-FR\">\u00efence, SARREGUEMINES<\/span><\/span><\/span><\/p>\n<p class=\"western\"><span style=\"font-family: Times New Roman, serif;font-size: 12pt\"><strong>mercredi 3 d\u00e9cembre<\/strong> Caf\u00e9 Kuchen<\/span><\/p>\n<p class=\"western\" align=\"left\"><span style=\"font-family: Times New Roman, serif;font-size: 12pt\"><strong><span style=\"color: #000000\"><span lang=\"fr-FR\">samedi 1<\/span><\/span><span style=\"color: #000000\"><span lang=\"fr-FR\">3<\/span><\/span><\/strong><span lang=\"fr-FR\"><strong> d\u00e9cembre<\/strong><b>, <\/b><\/span><span lang=\"fr-FR\">Exposition \u00ab\u00a0Impressionnisme en Allemagne\u00a0\u00bb, BADEN-BADEN.<\/span><\/span><\/p>\n<p class=\"western\" align=\"left\"><span style=\"font-family: Times New Roman, serif;font-size: 12pt\"><span style=\"color: #000000\"><span lang=\"fr-FR\"><i><b>Caf\u00e9-Kuchen<\/b><\/i><\/span><\/span><span style=\"color: #000000\"><span lang=\"fr-FR\"><i>:<\/i><\/span><\/span><i> <\/i><span style=\"color: #000000\"><span lang=\"fr-FR\"><i><b>\u00e0<\/b><\/i><\/span><\/span><i><b> <\/b><\/i><span style=\"color: #000000\"><span lang=\"fr-FR\"><i><b>partir<\/b><\/i><\/span><\/span><i><b> <\/b><\/i><span style=\"color: #000000\"><span lang=\"fr-FR\"><i><b>de<\/b><\/i><\/span><\/span><i><b> <\/b><\/i><span style=\"color: #000000\"><span lang=\"fr-FR\"><i><b>16h<\/b><\/i><\/span><\/span><i> <\/i><span style=\"color: #000000\"><span lang=\"fr-FR\"><i>sur<\/i><\/span><\/span><i> <\/i><span style=\"color: #000000\"><span lang=\"fr-FR\"><i>la<\/i><\/span><\/span><i> <\/i><span style=\"color: #000000\"><span lang=\"fr-FR\"><i>plate-forme<\/i><\/span><\/span><i> <\/i><span style=\"color: #000000\"><span lang=\"fr-FR\"><i>centrale<\/i><\/span><\/span><i> <\/i><span style=\"color: #000000\"><span lang=\"fr-FR\"><i>de<\/i><\/span><\/span><i> <\/i><span style=\"color: #000000\"><span lang=\"fr-FR\"><i>la<\/i><\/span><\/span><i> <\/i><span style=\"color: #000000\"><span lang=\"fr-FR\"><i>passerelle<\/i><\/span><\/span><i> <\/i><span style=\"color: #000000\"><span lang=\"fr-FR\"><i>du<\/i><\/span><\/span><i> <\/i><span style=\"color: #000000\"><span lang=\"fr-FR\"><i>Jardin<\/i><\/span><\/span><i> <\/i><span style=\"color: #000000\"><span lang=\"fr-FR\"><i>des<\/i><\/span><\/span><i> <\/i><span style=\"color: #000000\"><span lang=\"fr-FR\"><i>Deux<\/i><\/span><\/span><i> <\/i><span style=\"color: #000000\"><span lang=\"fr-FR\"><i>Rives<\/i><\/span><\/span><i> <\/i><span style=\"color: #000000\"><span lang=\"fr-FR\"><i>ou<\/i><\/span><\/span><i> <\/i><span style=\"color: #000000\"><span lang=\"fr-FR\"><i>en<\/i><\/span><\/span><i> <\/i><span style=\"color: #000000\"><span lang=\"fr-FR\"><i>cas<\/i><\/span><\/span><i> <\/i><span style=\"color: #000000\"><span lang=\"fr-FR\"><i>de<\/i><\/span><\/span><i> <\/i><span style=\"color: #000000\"><span lang=\"fr-FR\"><i>forte<\/i><\/span><\/span><i> <\/i><span style=\"color: #000000\"><span lang=\"fr-FR\"><i>chaleur<\/i><\/span><\/span><i> <\/i><span style=\"color: #000000\"><span lang=\"fr-FR\"><i>\u00e0<\/i><\/span><\/span><i> <\/i><span style=\"color: #000000\"><span lang=\"fr-FR\"><i>\u00ab\u00a0l<\/i><\/span><\/span><span style=\"color: #000000\"><span lang=\"fr-FR\"><i>\u2019<\/i><\/span><\/span><span style=\"color: #000000\"><span lang=\"fr-FR\"><i>Euroting\u00a0\u00bb<\/i><\/span><\/span><i> <\/i><span style=\"color: #000000\"><span lang=\"fr-FR\"><i><b>et<\/b><\/i><\/span><\/span><i><b> <\/b><\/i><span style=\"color: #000000\"><span lang=\"fr-FR\"><i><b>d&rsquo;avril<\/b><\/i><\/span><\/span><i><b> <\/b><\/i><span style=\"color: #000000\"><span lang=\"fr-FR\"><i><b>\u00e0<\/b><\/i><\/span><\/span><i><b> <\/b><\/i><span style=\"color: #000000\"><span lang=\"fr-FR\"><i><b>octobre<\/b><\/i><\/span><\/span><i><b> <\/b><\/i><span style=\"color: #000000\"><span lang=\"fr-FR\"><i><b>balade<\/b><\/i><\/span><\/span><i><b> <\/b><\/i><span style=\"color: #000000\"><span lang=\"fr-FR\"><i><b>cycliste<\/b><\/i><\/span><\/span><i><b> <\/b><\/i><span style=\"color: #000000\"><span lang=\"fr-FR\"><i><b>\u00e0<\/b><\/i><\/span><\/span><i><b> <\/b><\/i><span style=\"color: #000000\"><span lang=\"fr-FR\"><i><b>14h00<\/b><\/i><\/span><\/span><\/span><\/p>\n<p align=\"left\">\n","protected":false},"excerpt":{"rendered":"<p>RENDEZ-VOUS DE GARTEN\/\/JARDIN 2024 mercredi 1er janvier Caf\u00e9 Kuchen avec galette des rois et bretzel du nouvel an samedi 11 janvier Exposition \u00ab\u00a0Henri Matisse\u00a0\u00bb \u00e0 la Fondation Beyeler, B\u00c2LE mercredi 5 f\u00e9vrier Caf\u00e9 Kuchen samedi 8 f\u00e9vrier R\u00e9veil du fou, <a class=\"more-link\" href=\"https:\/\/azqs.com\/gartenjardin\/fr\/2024\/12\/agenda-2025\/\">Continuer la lecture <span class=\"screen-reader-text\">  Agenda 2025<\/span><span class=\"meta-nav\">&rarr;<\/span><\/a><\/p>\n","protected":false},"author":298,"featured_media":0,"comment_status":"closed","ping_status":"closed","sticky":false,"template":"","format":"standard","meta":{"footnotes":""},"categories":[39,137],"tags":[],"class_list":["post-4481","post","type-post","status-publish","format-standard","hentry","category-actvites","category-agenda"],"_links":{"self":[{"href":"https:\/\/azqs.com\/gartenjardin\/wp-json\/wp\/v2\/posts\/4481"}],"collection":[{"href":"https:\/\/azqs.com\/gartenjardin\/wp-json\/wp\/v2\/posts"}],"about":[{"href":"https:\/\/azqs.com\/gartenjardin\/wp-json\/wp\/v2\/types\/post"}],"author":[{"embeddable":true,"href":"https:\/\/azqs.com\/gartenjardin\/wp-json\/wp\/v2\/users\/298"}],"replies":[{"embeddable":true,"href":"https:\/\/azqs.com\/gartenjardin\/wp-json\/wp\/v2\/comments?post=4481"}],"version-history":[{"count":1,"href":"https:\/\/azqs.com\/gartenjardin\/wp-json\/wp\/v2\/posts\/4481\/revisions"}],"predecessor-version":[{"id":4482,"href":"https:\/\/azqs.com\/gartenjardin\/wp-json\/wp\/v2\/posts\/4481\/revisions\/4482"}],"wp:attachment":[{"href":"https:\/\/azqs.com\/gartenjardin\/wp-json\/wp\/v2\/media?parent=4481"}],"wp:term":[{"taxonomy":"category","embeddable":true,"href":"https:\/\/azqs.com\/gartenjardin\/wp-json\/wp\/v2\/categories?post=4481"},{"taxonomy":"post_tag","embeddable":true,"href":"https:\/\/azqs.com\/gartenjardin\/wp-json\/wp\/v2\/tags?post=4481"}],"curies":[{"name":"wp","href":"https:\/\/api.w.org\/{rel}","templated":true}]}}