{"id":4258,"date":"2024-09-13T16:54:02","date_gmt":"2024-09-13T15:54:02","guid":{"rendered":"https:\/\/azqs.com\/gartenjardin\/?p=4258"},"modified":"2025-02-26T17:53:54","modified_gmt":"2025-02-26T16:53:54","slug":"samedi-14-septembre-2024-20-ans-de-jardin-des-deux-rives","status":"publish","type":"post","link":"https:\/\/azqs.com\/gartenjardin\/fr\/2024\/09\/samedi-14-septembre-2024-20-ans-de-jardin-des-deux-rives\/","title":{"rendered":"Samedi 14 septembre 2024, 20 ans de jardin des Deux Rives"},"content":{"rendered":"<p>Les villes de Kehl et Strasbourg ont choisi la date du <b><span id=\"OBJ_PREFIX_DWT136_com_zimbra_date\" class=\"Object\" role=\"link\">samedi<\/span> 14 septembre<\/b> apr\u00e8s-midi pour f\u00eater les <b>20 ans du Jardin des Deux rives<\/b>.\u00a0 L&rsquo;association Garten\/\/Jardin tiendra un stand.<\/p>\n<p>https:\/\/www.strasbourg.eu\/-\/20-ans-jardin-des-deux-rives<\/p>\n<h3>C\u00f4t\u00e9 Strasbourg<\/h3>\n<p><strong>13h30<\/strong> Concert de Zagara<br \/>\n<strong>14h30<\/strong> Geste anniversaire,<br \/>\n<strong>15h00<\/strong> Go\u00fbter en musique,<br \/>\nAccompagn\u00e9 de la fanfare Bal\u2019us\u2019trad, d\u2019un artiste bulleur, des \u00e9chassiers, entre autres.<\/p>\n<p>Selon une tradition commune \u00e0 l\u2019Alsace et au Pays de Bade, on se r\u00e9unit autour de longues tables pour boire un caf\u00e9 et d\u00e9guster un g\u00e2teau. Les g\u00e2teaux et les desserts \u00e0 partager sont les bienvenus,<br \/>\n<strong>16h30<\/strong> Spectacle dresseuse et montreuse de l\u00e9gumes \u2013 Andr\u00e9e Kupp<br \/>\n<strong>17h30 <\/strong>D\u00e9ambulation de brouettes avec la fanfare Bal\u2019us\u2019trad et des \u00e9chassiers,<br \/>\n<strong>18h00 <\/strong>Cri\u00e9e publique dessin\u00e9e \u2013 Pierre Le Crieur et Sherley Freudenreich<\/p>\n<p><strong>Entre 13h30 et 19h00<\/strong> : jeux en bois \u00e0 disposition, jeux de piste, visites guid\u00e9es franco\/allemande dans le parc, atelier d\u2019impression sur le th\u00e8me de la nature, stands du service des espaces verts et de nature et sur la coop\u00e9ration europ\u00e9enne et transfrontali\u00e8re.<\/p>\n<p><strong>A partir de 19h00<\/strong>, Strasbourg passe le flambeau \u00e0 Kehl<\/p>\n<p>Au bord du Vieux Rhin, entre la roseraie et la tour panoramique, le public d\u00e9ambule \u00e0 la rencontre de com\u00e9diennes et com\u00e9diens, de jongleurs et de sons musicaux de tous les styles. Tandis que certains s\u2019attardent dans un lieu et se laissent captiver par les repr\u00e9sentations, d\u2019autres pr\u00e9f\u00e9reront fl\u00e2ner le long du chemin pour d\u00e9couvrir des sc\u00e8nes po\u00e9tiques, amusantes et \u00e9vocatrices. Des sculptures lumineuses hautes de plusieurs m\u00e8tres transforment le lieu apparemment familier en un paysage imaginaire inconnu. Ici on est surpris par un ciel embras\u00e9, l\u00e0-bas on raconte des histoires<\/p>\n<div id='gallery-1' class='gallery galleryid-4258 gallery-columns-3 gallery-size-medium'><figure class='gallery-item'>\n\t\t\t<div class='gallery-icon landscape'>\n\t\t\t\t<a href='https:\/\/azqs.com\/gartenjardin\/fr\/2024\/09\/samedi-14-septembre-2024-20-ans-de-jardin-des-deux-rives\/creator-gd-jpeg-v1-0-using-ijg-jpeg-v62-default-quality-3\/'><img loading=\"lazy\" decoding=\"async\" width=\"300\" height=\"225\" src=\"https:\/\/azqs.com\/gartenjardin\/files\/2024\/09\/stand1-300x225.jpg\" class=\"attachment-medium size-medium\" alt=\"\" srcset=\"https:\/\/azqs.com\/gartenjardin\/files\/2024\/09\/stand1-300x225.jpg 300w, https:\/\/azqs.com\/gartenjardin\/files\/2024\/09\/stand1-1024x768.jpg 1024w, https:\/\/azqs.com\/gartenjardin\/files\/2024\/09\/stand1-768x576.jpg 768w, https:\/\/azqs.com\/gartenjardin\/files\/2024\/09\/stand1.jpg 1280w\" sizes=\"(max-width: 300px) 100vw, 300px\" \/><\/a>\n\t\t\t<\/div><\/figure><figure class='gallery-item'>\n\t\t\t<div class='gallery-icon landscape'>\n\t\t\t\t<a href='https:\/\/azqs.com\/gartenjardin\/fr\/2024\/09\/samedi-14-septembre-2024-20-ans-de-jardin-des-deux-rives\/stand2\/'><img loading=\"lazy\" decoding=\"async\" width=\"300\" height=\"225\" src=\"https:\/\/azqs.com\/gartenjardin\/files\/2024\/09\/stand2-300x225.jpg\" class=\"attachment-medium size-medium\" alt=\"\" srcset=\"https:\/\/azqs.com\/gartenjardin\/files\/2024\/09\/stand2-300x225.jpg 300w, https:\/\/azqs.com\/gartenjardin\/files\/2024\/09\/stand2.jpg 640w\" sizes=\"(max-width: 300px) 100vw, 300px\" \/><\/a>\n\t\t\t<\/div><\/figure><figure class='gallery-item'>\n\t\t\t<div class='gallery-icon landscape'>\n\t\t\t\t<a href='https:\/\/azqs.com\/gartenjardin\/fr\/2024\/09\/samedi-14-septembre-2024-20-ans-de-jardin-des-deux-rives\/passerelle-3\/'><img loading=\"lazy\" decoding=\"async\" width=\"300\" height=\"225\" src=\"https:\/\/azqs.com\/gartenjardin\/files\/2024\/09\/passerelle-300x225.jpg\" class=\"attachment-medium size-medium\" alt=\"\" srcset=\"https:\/\/azqs.com\/gartenjardin\/files\/2024\/09\/passerelle-300x225.jpg 300w, https:\/\/azqs.com\/gartenjardin\/files\/2024\/09\/passerelle.jpg 640w\" sizes=\"(max-width: 300px) 100vw, 300px\" \/><\/a>\n\t\t\t<\/div><\/figure><figure class='gallery-item'>\n\t\t\t<div class='gallery-icon landscape'>\n\t\t\t\t<a href='https:\/\/azqs.com\/gartenjardin\/fr\/2024\/09\/samedi-14-septembre-2024-20-ans-de-jardin-des-deux-rives\/les-maires\/'><img loading=\"lazy\" decoding=\"async\" width=\"300\" height=\"225\" src=\"https:\/\/azqs.com\/gartenjardin\/files\/2024\/09\/les-maires-300x225.jpg\" class=\"attachment-medium size-medium\" alt=\"\" srcset=\"https:\/\/azqs.com\/gartenjardin\/files\/2024\/09\/les-maires-300x225.jpg 300w, https:\/\/azqs.com\/gartenjardin\/files\/2024\/09\/les-maires.jpg 640w\" sizes=\"(max-width: 300px) 100vw, 300px\" \/><\/a>\n\t\t\t<\/div><\/figure><figure class='gallery-item'>\n\t\t\t<div class='gallery-icon landscape'>\n\t\t\t\t<a href='https:\/\/azqs.com\/gartenjardin\/fr\/2024\/09\/samedi-14-septembre-2024-20-ans-de-jardin-des-deux-rives\/europe-en-musique\/'><img loading=\"lazy\" decoding=\"async\" width=\"300\" height=\"225\" src=\"https:\/\/azqs.com\/gartenjardin\/files\/2024\/09\/Europe-en-musique-300x225.jpg\" class=\"attachment-medium size-medium\" alt=\"\" srcset=\"https:\/\/azqs.com\/gartenjardin\/files\/2024\/09\/Europe-en-musique-300x225.jpg 300w, https:\/\/azqs.com\/gartenjardin\/files\/2024\/09\/Europe-en-musique.jpg 640w\" sizes=\"(max-width: 300px) 100vw, 300px\" \/><\/a>\n\t\t\t<\/div><\/figure><figure class='gallery-item'>\n\t\t\t<div class='gallery-icon landscape'>\n\t\t\t\t<a href='https:\/\/azqs.com\/gartenjardin\/fr\/2024\/09\/samedi-14-septembre-2024-20-ans-de-jardin-des-deux-rives\/bulles\/'><img loading=\"lazy\" decoding=\"async\" width=\"300\" height=\"225\" src=\"https:\/\/azqs.com\/gartenjardin\/files\/2024\/09\/bulles-300x225.jpg\" class=\"attachment-medium size-medium\" alt=\"\" srcset=\"https:\/\/azqs.com\/gartenjardin\/files\/2024\/09\/bulles-300x225.jpg 300w, https:\/\/azqs.com\/gartenjardin\/files\/2024\/09\/bulles.jpg 640w\" sizes=\"(max-width: 300px) 100vw, 300px\" \/><\/a>\n\t\t\t<\/div><\/figure>\n\t\t<\/div>\n\n<p>Stand assez fr\u00e9quent\u00e9 au pied de la passerelle o\u00f9 est pr\u00e9sent\u00e9e l&rsquo;exposition \u00ab\u00a0Les rives du Rhin d&rsquo;antan\u00a0\u00bb. Int\u00e9r\u00eat particulier aupr\u00e8s des jeunes. Rallye pour 3 classes d&rsquo;age.<\/p>\n","protected":false},"excerpt":{"rendered":"<p>Les villes de Kehl et Strasbourg ont choisi la date du samedi 14 septembre apr\u00e8s-midi pour f\u00eater les 20 ans du Jardin des Deux rives.\u00a0 L&rsquo;association Garten\/\/Jardin tiendra un stand. https:\/\/www.strasbourg.eu\/-\/20-ans-jardin-des-deux-rives C\u00f4t\u00e9 Strasbourg 13h30 Concert de Zagara 14h30 Geste anniversaire, <a class=\"more-link\" href=\"https:\/\/azqs.com\/gartenjardin\/fr\/2024\/09\/samedi-14-septembre-2024-20-ans-de-jardin-des-deux-rives\/\">Continuer la lecture <span class=\"screen-reader-text\">  Samedi 14 septembre 2024, 20 ans de jardin des Deux Rives<\/span><span class=\"meta-nav\">&rarr;<\/span><\/a><\/p>\n","protected":false},"author":298,"featured_media":0,"comment_status":"closed","ping_status":"closed","sticky":false,"template":"","format":"standard","meta":{"footnotes":""},"categories":[39,356,26,24],"tags":[],"class_list":["post-4258","post","type-post","status-publish","format-standard","hentry","category-actvites","category-garten-der-zwei-ufer-fr","category-historique-du-lieu","category-jardin-des-deux-rives"],"_links":{"self":[{"href":"https:\/\/azqs.com\/gartenjardin\/wp-json\/wp\/v2\/posts\/4258"}],"collection":[{"href":"https:\/\/azqs.com\/gartenjardin\/wp-json\/wp\/v2\/posts"}],"about":[{"href":"https:\/\/azqs.com\/gartenjardin\/wp-json\/wp\/v2\/types\/post"}],"author":[{"embeddable":true,"href":"https:\/\/azqs.com\/gartenjardin\/wp-json\/wp\/v2\/users\/298"}],"replies":[{"embeddable":true,"href":"https:\/\/azqs.com\/gartenjardin\/wp-json\/wp\/v2\/comments?post=4258"}],"version-history":[{"count":4,"href":"https:\/\/azqs.com\/gartenjardin\/wp-json\/wp\/v2\/posts\/4258\/revisions"}],"predecessor-version":[{"id":4680,"href":"https:\/\/azqs.com\/gartenjardin\/wp-json\/wp\/v2\/posts\/4258\/revisions\/4680"}],"wp:attachment":[{"href":"https:\/\/azqs.com\/gartenjardin\/wp-json\/wp\/v2\/media?parent=4258"}],"wp:term":[{"taxonomy":"category","embeddable":true,"href":"https:\/\/azqs.com\/gartenjardin\/wp-json\/wp\/v2\/categories?post=4258"},{"taxonomy":"post_tag","embeddable":true,"href":"https:\/\/azqs.com\/gartenjardin\/wp-json\/wp\/v2\/tags?post=4258"}],"curies":[{"name":"wp","href":"https:\/\/api.w.org\/{rel}","templated":true}]}}