{"id":4238,"date":"2024-09-13T16:26:58","date_gmt":"2024-09-13T15:26:58","guid":{"rendered":"https:\/\/azqs.com\/gartenjardin\/?p=4238"},"modified":"2025-02-25T22:05:57","modified_gmt":"2025-02-25T21:05:57","slug":"mercredi-4-septembre-cafe-kuchen","status":"publish","type":"post","link":"https:\/\/azqs.com\/gartenjardin\/fr\/2024\/09\/mercredi-4-septembre-cafe-kuchen\/","title":{"rendered":"mercredi 4 septembre Caf\u00e9-Kuchen"},"content":{"rendered":"<div dir=\"ltr\"><\/div>\n<div dir=\"ltr\">Avec\u00a0 les Amis de la Passerelle nous vous invitons\u00a0 le<b> <span id=\"OBJ_PREFIX_DWT93_com_zimbra_date\" class=\"Object\" role=\"link\">mercredi<\/span> 4 septembre<\/b> \u00e0 la traditionnelle rencontre <b>Caf\u00e9-Kuchen sur la plate-forme centrale de la passerelle des Deux Rives, \u00e0 partir de 16h<\/b>. Chacun est invit\u00e9 \u00e0 apporter de quoi boire ou manger, \u00e0 partager.<\/div>\n<div dir=\"ltr\">\n<div dir=\"ltr\">\n<div>\n<div dir=\"ltr\">Nous vous proposons de prolonger la rencontre par un<b> ap\u00e9ritif<\/b>, toujours \u00e0 partager, <b>\u00e0 partir de 18h<\/b>, permettant ainsi \u00e0 tous de passer un bon moment sur la passerelle.<\/div>\n<\/div>\n<p>La rencontre est pr\u00e9c\u00e9d\u00e9e d&rsquo;une<b> balade cycliste, m\u00eame lieu \u00e0 14h.<\/b><\/p>\n<\/div>\n<p><span style=\"font-size: small\">En cas de forte chaleur, le rendez-vous sera d\u00e9plac\u00e9 sous les arbres, \u00e0 l&rsquo;Eurothing, environ 50m au sud de la passerelle cot\u00e9 Kehl. <\/span><\/p>\n<\/div>\n<div id='gallery-1' class='gallery galleryid-4238 gallery-columns-2 gallery-size-medium'><figure class='gallery-item'>\n\t\t\t<div class='gallery-icon landscape'>\n\t\t\t\t<a href='https:\/\/azqs.com\/gartenjardin\/fr\/2024\/09\/mercredi-4-septembre-cafe-kuchen\/cksept2024-2\/'><img loading=\"lazy\" decoding=\"async\" width=\"300\" height=\"225\" src=\"https:\/\/azqs.com\/gartenjardin\/files\/2024\/09\/CKSept2024-2-300x225.jpg\" class=\"attachment-medium size-medium\" alt=\"\" srcset=\"https:\/\/azqs.com\/gartenjardin\/files\/2024\/09\/CKSept2024-2-300x225.jpg 300w, https:\/\/azqs.com\/gartenjardin\/files\/2024\/09\/CKSept2024-2-1024x768.jpg 1024w, https:\/\/azqs.com\/gartenjardin\/files\/2024\/09\/CKSept2024-2-768x576.jpg 768w, https:\/\/azqs.com\/gartenjardin\/files\/2024\/09\/CKSept2024-2-1536x1153.jpg 1536w, https:\/\/azqs.com\/gartenjardin\/files\/2024\/09\/CKSept2024-2-400x300.jpg 400w, https:\/\/azqs.com\/gartenjardin\/files\/2024\/09\/CKSept2024-2.jpg 2015w\" sizes=\"(max-width: 300px) 100vw, 300px\" \/><\/a>\n\t\t\t<\/div><\/figure><figure class='gallery-item'>\n\t\t\t<div class='gallery-icon landscape'>\n\t\t\t\t<a href='https:\/\/azqs.com\/gartenjardin\/fr\/2024\/09\/mercredi-4-septembre-cafe-kuchen\/cksept2024-1\/'><img loading=\"lazy\" decoding=\"async\" width=\"300\" height=\"208\" src=\"https:\/\/azqs.com\/gartenjardin\/files\/2024\/09\/CKSept2024-1-300x208.jpg\" class=\"attachment-medium size-medium\" alt=\"\" srcset=\"https:\/\/azqs.com\/gartenjardin\/files\/2024\/09\/CKSept2024-1-300x208.jpg 300w, https:\/\/azqs.com\/gartenjardin\/files\/2024\/09\/CKSept2024-1-1024x711.jpg 1024w, https:\/\/azqs.com\/gartenjardin\/files\/2024\/09\/CKSept2024-1-768x533.jpg 768w, https:\/\/azqs.com\/gartenjardin\/files\/2024\/09\/CKSept2024-1-1536x1067.jpg 1536w, https:\/\/azqs.com\/gartenjardin\/files\/2024\/09\/CKSept2024-1-432x300.jpg 432w, https:\/\/azqs.com\/gartenjardin\/files\/2024\/09\/CKSept2024-1.jpg 1830w\" sizes=\"(max-width: 300px) 100vw, 300px\" \/><\/a>\n\t\t\t<\/div><\/figure>\n\t\t<\/div>\n\n<p>Belle r\u00e9union, film\u00e9e par la SWR (t\u00e9l\u00e9 allemande)<\/p>\n","protected":false},"excerpt":{"rendered":"<p>Avec\u00a0 les Amis de la Passerelle nous vous invitons\u00a0 le mercredi 4 septembre \u00e0 la traditionnelle rencontre Caf\u00e9-Kuchen sur la plate-forme centrale de la passerelle des Deux Rives, \u00e0 partir de 16h. Chacun est invit\u00e9 \u00e0 apporter de quoi boire <a class=\"more-link\" href=\"https:\/\/azqs.com\/gartenjardin\/fr\/2024\/09\/mercredi-4-septembre-cafe-kuchen\/\">Continuer la lecture <span class=\"screen-reader-text\">  mercredi 4 septembre Caf\u00e9-Kuchen<\/span><span class=\"meta-nav\">&rarr;<\/span><\/a><\/p>\n","protected":false},"author":298,"featured_media":0,"comment_status":"closed","ping_status":"closed","sticky":false,"template":"","format":"standard","meta":{"footnotes":""},"categories":[37],"tags":[],"class_list":["post-4238","post","type-post","status-publish","format-standard","hentry","category-cafe-kuchen"],"_links":{"self":[{"href":"https:\/\/azqs.com\/gartenjardin\/wp-json\/wp\/v2\/posts\/4238"}],"collection":[{"href":"https:\/\/azqs.com\/gartenjardin\/wp-json\/wp\/v2\/posts"}],"about":[{"href":"https:\/\/azqs.com\/gartenjardin\/wp-json\/wp\/v2\/types\/post"}],"author":[{"embeddable":true,"href":"https:\/\/azqs.com\/gartenjardin\/wp-json\/wp\/v2\/users\/298"}],"replies":[{"embeddable":true,"href":"https:\/\/azqs.com\/gartenjardin\/wp-json\/wp\/v2\/comments?post=4238"}],"version-history":[{"count":3,"href":"https:\/\/azqs.com\/gartenjardin\/wp-json\/wp\/v2\/posts\/4238\/revisions"}],"predecessor-version":[{"id":4243,"href":"https:\/\/azqs.com\/gartenjardin\/wp-json\/wp\/v2\/posts\/4238\/revisions\/4243"}],"wp:attachment":[{"href":"https:\/\/azqs.com\/gartenjardin\/wp-json\/wp\/v2\/media?parent=4238"}],"wp:term":[{"taxonomy":"category","embeddable":true,"href":"https:\/\/azqs.com\/gartenjardin\/wp-json\/wp\/v2\/categories?post=4238"},{"taxonomy":"post_tag","embeddable":true,"href":"https:\/\/azqs.com\/gartenjardin\/wp-json\/wp\/v2\/tags?post=4238"}],"curies":[{"name":"wp","href":"https:\/\/api.w.org\/{rel}","templated":true}]}}