{"id":4215,"date":"2024-08-11T15:46:46","date_gmt":"2024-08-11T14:46:46","guid":{"rendered":"https:\/\/azqs.com\/gartenjardin\/?p=4215"},"modified":"2025-02-25T21:58:41","modified_gmt":"2025-02-25T20:58:41","slug":"samstag-24-august-2024-augusta-raurica-roemerfest","status":"publish","type":"post","link":"https:\/\/azqs.com\/gartenjardin\/de\/2024\/08\/samstag-24-august-2024-augusta-raurica-roemerfest\/","title":{"rendered":"Samstag, 24.  August 2024, Augusta Raurica, R\u00f6merfest"},"content":{"rendered":"<div dir=\"ltr\">Zum Ausklang der Ferienzeit bietet\u00a0 der Verein Garten\/\/Jardin am <b>Samstag, 24. August 2024<\/b>, einen Ausflug in die Zeit der R\u00f6<span id=\"OBJ_PREFIX_DWT399_com_zimbra_date\" class=\"Object\" role=\"link\">mer<\/span> an, anl\u00e4sslich des<b> R\u00f6merfestes in Augusta Raurica<\/b> bei Basel. Spartacus spielen oder Ben Hur&#8230;<\/div>\n<div dir=\"ltr\"><span id=\"OBJ_PREFIX_DWT400_com_zimbra_url\" class=\"Object\" role=\"link\"><a href=\"https:\/\/www.augustaraurica.ch\/roemerfest\/ueber-das-roemerfest\" target=\"_blank\" rel=\"nofollow noopener\">https:\/\/www.augustaraurica.ch\/roemerfest\/ueber-das-roemerfest<\/a><\/span><\/div>\n<div dir=\"ltr\"><\/div>\n<div dir=\"ltr\"><span style=\"color: #cd232c\"><b>Der Eintritt zum Gel\u00e4nde kostet 18 CHF pro Person und wir empfehlen, die Eintrittskarten online zu kaufen<\/b><\/span>, um den kostenlosen Transport ab Bahnhof Basel nutzen zu k\u00f6nnen und das Anstehen an den Kassen zu vermeiden.\u00a0 <span style=\"color: #cd232c\"><b>Option ausw\u00e4hlen : \u00ab\u00a0Als Gast buchen\u00a0\u00bb<\/b><\/span><\/div>\n<div dir=\"ltr\"><\/div>\n<div dir=\"ltr\"><span id=\"OBJ_PREFIX_DWT401_com_zimbra_url\" class=\"Object\" role=\"link\"><a class=\"\" href=\"https:\/\/shop.augustaraurica.ch\/fr\/tickets\/1097\" target=\"_blank\" rel=\"nofollow noopener\">https:\/\/shop.augustaraurica.ch\/fr\/tickets\/1097<\/a><\/span><\/div>\n<p><b>Treffpunkt um 8:20 Uhr in der zentralen Eingangshalle des Stra\u00dfburger Bahnhofs<\/b>; R\u00fcckkehr gegen 19.40 Uhr. Rucksackverpflegung m\u00f6glich, sowie zahlreiche Verk\u00f6stigungsm\u00f6glichkeiten beim R\u00f6merfest auf dem Gel\u00e4nde. F\u00fcr die gemeinsamen Fahrten zwischen Strasbourg und Basel bitte 10 Euro pro Person einplanen.<\/p>\n<div id='gallery-1' class='gallery galleryid-4215 gallery-columns-3 gallery-size-medium'><figure class='gallery-item'>\n\t\t\t<div class='gallery-icon landscape'>\n\t\t\t\t<a href='https:\/\/azqs.com\/gartenjardin\/de\/2024\/08\/samstag-24-august-2024-augusta-raurica-roemerfest\/musiciens-4\/'><img loading=\"lazy\" decoding=\"async\" width=\"300\" height=\"225\" src=\"https:\/\/azqs.com\/gartenjardin\/files\/2024\/08\/musiciens-1-300x225.jpg\" class=\"attachment-medium size-medium\" alt=\"\" srcset=\"https:\/\/azqs.com\/gartenjardin\/files\/2024\/08\/musiciens-1-300x225.jpg 300w, https:\/\/azqs.com\/gartenjardin\/files\/2024\/08\/musiciens-1-1024x768.jpg 1024w, https:\/\/azqs.com\/gartenjardin\/files\/2024\/08\/musiciens-1-768x576.jpg 768w, https:\/\/azqs.com\/gartenjardin\/files\/2024\/08\/musiciens-1-1536x1152.jpg 1536w, https:\/\/azqs.com\/gartenjardin\/files\/2024\/08\/musiciens-1-2048x1536.jpg 2048w\" sizes=\"(max-width: 300px) 100vw, 300px\" \/><\/a>\n\t\t\t<\/div><\/figure><figure class='gallery-item'>\n\t\t\t<div class='gallery-icon landscape'>\n\t\t\t\t<a href='https:\/\/azqs.com\/gartenjardin\/de\/2024\/08\/samstag-24-august-2024-augusta-raurica-roemerfest\/jeux-2\/'><img loading=\"lazy\" decoding=\"async\" width=\"300\" height=\"225\" src=\"https:\/\/azqs.com\/gartenjardin\/files\/2024\/08\/jeux-1-300x225.jpg\" class=\"attachment-medium size-medium\" alt=\"\" srcset=\"https:\/\/azqs.com\/gartenjardin\/files\/2024\/08\/jeux-1-300x225.jpg 300w, https:\/\/azqs.com\/gartenjardin\/files\/2024\/08\/jeux-1-1024x768.jpg 1024w, https:\/\/azqs.com\/gartenjardin\/files\/2024\/08\/jeux-1-768x576.jpg 768w, https:\/\/azqs.com\/gartenjardin\/files\/2024\/08\/jeux-1-1536x1152.jpg 1536w, https:\/\/azqs.com\/gartenjardin\/files\/2024\/08\/jeux-1-2048x1536.jpg 2048w\" sizes=\"(max-width: 300px) 100vw, 300px\" \/><\/a>\n\t\t\t<\/div><\/figure><figure class='gallery-item'>\n\t\t\t<div class='gallery-icon landscape'>\n\t\t\t\t<a href='https:\/\/azqs.com\/gartenjardin\/de\/2024\/08\/samstag-24-august-2024-augusta-raurica-roemerfest\/sceaux-2\/'><img loading=\"lazy\" decoding=\"async\" width=\"300\" height=\"225\" src=\"https:\/\/azqs.com\/gartenjardin\/files\/2024\/08\/sceaux-1-300x225.jpg\" class=\"attachment-medium size-medium\" alt=\"\" srcset=\"https:\/\/azqs.com\/gartenjardin\/files\/2024\/08\/sceaux-1-300x225.jpg 300w, https:\/\/azqs.com\/gartenjardin\/files\/2024\/08\/sceaux-1-1024x768.jpg 1024w, https:\/\/azqs.com\/gartenjardin\/files\/2024\/08\/sceaux-1-768x576.jpg 768w, https:\/\/azqs.com\/gartenjardin\/files\/2024\/08\/sceaux-1-1536x1152.jpg 1536w, https:\/\/azqs.com\/gartenjardin\/files\/2024\/08\/sceaux-1-2048x1536.jpg 2048w\" sizes=\"(max-width: 300px) 100vw, 300px\" \/><\/a>\n\t\t\t<\/div><\/figure><figure class='gallery-item'>\n\t\t\t<div class='gallery-icon landscape'>\n\t\t\t\t<a href='https:\/\/azqs.com\/gartenjardin\/de\/2024\/08\/samstag-24-august-2024-augusta-raurica-roemerfest\/gladiateurs-2\/'><img loading=\"lazy\" decoding=\"async\" width=\"300\" height=\"225\" src=\"https:\/\/azqs.com\/gartenjardin\/files\/2024\/08\/gladiateurs-1-300x225.jpg\" class=\"attachment-medium size-medium\" alt=\"\" srcset=\"https:\/\/azqs.com\/gartenjardin\/files\/2024\/08\/gladiateurs-1-300x225.jpg 300w, https:\/\/azqs.com\/gartenjardin\/files\/2024\/08\/gladiateurs-1-1024x768.jpg 1024w, https:\/\/azqs.com\/gartenjardin\/files\/2024\/08\/gladiateurs-1-768x576.jpg 768w, https:\/\/azqs.com\/gartenjardin\/files\/2024\/08\/gladiateurs-1-1536x1152.jpg 1536w, https:\/\/azqs.com\/gartenjardin\/files\/2024\/08\/gladiateurs-1-2048x1536.jpg 2048w\" sizes=\"(max-width: 300px) 100vw, 300px\" \/><\/a>\n\t\t\t<\/div><\/figure><figure class='gallery-item'>\n\t\t\t<div class='gallery-icon landscape'>\n\t\t\t\t<a href='https:\/\/azqs.com\/gartenjardin\/de\/2024\/08\/samstag-24-august-2024-augusta-raurica-roemerfest\/theatre-2\/'><img loading=\"lazy\" decoding=\"async\" width=\"300\" height=\"225\" src=\"https:\/\/azqs.com\/gartenjardin\/files\/2024\/08\/theatre-1-300x225.jpg\" class=\"attachment-medium size-medium\" alt=\"\" srcset=\"https:\/\/azqs.com\/gartenjardin\/files\/2024\/08\/theatre-1-300x225.jpg 300w, https:\/\/azqs.com\/gartenjardin\/files\/2024\/08\/theatre-1-1024x768.jpg 1024w, https:\/\/azqs.com\/gartenjardin\/files\/2024\/08\/theatre-1-768x576.jpg 768w, https:\/\/azqs.com\/gartenjardin\/files\/2024\/08\/theatre-1-1536x1152.jpg 1536w, https:\/\/azqs.com\/gartenjardin\/files\/2024\/08\/theatre-1-2048x1536.jpg 2048w\" sizes=\"(max-width: 300px) 100vw, 300px\" \/><\/a>\n\t\t\t<\/div><\/figure><figure class='gallery-item'>\n\t\t\t<div class='gallery-icon landscape'>\n\t\t\t\t<a href='https:\/\/azqs.com\/gartenjardin\/de\/2024\/08\/samstag-24-august-2024-augusta-raurica-roemerfest\/cantines-2\/'><img loading=\"lazy\" decoding=\"async\" width=\"300\" height=\"225\" src=\"https:\/\/azqs.com\/gartenjardin\/files\/2024\/08\/cantines-1-300x225.jpg\" class=\"attachment-medium size-medium\" alt=\"\" srcset=\"https:\/\/azqs.com\/gartenjardin\/files\/2024\/08\/cantines-1-300x225.jpg 300w, https:\/\/azqs.com\/gartenjardin\/files\/2024\/08\/cantines-1-1024x768.jpg 1024w, https:\/\/azqs.com\/gartenjardin\/files\/2024\/08\/cantines-1-768x576.jpg 768w, https:\/\/azqs.com\/gartenjardin\/files\/2024\/08\/cantines-1-1536x1152.jpg 1536w, https:\/\/azqs.com\/gartenjardin\/files\/2024\/08\/cantines-1-2048x1536.jpg 2048w\" sizes=\"(max-width: 300px) 100vw, 300px\" \/><\/a>\n\t\t\t<\/div><\/figure><figure class='gallery-item'>\n\t\t\t<div class='gallery-icon landscape'>\n\t\t\t\t<a href='https:\/\/azqs.com\/gartenjardin\/de\/2024\/08\/samstag-24-august-2024-augusta-raurica-roemerfest\/danseuses-2\/'><img loading=\"lazy\" decoding=\"async\" width=\"300\" height=\"225\" src=\"https:\/\/azqs.com\/gartenjardin\/files\/2024\/08\/danseuses-1-300x225.jpg\" class=\"attachment-medium size-medium\" alt=\"\" srcset=\"https:\/\/azqs.com\/gartenjardin\/files\/2024\/08\/danseuses-1-300x225.jpg 300w, https:\/\/azqs.com\/gartenjardin\/files\/2024\/08\/danseuses-1-1024x768.jpg 1024w, https:\/\/azqs.com\/gartenjardin\/files\/2024\/08\/danseuses-1-768x576.jpg 768w, https:\/\/azqs.com\/gartenjardin\/files\/2024\/08\/danseuses-1-1536x1152.jpg 1536w, https:\/\/azqs.com\/gartenjardin\/files\/2024\/08\/danseuses-1-2048x1536.jpg 2048w\" sizes=\"(max-width: 300px) 100vw, 300px\" \/><\/a>\n\t\t\t<\/div><\/figure><figure class='gallery-item'>\n\t\t\t<div class='gallery-icon landscape'>\n\t\t\t\t<a href='https:\/\/azqs.com\/gartenjardin\/de\/2024\/08\/samstag-24-august-2024-augusta-raurica-roemerfest\/defile-2\/'><img loading=\"lazy\" decoding=\"async\" width=\"300\" height=\"225\" src=\"https:\/\/azqs.com\/gartenjardin\/files\/2024\/08\/defile-1-300x225.jpg\" class=\"attachment-medium size-medium\" alt=\"\" srcset=\"https:\/\/azqs.com\/gartenjardin\/files\/2024\/08\/defile-1-300x225.jpg 300w, https:\/\/azqs.com\/gartenjardin\/files\/2024\/08\/defile-1-1024x768.jpg 1024w, https:\/\/azqs.com\/gartenjardin\/files\/2024\/08\/defile-1-768x576.jpg 768w, https:\/\/azqs.com\/gartenjardin\/files\/2024\/08\/defile-1-1536x1152.jpg 1536w, https:\/\/azqs.com\/gartenjardin\/files\/2024\/08\/defile-1-2048x1536.jpg 2048w\" sizes=\"(max-width: 300px) 100vw, 300px\" \/><\/a>\n\t\t\t<\/div><\/figure><figure class='gallery-item'>\n\t\t\t<div class='gallery-icon landscape'>\n\t\t\t\t<a href='https:\/\/azqs.com\/gartenjardin\/de\/2024\/08\/samstag-24-august-2024-augusta-raurica-roemerfest\/phalange-2\/'><img loading=\"lazy\" decoding=\"async\" width=\"300\" height=\"225\" src=\"https:\/\/azqs.com\/gartenjardin\/files\/2024\/08\/phalange-1-300x225.jpg\" class=\"attachment-medium size-medium\" alt=\"\" srcset=\"https:\/\/azqs.com\/gartenjardin\/files\/2024\/08\/phalange-1-300x225.jpg 300w, https:\/\/azqs.com\/gartenjardin\/files\/2024\/08\/phalange-1-1024x768.jpg 1024w, https:\/\/azqs.com\/gartenjardin\/files\/2024\/08\/phalange-1-768x576.jpg 768w, https:\/\/azqs.com\/gartenjardin\/files\/2024\/08\/phalange-1-1536x1152.jpg 1536w, https:\/\/azqs.com\/gartenjardin\/files\/2024\/08\/phalange-1-2048x1536.jpg 2048w\" sizes=\"(max-width: 300px) 100vw, 300px\" \/><\/a>\n\t\t\t<\/div><\/figure>\n\t\t<\/div>\n\n<p>Dreizehn Personen erleben einen r\u00f6mischen Tag mit St\u00e4nden von Handwerkern und Vereinen, Auff\u00fchrungen, Paraden und Kantinen. Achtung, trinken Sie genug, denn die Hitze kann zu Unwohlsein f\u00fchren.<\/p>\n","protected":false},"excerpt":{"rendered":"<p>Zum Ausklang der Ferienzeit bietet\u00a0 der Verein Garten\/\/Jardin am Samstag, 24. August 2024, einen Ausflug in die Zeit der R\u00f6mer an, anl\u00e4sslich des R\u00f6merfestes in Augusta Raurica bei Basel. Spartacus spielen oder Ben Hur&#8230; https:\/\/www.augustaraurica.ch\/roemerfest\/ueber-das-roemerfest Der Eintritt zum Gel\u00e4nde kostet <a class=\"more-link\" href=\"https:\/\/azqs.com\/gartenjardin\/de\/2024\/08\/samstag-24-august-2024-augusta-raurica-roemerfest\/\">Continuer la lecture <span class=\"screen-reader-text\">  Samstag, 24.  August 2024, Augusta Raurica, R\u00f6merfest<\/span><span class=\"meta-nav\">&rarr;<\/span><\/a><\/p>\n","protected":false},"author":298,"featured_media":0,"comment_status":"closed","ping_status":"closed","sticky":false,"template":"","format":"standard","meta":{"footnotes":""},"categories":[117,101],"tags":[],"class_list":["post-4215","post","type-post","status-publish","format-standard","hentry","category-de-sortie","category-de-activite"],"_links":{"self":[{"href":"https:\/\/azqs.com\/gartenjardin\/wp-json\/wp\/v2\/posts\/4215"}],"collection":[{"href":"https:\/\/azqs.com\/gartenjardin\/wp-json\/wp\/v2\/posts"}],"about":[{"href":"https:\/\/azqs.com\/gartenjardin\/wp-json\/wp\/v2\/types\/post"}],"author":[{"embeddable":true,"href":"https:\/\/azqs.com\/gartenjardin\/wp-json\/wp\/v2\/users\/298"}],"replies":[{"embeddable":true,"href":"https:\/\/azqs.com\/gartenjardin\/wp-json\/wp\/v2\/comments?post=4215"}],"version-history":[{"count":3,"href":"https:\/\/azqs.com\/gartenjardin\/wp-json\/wp\/v2\/posts\/4215\/revisions"}],"predecessor-version":[{"id":4644,"href":"https:\/\/azqs.com\/gartenjardin\/wp-json\/wp\/v2\/posts\/4215\/revisions\/4644"}],"wp:attachment":[{"href":"https:\/\/azqs.com\/gartenjardin\/wp-json\/wp\/v2\/media?parent=4215"}],"wp:term":[{"taxonomy":"category","embeddable":true,"href":"https:\/\/azqs.com\/gartenjardin\/wp-json\/wp\/v2\/categories?post=4215"},{"taxonomy":"post_tag","embeddable":true,"href":"https:\/\/azqs.com\/gartenjardin\/wp-json\/wp\/v2\/tags?post=4215"}],"curies":[{"name":"wp","href":"https:\/\/api.w.org\/{rel}","templated":true}]}}