{"id":4213,"date":"2024-08-11T15:44:39","date_gmt":"2024-08-11T14:44:39","guid":{"rendered":"https:\/\/azqs.com\/gartenjardin\/?p=4213"},"modified":"2025-02-25T21:55:44","modified_gmt":"2025-02-25T20:55:44","slug":"samedi-24-aout-2024-augusta-raurica-fete-romaine","status":"publish","type":"post","link":"https:\/\/azqs.com\/gartenjardin\/fr\/2024\/08\/samedi-24-aout-2024-augusta-raurica-fete-romaine\/","title":{"rendered":"samedi 24 ao\u00fbt 2024, Augusta Raurica, F\u00eate Romaine"},"content":{"rendered":"<div dir=\"ltr\">L&rsquo;association Garten\/\/Jardin vous propose le<b> <span id=\"OBJ_PREFIX_DWT396_com_zimbra_date\" class=\"Object\" role=\"link\">samedi 24 ao\u00fbt 2024<\/span><\/b> une vir\u00e9e au temps des romains pour la<b> f\u00eate romaine \u00e0 Augusta Raurica <\/b>pr\u00e8s de B\u00e2le. Venez jouer \u00e0 Spartacus ou Ben Hur&#8230;<\/div>\n<div dir=\"ltr\">\u00a0<span id=\"OBJ_PREFIX_DWT397_com_zimbra_url\" class=\"Object\" role=\"link\"><a href=\"https:\/\/www.augustaraurica.ch\/fr\/fete-romaine\/%C3%A0-propos-de-la-f%C3%AAte-romaine\" target=\"_blank\" rel=\"nofollow noopener\">https:\/\/www.augustaraurica.ch\/fr\/fete-romaine\/%C3%A0-propos-de-la-f%C3%AAte-romaine<\/a><\/span><\/div>\n<div dir=\"ltr\"><\/div>\n<div dir=\"ltr\"><span style=\"color: #cd232c\"><b>L&rsquo;entr\u00e9e du site est de 18 CHF par personne et nous vous demandons de l&rsquo;acheter en ligne<\/b><\/span> pour pouvoir b\u00e9n\u00e9ficier du transport gratuit \u00e0 partir de la gare de B\u00e2le-et \u00e9viter la queue aux caisses. Choisissez l&rsquo;option <span style=\"color: #cd232c\"><b>\u00ab\u00a0Commander en tant qu&rsquo;invit\u00e9\u00a0\u00bb <\/b><\/span><\/div>\n<div dir=\"ltr\"><span id=\"OBJ_PREFIX_DWT398_com_zimbra_url\" class=\"Object\" role=\"link\"><a href=\"https:\/\/shop.augustaraurica.ch\/fr\/tickets\/1097\" target=\"_blank\" rel=\"nofollow noopener\">https:\/\/shop.augustaraurica.ch\/fr\/tickets\/1097<\/a><\/span><\/div>\n<div dir=\"ltr\"><b>\u00a0<\/b><\/div>\n<div dir=\"ltr\"><b>\u00a0Rendez-vous \u00e0 8h20 dans le hall central de la gare de Strasbourg<\/b>. Retour vers 19h40. Repas tir\u00e9 du sac avec de nombreuses possibilit\u00e9s de restauration &#8211; \u00e0 la romaine- sur le site. Pr\u00e9voir 10 euros pour l&rsquo;aller\/retour B\u00e2le<\/div>\n<div dir=\"ltr\">\n<div id='gallery-1' class='gallery galleryid-4213 gallery-columns-3 gallery-size-medium'><figure class='gallery-item'>\n\t\t\t<div class='gallery-icon landscape'>\n\t\t\t\t<a href='https:\/\/azqs.com\/gartenjardin\/fr\/2024\/08\/samedi-24-aout-2024-augusta-raurica-fete-romaine\/musiciens-3\/'><img loading=\"lazy\" decoding=\"async\" width=\"300\" height=\"225\" src=\"https:\/\/azqs.com\/gartenjardin\/files\/2024\/08\/musiciens-300x225.jpg\" class=\"attachment-medium size-medium\" alt=\"\" srcset=\"https:\/\/azqs.com\/gartenjardin\/files\/2024\/08\/musiciens-300x225.jpg 300w, https:\/\/azqs.com\/gartenjardin\/files\/2024\/08\/musiciens-1024x768.jpg 1024w, https:\/\/azqs.com\/gartenjardin\/files\/2024\/08\/musiciens-768x576.jpg 768w, https:\/\/azqs.com\/gartenjardin\/files\/2024\/08\/musiciens-1536x1152.jpg 1536w, https:\/\/azqs.com\/gartenjardin\/files\/2024\/08\/musiciens-2048x1536.jpg 2048w\" sizes=\"(max-width: 300px) 100vw, 300px\" \/><\/a>\n\t\t\t<\/div><\/figure><figure class='gallery-item'>\n\t\t\t<div class='gallery-icon landscape'>\n\t\t\t\t<a href='https:\/\/azqs.com\/gartenjardin\/fr\/2024\/08\/samedi-24-aout-2024-augusta-raurica-fete-romaine\/jeux\/'><img loading=\"lazy\" decoding=\"async\" width=\"300\" height=\"225\" src=\"https:\/\/azqs.com\/gartenjardin\/files\/2024\/08\/jeux-300x225.jpg\" class=\"attachment-medium size-medium\" alt=\"\" srcset=\"https:\/\/azqs.com\/gartenjardin\/files\/2024\/08\/jeux-300x225.jpg 300w, https:\/\/azqs.com\/gartenjardin\/files\/2024\/08\/jeux-1024x768.jpg 1024w, https:\/\/azqs.com\/gartenjardin\/files\/2024\/08\/jeux-768x576.jpg 768w, https:\/\/azqs.com\/gartenjardin\/files\/2024\/08\/jeux-1536x1152.jpg 1536w, https:\/\/azqs.com\/gartenjardin\/files\/2024\/08\/jeux-2048x1536.jpg 2048w\" sizes=\"(max-width: 300px) 100vw, 300px\" \/><\/a>\n\t\t\t<\/div><\/figure><figure class='gallery-item'>\n\t\t\t<div class='gallery-icon landscape'>\n\t\t\t\t<a href='https:\/\/azqs.com\/gartenjardin\/fr\/2024\/08\/samedi-24-aout-2024-augusta-raurica-fete-romaine\/sceaux\/'><img loading=\"lazy\" decoding=\"async\" width=\"300\" height=\"225\" src=\"https:\/\/azqs.com\/gartenjardin\/files\/2024\/08\/sceaux-300x225.jpg\" class=\"attachment-medium size-medium\" alt=\"\" srcset=\"https:\/\/azqs.com\/gartenjardin\/files\/2024\/08\/sceaux-300x225.jpg 300w, https:\/\/azqs.com\/gartenjardin\/files\/2024\/08\/sceaux-1024x768.jpg 1024w, https:\/\/azqs.com\/gartenjardin\/files\/2024\/08\/sceaux-768x576.jpg 768w, https:\/\/azqs.com\/gartenjardin\/files\/2024\/08\/sceaux-1536x1152.jpg 1536w, https:\/\/azqs.com\/gartenjardin\/files\/2024\/08\/sceaux-2048x1536.jpg 2048w\" sizes=\"(max-width: 300px) 100vw, 300px\" \/><\/a>\n\t\t\t<\/div><\/figure><figure class='gallery-item'>\n\t\t\t<div class='gallery-icon landscape'>\n\t\t\t\t<a href='https:\/\/azqs.com\/gartenjardin\/fr\/2024\/08\/samedi-24-aout-2024-augusta-raurica-fete-romaine\/gladiateurs\/'><img loading=\"lazy\" decoding=\"async\" width=\"300\" height=\"225\" src=\"https:\/\/azqs.com\/gartenjardin\/files\/2024\/08\/gladiateurs-300x225.jpg\" class=\"attachment-medium size-medium\" alt=\"\" srcset=\"https:\/\/azqs.com\/gartenjardin\/files\/2024\/08\/gladiateurs-300x225.jpg 300w, https:\/\/azqs.com\/gartenjardin\/files\/2024\/08\/gladiateurs-1024x768.jpg 1024w, https:\/\/azqs.com\/gartenjardin\/files\/2024\/08\/gladiateurs-768x576.jpg 768w, https:\/\/azqs.com\/gartenjardin\/files\/2024\/08\/gladiateurs-1536x1152.jpg 1536w, https:\/\/azqs.com\/gartenjardin\/files\/2024\/08\/gladiateurs-2048x1536.jpg 2048w\" sizes=\"(max-width: 300px) 100vw, 300px\" \/><\/a>\n\t\t\t<\/div><\/figure><figure class='gallery-item'>\n\t\t\t<div class='gallery-icon landscape'>\n\t\t\t\t<a href='https:\/\/azqs.com\/gartenjardin\/fr\/2024\/08\/samedi-24-aout-2024-augusta-raurica-fete-romaine\/cantines\/'><img loading=\"lazy\" decoding=\"async\" width=\"300\" height=\"225\" src=\"https:\/\/azqs.com\/gartenjardin\/files\/2024\/08\/cantines-300x225.jpg\" class=\"attachment-medium size-medium\" alt=\"\" srcset=\"https:\/\/azqs.com\/gartenjardin\/files\/2024\/08\/cantines-300x225.jpg 300w, https:\/\/azqs.com\/gartenjardin\/files\/2024\/08\/cantines-1024x768.jpg 1024w, https:\/\/azqs.com\/gartenjardin\/files\/2024\/08\/cantines-768x576.jpg 768w, https:\/\/azqs.com\/gartenjardin\/files\/2024\/08\/cantines-1536x1152.jpg 1536w, https:\/\/azqs.com\/gartenjardin\/files\/2024\/08\/cantines-2048x1536.jpg 2048w\" sizes=\"(max-width: 300px) 100vw, 300px\" \/><\/a>\n\t\t\t<\/div><\/figure><figure class='gallery-item'>\n\t\t\t<div class='gallery-icon landscape'>\n\t\t\t\t<a href='https:\/\/azqs.com\/gartenjardin\/fr\/2024\/08\/samedi-24-aout-2024-augusta-raurica-fete-romaine\/theatre\/'><img loading=\"lazy\" decoding=\"async\" width=\"300\" height=\"225\" src=\"https:\/\/azqs.com\/gartenjardin\/files\/2024\/08\/theatre-300x225.jpg\" class=\"attachment-medium size-medium\" alt=\"\" srcset=\"https:\/\/azqs.com\/gartenjardin\/files\/2024\/08\/theatre-300x225.jpg 300w, https:\/\/azqs.com\/gartenjardin\/files\/2024\/08\/theatre-1024x768.jpg 1024w, https:\/\/azqs.com\/gartenjardin\/files\/2024\/08\/theatre-768x576.jpg 768w, https:\/\/azqs.com\/gartenjardin\/files\/2024\/08\/theatre-1536x1152.jpg 1536w, https:\/\/azqs.com\/gartenjardin\/files\/2024\/08\/theatre-2048x1536.jpg 2048w\" sizes=\"(max-width: 300px) 100vw, 300px\" \/><\/a>\n\t\t\t<\/div><\/figure><figure class='gallery-item'>\n\t\t\t<div class='gallery-icon landscape'>\n\t\t\t\t<a href='https:\/\/azqs.com\/gartenjardin\/fr\/2024\/08\/samedi-24-aout-2024-augusta-raurica-fete-romaine\/danseuses\/'><img loading=\"lazy\" decoding=\"async\" width=\"300\" height=\"225\" src=\"https:\/\/azqs.com\/gartenjardin\/files\/2024\/08\/danseuses-300x225.jpg\" class=\"attachment-medium size-medium\" alt=\"\" srcset=\"https:\/\/azqs.com\/gartenjardin\/files\/2024\/08\/danseuses-300x225.jpg 300w, https:\/\/azqs.com\/gartenjardin\/files\/2024\/08\/danseuses-1024x768.jpg 1024w, https:\/\/azqs.com\/gartenjardin\/files\/2024\/08\/danseuses-768x576.jpg 768w, https:\/\/azqs.com\/gartenjardin\/files\/2024\/08\/danseuses-1536x1152.jpg 1536w, https:\/\/azqs.com\/gartenjardin\/files\/2024\/08\/danseuses-2048x1536.jpg 2048w\" sizes=\"(max-width: 300px) 100vw, 300px\" \/><\/a>\n\t\t\t<\/div><\/figure><figure class='gallery-item'>\n\t\t\t<div class='gallery-icon landscape'>\n\t\t\t\t<a href='https:\/\/azqs.com\/gartenjardin\/fr\/2024\/08\/samedi-24-aout-2024-augusta-raurica-fete-romaine\/defile\/'><img loading=\"lazy\" decoding=\"async\" width=\"300\" height=\"225\" src=\"https:\/\/azqs.com\/gartenjardin\/files\/2024\/08\/defile-300x225.jpg\" class=\"attachment-medium size-medium\" alt=\"\" srcset=\"https:\/\/azqs.com\/gartenjardin\/files\/2024\/08\/defile-300x225.jpg 300w, https:\/\/azqs.com\/gartenjardin\/files\/2024\/08\/defile-1024x768.jpg 1024w, https:\/\/azqs.com\/gartenjardin\/files\/2024\/08\/defile-768x576.jpg 768w, https:\/\/azqs.com\/gartenjardin\/files\/2024\/08\/defile-1536x1152.jpg 1536w, https:\/\/azqs.com\/gartenjardin\/files\/2024\/08\/defile-2048x1536.jpg 2048w\" sizes=\"(max-width: 300px) 100vw, 300px\" \/><\/a>\n\t\t\t<\/div><\/figure><figure class='gallery-item'>\n\t\t\t<div class='gallery-icon landscape'>\n\t\t\t\t<a href='https:\/\/azqs.com\/gartenjardin\/fr\/2024\/08\/samedi-24-aout-2024-augusta-raurica-fete-romaine\/phalange\/'><img loading=\"lazy\" decoding=\"async\" width=\"300\" height=\"225\" src=\"https:\/\/azqs.com\/gartenjardin\/files\/2024\/08\/phalange-300x225.jpg\" class=\"attachment-medium size-medium\" alt=\"\" srcset=\"https:\/\/azqs.com\/gartenjardin\/files\/2024\/08\/phalange-300x225.jpg 300w, https:\/\/azqs.com\/gartenjardin\/files\/2024\/08\/phalange-1024x768.jpg 1024w, https:\/\/azqs.com\/gartenjardin\/files\/2024\/08\/phalange-768x576.jpg 768w, https:\/\/azqs.com\/gartenjardin\/files\/2024\/08\/phalange-1536x1152.jpg 1536w, https:\/\/azqs.com\/gartenjardin\/files\/2024\/08\/phalange-2048x1536.jpg 2048w\" sizes=\"(max-width: 300px) 100vw, 300px\" \/><\/a>\n\t\t\t<\/div><\/figure>\n\t\t<\/div>\n\n<p>Treize personnes pour vivre une journ\u00e9e romaine avec stands d&rsquo;artisans et associations, spectacles, d\u00e9fil\u00e9s et cantines. Attention, bien se d\u00e9salt\u00e9rer; la chaleur torride peut provoquer des malaises.<\/p>\n<\/div>\n","protected":false},"excerpt":{"rendered":"<p>L&rsquo;association Garten\/\/Jardin vous propose le samedi 24 ao\u00fbt 2024 une vir\u00e9e au temps des romains pour la f\u00eate romaine \u00e0 Augusta Raurica pr\u00e8s de B\u00e2le. Venez jouer \u00e0 Spartacus ou Ben Hur&#8230; \u00a0https:\/\/www.augustaraurica.ch\/fr\/fete-romaine\/%C3%A0-propos-de-la-f%C3%AAte-romaine L&rsquo;entr\u00e9e du site est de 18 CHF <a class=\"more-link\" href=\"https:\/\/azqs.com\/gartenjardin\/fr\/2024\/08\/samedi-24-aout-2024-augusta-raurica-fete-romaine\/\">Continuer la lecture <span class=\"screen-reader-text\">  samedi 24 ao\u00fbt 2024, Augusta Raurica, F\u00eate Romaine<\/span><span class=\"meta-nav\">&rarr;<\/span><\/a><\/p>\n","protected":false},"author":298,"featured_media":0,"comment_status":"closed","ping_status":"closed","sticky":false,"template":"","format":"standard","meta":{"footnotes":""},"categories":[39,41],"tags":[],"class_list":["post-4213","post","type-post","status-publish","format-standard","hentry","category-actvites","category-sorties"],"_links":{"self":[{"href":"https:\/\/azqs.com\/gartenjardin\/wp-json\/wp\/v2\/posts\/4213"}],"collection":[{"href":"https:\/\/azqs.com\/gartenjardin\/wp-json\/wp\/v2\/posts"}],"about":[{"href":"https:\/\/azqs.com\/gartenjardin\/wp-json\/wp\/v2\/types\/post"}],"author":[{"embeddable":true,"href":"https:\/\/azqs.com\/gartenjardin\/wp-json\/wp\/v2\/users\/298"}],"replies":[{"embeddable":true,"href":"https:\/\/azqs.com\/gartenjardin\/wp-json\/wp\/v2\/comments?post=4213"}],"version-history":[{"count":3,"href":"https:\/\/azqs.com\/gartenjardin\/wp-json\/wp\/v2\/posts\/4213\/revisions"}],"predecessor-version":[{"id":4632,"href":"https:\/\/azqs.com\/gartenjardin\/wp-json\/wp\/v2\/posts\/4213\/revisions\/4632"}],"wp:attachment":[{"href":"https:\/\/azqs.com\/gartenjardin\/wp-json\/wp\/v2\/media?parent=4213"}],"wp:term":[{"taxonomy":"category","embeddable":true,"href":"https:\/\/azqs.com\/gartenjardin\/wp-json\/wp\/v2\/categories?post=4213"},{"taxonomy":"post_tag","embeddable":true,"href":"https:\/\/azqs.com\/gartenjardin\/wp-json\/wp\/v2\/tags?post=4213"}],"curies":[{"name":"wp","href":"https:\/\/api.w.org\/{rel}","templated":true}]}}