{"id":4188,"date":"2024-08-03T21:19:34","date_gmt":"2024-08-03T20:19:34","guid":{"rendered":"https:\/\/azqs.com\/gartenjardin\/?p=4188"},"modified":"2025-02-25T22:07:14","modified_gmt":"2025-02-25T21:07:14","slug":"mercredi-7-aout-2024-cafe-kuchen","status":"publish","type":"post","link":"https:\/\/azqs.com\/gartenjardin\/fr\/2024\/08\/mercredi-7-aout-2024-cafe-kuchen\/","title":{"rendered":"mercredi 7 ao\u00fbt 2024, Caf\u00e9-Kuchen"},"content":{"rendered":"<p>L&rsquo;association Garten\/\/Jardin et les Amis de la Passerelle vous invitent ce <span id=\"OBJ_PREFIX_DWT207_com_zimbra_date\" class=\"Object\" role=\"link\">mercredi<\/span> 7 ao\u00fbt \u00e0 sa traditionnelle rencontre <strong>Caf\u00e9-Kuchen sur la plate-forme centrale de la passerelle des Deux Rives, <\/strong><b>\u00e0 partir de 16h.<\/b> Chacun est invit\u00e9 \u00e0\u00a0 apporter\u00a0 de quoi boire ou manger, \u00e0 partager.<\/p>\n<p>En cas de forte chaleur, le rendez-vous sera d\u00e9plac\u00e9 sous les arbres, \u00e0 l&rsquo;Eurothing, environ 50m au sud de la passerelle cot\u00e9 Kehl.<\/p>\n<p>Nous vous proposons de prolonger la rencontre par un <b>ap\u00e9ritif,<\/b> toujours \u00e0 partager,<strong> \u00e0 partir de 18h<\/strong>, permettant ainsi \u00e0 tous de passer un bon moment sur la passerelle.<\/p>\n<p>La rencontre est pr\u00e9c\u00e9d\u00e9e d&rsquo;une <strong>balade cycliste, m\u00eame lieu \u00e0 14h00.<\/strong><\/p>\n<div id='gallery-1' class='gallery galleryid-4188 gallery-columns-1 gallery-size-large'><figure class='gallery-item'>\n\t\t\t<div class='gallery-icon landscape'>\n\t\t\t\t<a href='https:\/\/azqs.com\/gartenjardin\/fr\/2024\/08\/mercredi-7-aout-2024-cafe-kuchen\/ck-07-08-242\/'><img loading=\"lazy\" decoding=\"async\" width=\"530\" height=\"289\" src=\"https:\/\/azqs.com\/gartenjardin\/files\/2024\/08\/CK-07-08-242-1024x558.jpg\" class=\"attachment-large size-large\" alt=\"\" srcset=\"https:\/\/azqs.com\/gartenjardin\/files\/2024\/08\/CK-07-08-242-1024x558.jpg 1024w, https:\/\/azqs.com\/gartenjardin\/files\/2024\/08\/CK-07-08-242-300x163.jpg 300w, https:\/\/azqs.com\/gartenjardin\/files\/2024\/08\/CK-07-08-242-768x418.jpg 768w, https:\/\/azqs.com\/gartenjardin\/files\/2024\/08\/CK-07-08-242-1536x837.jpg 1536w, https:\/\/azqs.com\/gartenjardin\/files\/2024\/08\/CK-07-08-242-2048x1116.jpg 2048w, https:\/\/azqs.com\/gartenjardin\/files\/2024\/08\/CK-07-08-242-500x272.jpg 500w\" sizes=\"(max-width: 530px) 100vw, 530px\" \/><\/a>\n\t\t\t<\/div><\/figure><figure class='gallery-item'>\n\t\t\t<div class='gallery-icon landscape'>\n\t\t\t\t<a href='https:\/\/azqs.com\/gartenjardin\/fr\/2024\/08\/mercredi-7-aout-2024-cafe-kuchen\/ck-07-08-241\/'><img loading=\"lazy\" decoding=\"async\" width=\"530\" height=\"322\" src=\"https:\/\/azqs.com\/gartenjardin\/files\/2024\/08\/CK-07-08-241-1024x622.jpg\" class=\"attachment-large size-large\" alt=\"\" srcset=\"https:\/\/azqs.com\/gartenjardin\/files\/2024\/08\/CK-07-08-241-1024x622.jpg 1024w, https:\/\/azqs.com\/gartenjardin\/files\/2024\/08\/CK-07-08-241-300x182.jpg 300w, https:\/\/azqs.com\/gartenjardin\/files\/2024\/08\/CK-07-08-241-768x467.jpg 768w, https:\/\/azqs.com\/gartenjardin\/files\/2024\/08\/CK-07-08-241-1536x934.jpg 1536w, https:\/\/azqs.com\/gartenjardin\/files\/2024\/08\/CK-07-08-241-2048x1245.jpg 2048w, https:\/\/azqs.com\/gartenjardin\/files\/2024\/08\/CK-07-08-241-494x300.jpg 494w\" sizes=\"(max-width: 530px) 100vw, 530px\" \/><\/a>\n\t\t\t<\/div><\/figure>\n\t\t<\/div>\n\n<p>Belle affluence en p\u00e9riode olympique avec la visite de Wolfram FRITZ, maire de Kehl et sa directrice de cabinet Annette Lipowsky qui a pris les photos et laiss\u00e9 un article sur le site de la ville<\/p>\n<p><a href=\"https:\/\/www.kehl.de\/garten_jardin\">https:\/\/www.kehl.de\/garten_jardin<\/a><\/p>\n<div dir=\"ltr\">Vers 18h l&rsquo;orage a d\u00e9plac\u00e9 la r\u00e9union sous la passerelle puis dans le jardin.<\/div>\n<div dir=\"ltr\"><img loading=\"lazy\" decoding=\"async\" class=\"aligncenter size-medium wp-image-4211\" src=\"http:\/\/azqs.com\/gartenjardin\/files\/2024\/08\/Christel-1-300x300.jpg\" alt=\"\" width=\"300\" height=\"300\" srcset=\"https:\/\/azqs.com\/gartenjardin\/files\/2024\/08\/Christel-1-300x300.jpg 300w, https:\/\/azqs.com\/gartenjardin\/files\/2024\/08\/Christel-1-1024x1024.jpg 1024w, https:\/\/azqs.com\/gartenjardin\/files\/2024\/08\/Christel-1-150x150.jpg 150w, https:\/\/azqs.com\/gartenjardin\/files\/2024\/08\/Christel-1-768x768.jpg 768w, https:\/\/azqs.com\/gartenjardin\/files\/2024\/08\/Christel-1-1536x1536.jpg 1536w, https:\/\/azqs.com\/gartenjardin\/files\/2024\/08\/Christel-1.jpg 1600w\" sizes=\"(max-width: 300px) 100vw, 300px\" \/><\/div>\n","protected":false},"excerpt":{"rendered":"<p>L&rsquo;association Garten\/\/Jardin et les Amis de la Passerelle vous invitent ce mercredi 7 ao\u00fbt \u00e0 sa traditionnelle rencontre Caf\u00e9-Kuchen sur la plate-forme centrale de la passerelle des Deux Rives, \u00e0 partir de 16h. Chacun est invit\u00e9 \u00e0\u00a0 apporter\u00a0 de quoi <a class=\"more-link\" href=\"https:\/\/azqs.com\/gartenjardin\/fr\/2024\/08\/mercredi-7-aout-2024-cafe-kuchen\/\">Continuer la lecture <span class=\"screen-reader-text\">  mercredi 7 ao\u00fbt 2024, Caf\u00e9-Kuchen<\/span><span class=\"meta-nav\">&rarr;<\/span><\/a><\/p>\n","protected":false},"author":298,"featured_media":0,"comment_status":"closed","ping_status":"closed","sticky":false,"template":"","format":"standard","meta":{"footnotes":""},"categories":[39,37],"tags":[],"class_list":["post-4188","post","type-post","status-publish","format-standard","hentry","category-actvites","category-cafe-kuchen"],"_links":{"self":[{"href":"https:\/\/azqs.com\/gartenjardin\/wp-json\/wp\/v2\/posts\/4188"}],"collection":[{"href":"https:\/\/azqs.com\/gartenjardin\/wp-json\/wp\/v2\/posts"}],"about":[{"href":"https:\/\/azqs.com\/gartenjardin\/wp-json\/wp\/v2\/types\/post"}],"author":[{"embeddable":true,"href":"https:\/\/azqs.com\/gartenjardin\/wp-json\/wp\/v2\/users\/298"}],"replies":[{"embeddable":true,"href":"https:\/\/azqs.com\/gartenjardin\/wp-json\/wp\/v2\/comments?post=4188"}],"version-history":[{"count":4,"href":"https:\/\/azqs.com\/gartenjardin\/wp-json\/wp\/v2\/posts\/4188\/revisions"}],"predecessor-version":[{"id":4212,"href":"https:\/\/azqs.com\/gartenjardin\/wp-json\/wp\/v2\/posts\/4188\/revisions\/4212"}],"wp:attachment":[{"href":"https:\/\/azqs.com\/gartenjardin\/wp-json\/wp\/v2\/media?parent=4188"}],"wp:term":[{"taxonomy":"category","embeddable":true,"href":"https:\/\/azqs.com\/gartenjardin\/wp-json\/wp\/v2\/categories?post=4188"},{"taxonomy":"post_tag","embeddable":true,"href":"https:\/\/azqs.com\/gartenjardin\/wp-json\/wp\/v2\/tags?post=4188"}],"curies":[{"name":"wp","href":"https:\/\/api.w.org\/{rel}","templated":true}]}}