{"id":4174,"date":"2024-07-01T22:30:55","date_gmt":"2024-07-01T21:30:55","guid":{"rendered":"https:\/\/azqs.com\/gartenjardin\/?p=4174"},"modified":"2025-02-25T21:47:59","modified_gmt":"2025-02-25T20:47:59","slug":"samstag-6-juli-2024-jardin-daltitude-du-haut-chitelet-hoehengarten","status":"publish","type":"post","link":"https:\/\/azqs.com\/gartenjardin\/de\/2024\/07\/samstag-6-juli-2024-jardin-daltitude-du-haut-chitelet-hoehengarten\/","title":{"rendered":"Samstag 6. Juli 2024, Jardin d&rsquo;altitude du Haut Chitelet (H\u00f6hengarten)"},"content":{"rendered":"<div dir=\"ltr\">Am <b>Samstag, den 6. Juli<\/b>, fahren wir \u00fcber die K\u00e4mme der Vogesen zum<b> Jardin d&rsquo;altitude du Haut Chitelet (H\u00f6hengarten).<\/b> Dort k\u00f6nnen wir eine wahre Weltreise durch die Flora der sch\u00f6nsten Bergmassive machen, sowie einen hochgelegenen Buchenwald und ein nat\u00fcrliches Torfmoor entdecken.<\/div>\n<div dir=\"ltr\"><b>Treffpunkt um 7:20 Uhr in der zentralen Eingangshalle des Stra\u00dfburger Bahnhofs<\/b>, R\u00fcckkehr gegen 18 Uhr. Rucksackverpflegung. Unkostenbeitrag pro Person 16 Euro (Fahrt und Eintritt in den Garten).<\/div>\n<div dir=\"ltr\">\n<div id='gallery-1' class='gallery galleryid-4174 gallery-columns-2 gallery-size-medium'><figure class='gallery-item'>\n\t\t\t<div class='gallery-icon portrait'>\n\t\t\t\t<a href='https:\/\/azqs.com\/gartenjardin\/de\/2024\/07\/samstag-6-juli-2024-jardin-daltitude-du-haut-chitelet-hoehengarten\/tchin-tchin-2\/'><img loading=\"lazy\" decoding=\"async\" width=\"225\" height=\"300\" src=\"https:\/\/azqs.com\/gartenjardin\/files\/2024\/07\/tchin-tchin-1-225x300.jpg\" class=\"attachment-medium size-medium\" alt=\"\" srcset=\"https:\/\/azqs.com\/gartenjardin\/files\/2024\/07\/tchin-tchin-1-225x300.jpg 225w, https:\/\/azqs.com\/gartenjardin\/files\/2024\/07\/tchin-tchin-1-768x1024.jpg 768w, https:\/\/azqs.com\/gartenjardin\/files\/2024\/07\/tchin-tchin-1-1152x1536.jpg 1152w, https:\/\/azqs.com\/gartenjardin\/files\/2024\/07\/tchin-tchin-1-1536x2048.jpg 1536w, https:\/\/azqs.com\/gartenjardin\/files\/2024\/07\/tchin-tchin-1-scaled.jpg 1920w\" sizes=\"(max-width: 225px) 100vw, 225px\" \/><\/a>\n\t\t\t<\/div><\/figure><figure class='gallery-item'>\n\t\t\t<div class='gallery-icon landscape'>\n\t\t\t\t<a href='https:\/\/azqs.com\/gartenjardin\/de\/2024\/07\/samstag-6-juli-2024-jardin-daltitude-du-haut-chitelet-hoehengarten\/christel-4\/'><img loading=\"lazy\" decoding=\"async\" width=\"300\" height=\"225\" src=\"https:\/\/azqs.com\/gartenjardin\/files\/2024\/07\/Christel-1-300x225.jpg\" class=\"attachment-medium size-medium\" alt=\"\" srcset=\"https:\/\/azqs.com\/gartenjardin\/files\/2024\/07\/Christel-1-300x225.jpg 300w, https:\/\/azqs.com\/gartenjardin\/files\/2024\/07\/Christel-1-1024x768.jpg 1024w, https:\/\/azqs.com\/gartenjardin\/files\/2024\/07\/Christel-1-768x576.jpg 768w, https:\/\/azqs.com\/gartenjardin\/files\/2024\/07\/Christel-1-1536x1152.jpg 1536w, https:\/\/azqs.com\/gartenjardin\/files\/2024\/07\/Christel-1-2048x1536.jpg 2048w\" sizes=\"(max-width: 300px) 100vw, 300px\" \/><\/a>\n\t\t\t<\/div><\/figure>\n\t\t<\/div>\n\n<p>Sieben Personen, die sich \u00fcber die Aussichtspunkte und die sch\u00f6nen Aufhellungen beim Aufstieg von Munster nach La Schlucht freuen. Doch der Regen empf\u00e4ngt sie schon bei den ersten Schritten im Alpengarten und h\u00f6rt nicht mehr auf. Die \u00fcberschwemmten Wege werden nach und nach gesperrt, aber zum Gl\u00fcck gibt es die Auberge des 3 Fours mit ihren marcaire-Mahlzeiten, um sich zu st\u00e4rken und aufzuw\u00e4rmen. Ausgezeichnete Stimmung in den -leeren- Bussen bei der Abfahrt nach Colmar. Ein unvergesslicher Tag.<\/p>\n<\/div>\n","protected":false},"excerpt":{"rendered":"<p>Am Samstag, den 6. Juli, fahren wir \u00fcber die K\u00e4mme der Vogesen zum Jardin d&rsquo;altitude du Haut Chitelet (H\u00f6hengarten). Dort k\u00f6nnen wir eine wahre Weltreise durch die Flora der sch\u00f6nsten Bergmassive machen, sowie einen hochgelegenen Buchenwald und ein nat\u00fcrliches Torfmoor <a class=\"more-link\" href=\"https:\/\/azqs.com\/gartenjardin\/de\/2024\/07\/samstag-6-juli-2024-jardin-daltitude-du-haut-chitelet-hoehengarten\/\">Continuer la lecture <span class=\"screen-reader-text\">  Samstag 6. Juli 2024, Jardin d&rsquo;altitude du Haut Chitelet (H\u00f6hengarten)<\/span><span class=\"meta-nav\">&rarr;<\/span><\/a><\/p>\n","protected":false},"author":298,"featured_media":0,"comment_status":"closed","ping_status":"closed","sticky":false,"template":"","format":"standard","meta":{"footnotes":""},"categories":[117],"tags":[],"class_list":["post-4174","post","type-post","status-publish","format-standard","hentry","category-de-sortie"],"_links":{"self":[{"href":"https:\/\/azqs.com\/gartenjardin\/wp-json\/wp\/v2\/posts\/4174"}],"collection":[{"href":"https:\/\/azqs.com\/gartenjardin\/wp-json\/wp\/v2\/posts"}],"about":[{"href":"https:\/\/azqs.com\/gartenjardin\/wp-json\/wp\/v2\/types\/post"}],"author":[{"embeddable":true,"href":"https:\/\/azqs.com\/gartenjardin\/wp-json\/wp\/v2\/users\/298"}],"replies":[{"embeddable":true,"href":"https:\/\/azqs.com\/gartenjardin\/wp-json\/wp\/v2\/comments?post=4174"}],"version-history":[{"count":3,"href":"https:\/\/azqs.com\/gartenjardin\/wp-json\/wp\/v2\/posts\/4174\/revisions"}],"predecessor-version":[{"id":4622,"href":"https:\/\/azqs.com\/gartenjardin\/wp-json\/wp\/v2\/posts\/4174\/revisions\/4622"}],"wp:attachment":[{"href":"https:\/\/azqs.com\/gartenjardin\/wp-json\/wp\/v2\/media?parent=4174"}],"wp:term":[{"taxonomy":"category","embeddable":true,"href":"https:\/\/azqs.com\/gartenjardin\/wp-json\/wp\/v2\/categories?post=4174"},{"taxonomy":"post_tag","embeddable":true,"href":"https:\/\/azqs.com\/gartenjardin\/wp-json\/wp\/v2\/tags?post=4174"}],"curies":[{"name":"wp","href":"https:\/\/api.w.org\/{rel}","templated":true}]}}