{"id":4171,"date":"2024-07-01T22:28:57","date_gmt":"2024-07-01T21:28:57","guid":{"rendered":"https:\/\/azqs.com\/gartenjardin\/?p=4171"},"modified":"2025-02-25T21:48:28","modified_gmt":"2025-02-25T20:48:28","slug":"samedi-6-juillet-2024-jardin-du-haut-chitelet","status":"publish","type":"post","link":"https:\/\/azqs.com\/gartenjardin\/fr\/2024\/07\/samedi-6-juillet-2024-jardin-du-haut-chitelet\/","title":{"rendered":"samedi 6 juillet 2024, Jardin d&rsquo;altitude du Haut Chitelet"},"content":{"rendered":"<div>\n<div dir=\"ltr\"><span id=\"ydpa71e7b01OBJ_PREFIX_DWT104_ZmEmailObjectHandler\" class=\"ydpa71e7b01Object\">Le<b> <span id=\"ydp93a25275OBJ_PREFIX_DWT346_com_zimbra_date\" class=\"ydp93a25275Object\"><span id=\"OBJ_PREFIX_DWT184_com_zimbra_date\" class=\"Object\" role=\"link\">samedi<\/span><\/span> 6 juillet<\/b>, nous passerons les cr\u00eates des Vosges jusqu&rsquo;au <b>Jardin d&rsquo;altitude du Haut Chitelet<\/b>. Vous pourrez faire un\u00a0 v\u00e9ritable tour du monde des plus beaux massifs montagneux au travers de leur flore, d\u00e9couvrir\u00a0une h\u00eatraie d\u2019altitude et une tourbi\u00e8re naturelle.<br \/>\n<\/span><\/div>\n<p><span id=\"ydpa71e7b01OBJ_PREFIX_DWT104_ZmEmailObjectHandler\" class=\"ydpa71e7b01Object\"><b>Rendez-vous \u00e0<\/b> <strong>7h20 dans le hall central de la gare de Strasbourg<\/strong>, retour Vers 18h. Repas tir\u00e9 du sac. Pr\u00e9voir 16 euros (voyage et entr\u00e9e du jardin).<\/span><\/p>\n<div id='gallery-1' class='gallery galleryid-4171 gallery-columns-2 gallery-size-medium'><figure class='gallery-item'>\n\t\t\t<div class='gallery-icon portrait'>\n\t\t\t\t<a href='https:\/\/azqs.com\/gartenjardin\/fr\/2024\/07\/samedi-6-juillet-2024-jardin-du-haut-chitelet\/tchin-tchin\/'><img loading=\"lazy\" decoding=\"async\" width=\"225\" height=\"300\" src=\"https:\/\/azqs.com\/gartenjardin\/files\/2024\/07\/tchin-tchin-225x300.jpg\" class=\"attachment-medium size-medium\" alt=\"\" srcset=\"https:\/\/azqs.com\/gartenjardin\/files\/2024\/07\/tchin-tchin-225x300.jpg 225w, https:\/\/azqs.com\/gartenjardin\/files\/2024\/07\/tchin-tchin-768x1024.jpg 768w, https:\/\/azqs.com\/gartenjardin\/files\/2024\/07\/tchin-tchin-1152x1536.jpg 1152w, https:\/\/azqs.com\/gartenjardin\/files\/2024\/07\/tchin-tchin-1536x2048.jpg 1536w, https:\/\/azqs.com\/gartenjardin\/files\/2024\/07\/tchin-tchin-scaled.jpg 1920w\" sizes=\"(max-width: 225px) 100vw, 225px\" \/><\/a>\n\t\t\t<\/div><\/figure><figure class='gallery-item'>\n\t\t\t<div class='gallery-icon landscape'>\n\t\t\t\t<a href='https:\/\/azqs.com\/gartenjardin\/fr\/2024\/07\/samedi-6-juillet-2024-jardin-du-haut-chitelet\/christel-3\/'><img loading=\"lazy\" decoding=\"async\" width=\"300\" height=\"225\" src=\"https:\/\/azqs.com\/gartenjardin\/files\/2024\/07\/Christel-300x225.jpg\" class=\"attachment-medium size-medium\" alt=\"\" srcset=\"https:\/\/azqs.com\/gartenjardin\/files\/2024\/07\/Christel-300x225.jpg 300w, https:\/\/azqs.com\/gartenjardin\/files\/2024\/07\/Christel-1024x768.jpg 1024w, https:\/\/azqs.com\/gartenjardin\/files\/2024\/07\/Christel-768x576.jpg 768w, https:\/\/azqs.com\/gartenjardin\/files\/2024\/07\/Christel-1536x1152.jpg 1536w, https:\/\/azqs.com\/gartenjardin\/files\/2024\/07\/Christel-2048x1536.jpg 2048w\" sizes=\"(max-width: 300px) 100vw, 300px\" \/><\/a>\n\t\t\t<\/div><\/figure>\n\t\t<\/div>\n\n<p>Sept personnes ravies des points de vue et belles \u00e9claircies lors de la mont\u00e9e de Munster \u00e0 la Schlucht. Mais la pluie les\u00a0 accueille d\u00e8s les premiers pas dans le jardin alpin, et ne s&rsquo;interrompt plus. Les chemins inond\u00e9s sont ferm\u00e9s au fur et \u00e0 mesure. Heureusement il y a l&rsquo;Auberge des 3 fours et ses repas marcaires pour se restaurer et se r\u00e9chauffer. Excellente ambiance dans les bus -vides- \u00e0 la descente vers Colmar.\u00a0 Une journ\u00e9e m\u00e9morable.<\/p>\n<\/div>\n<p>&nbsp;<\/p>\n","protected":false},"excerpt":{"rendered":"<p>Le samedi 6 juillet, nous passerons les cr\u00eates des Vosges jusqu&rsquo;au Jardin d&rsquo;altitude du Haut Chitelet. Vous pourrez faire un\u00a0 v\u00e9ritable tour du monde des plus beaux massifs montagneux au travers de leur flore, d\u00e9couvrir\u00a0une h\u00eatraie d\u2019altitude et une tourbi\u00e8re <a class=\"more-link\" href=\"https:\/\/azqs.com\/gartenjardin\/fr\/2024\/07\/samedi-6-juillet-2024-jardin-du-haut-chitelet\/\">Continuer la lecture <span class=\"screen-reader-text\">  samedi 6 juillet 2024, Jardin d&rsquo;altitude du Haut Chitelet<\/span><span class=\"meta-nav\">&rarr;<\/span><\/a><\/p>\n","protected":false},"author":298,"featured_media":0,"comment_status":"closed","ping_status":"closed","sticky":false,"template":"","format":"standard","meta":{"footnotes":""},"categories":[39,41],"tags":[],"class_list":["post-4171","post","type-post","status-publish","format-standard","hentry","category-actvites","category-sorties"],"_links":{"self":[{"href":"https:\/\/azqs.com\/gartenjardin\/wp-json\/wp\/v2\/posts\/4171"}],"collection":[{"href":"https:\/\/azqs.com\/gartenjardin\/wp-json\/wp\/v2\/posts"}],"about":[{"href":"https:\/\/azqs.com\/gartenjardin\/wp-json\/wp\/v2\/types\/post"}],"author":[{"embeddable":true,"href":"https:\/\/azqs.com\/gartenjardin\/wp-json\/wp\/v2\/users\/298"}],"replies":[{"embeddable":true,"href":"https:\/\/azqs.com\/gartenjardin\/wp-json\/wp\/v2\/comments?post=4171"}],"version-history":[{"count":4,"href":"https:\/\/azqs.com\/gartenjardin\/wp-json\/wp\/v2\/posts\/4171\/revisions"}],"predecessor-version":[{"id":4618,"href":"https:\/\/azqs.com\/gartenjardin\/wp-json\/wp\/v2\/posts\/4171\/revisions\/4618"}],"wp:attachment":[{"href":"https:\/\/azqs.com\/gartenjardin\/wp-json\/wp\/v2\/media?parent=4171"}],"wp:term":[{"taxonomy":"category","embeddable":true,"href":"https:\/\/azqs.com\/gartenjardin\/wp-json\/wp\/v2\/categories?post=4171"},{"taxonomy":"post_tag","embeddable":true,"href":"https:\/\/azqs.com\/gartenjardin\/wp-json\/wp\/v2\/tags?post=4171"}],"curies":[{"name":"wp","href":"https:\/\/api.w.org\/{rel}","templated":true}]}}