{"id":4167,"date":"2024-07-01T22:24:06","date_gmt":"2024-07-01T21:24:06","guid":{"rendered":"https:\/\/azqs.com\/gartenjardin\/?p=4167"},"modified":"2025-02-25T22:08:46","modified_gmt":"2025-02-25T21:08:46","slug":"mercredi-3-juillet-2024-cafe-kuchen","status":"publish","type":"post","link":"https:\/\/azqs.com\/gartenjardin\/fr\/2024\/07\/mercredi-3-juillet-2024-cafe-kuchen\/","title":{"rendered":"mercredi 3 juillet 2024 Caf\u00e9-Kuchen"},"content":{"rendered":"<p>Le <strong><span id=\"ydp93a25275OBJ_PREFIX_DWT344_com_zimbra_date\" class=\"ydp93a25275Object\"><span id=\"OBJ_PREFIX_DWT182_com_zimbra_date\" class=\"Object\" role=\"link\">mercredi<\/span><\/span> 3 juille<\/strong><b>t<\/b>, avec les amis de la passerelle, nous vous invitons au traditionnel<strong> Caf\u00e9-Kuchen<\/strong> \u00e0 partir de 16h<b> sur la plateforme centrale de la passerelle des Deux Rives.<\/b> Cettte rencontre sera malheureusement \u00e9court\u00e9e pour ceux qui veulent suivre la visite guid\u00e9e du Jardin des Deux Rives r\u00e9serv\u00e9e aux membres. La<strong> promenade cycliste <\/strong>est maintenue, <strong>\u00e0 14h <\/strong>m\u00eame lieu.<\/p>\n","protected":false},"excerpt":{"rendered":"<p>Le mercredi 3 juillet, avec les amis de la passerelle, nous vous invitons au traditionnel Caf\u00e9-Kuchen \u00e0 partir de 16h sur la plateforme centrale de la passerelle des Deux Rives. Cettte rencontre sera malheureusement \u00e9court\u00e9e pour ceux qui veulent suivre <a class=\"more-link\" href=\"https:\/\/azqs.com\/gartenjardin\/fr\/2024\/07\/mercredi-3-juillet-2024-cafe-kuchen\/\">Continuer la lecture <span class=\"screen-reader-text\">  mercredi 3 juillet 2024 Caf\u00e9-Kuchen<\/span><span class=\"meta-nav\">&rarr;<\/span><\/a><\/p>\n","protected":false},"author":298,"featured_media":0,"comment_status":"closed","ping_status":"closed","sticky":false,"template":"","format":"standard","meta":{"footnotes":""},"categories":[37],"tags":[],"class_list":["post-4167","post","type-post","status-publish","format-standard","hentry","category-cafe-kuchen"],"_links":{"self":[{"href":"https:\/\/azqs.com\/gartenjardin\/wp-json\/wp\/v2\/posts\/4167"}],"collection":[{"href":"https:\/\/azqs.com\/gartenjardin\/wp-json\/wp\/v2\/posts"}],"about":[{"href":"https:\/\/azqs.com\/gartenjardin\/wp-json\/wp\/v2\/types\/post"}],"author":[{"embeddable":true,"href":"https:\/\/azqs.com\/gartenjardin\/wp-json\/wp\/v2\/users\/298"}],"replies":[{"embeddable":true,"href":"https:\/\/azqs.com\/gartenjardin\/wp-json\/wp\/v2\/comments?post=4167"}],"version-history":[{"count":1,"href":"https:\/\/azqs.com\/gartenjardin\/wp-json\/wp\/v2\/posts\/4167\/revisions"}],"predecessor-version":[{"id":4168,"href":"https:\/\/azqs.com\/gartenjardin\/wp-json\/wp\/v2\/posts\/4167\/revisions\/4168"}],"wp:attachment":[{"href":"https:\/\/azqs.com\/gartenjardin\/wp-json\/wp\/v2\/media?parent=4167"}],"wp:term":[{"taxonomy":"category","embeddable":true,"href":"https:\/\/azqs.com\/gartenjardin\/wp-json\/wp\/v2\/categories?post=4167"},{"taxonomy":"post_tag","embeddable":true,"href":"https:\/\/azqs.com\/gartenjardin\/wp-json\/wp\/v2\/tags?post=4167"}],"curies":[{"name":"wp","href":"https:\/\/api.w.org\/{rel}","templated":true}]}}