{"id":4123,"date":"2024-04-29T22:04:44","date_gmt":"2024-04-29T21:04:44","guid":{"rendered":"https:\/\/azqs.com\/gartenjardin\/?p=4123"},"modified":"2025-02-25T22:12:32","modified_gmt":"2025-02-25T21:12:32","slug":"mercredi-1er-mai-2024-cafe-kuchen","status":"publish","type":"post","link":"https:\/\/azqs.com\/gartenjardin\/fr\/2024\/04\/mercredi-1er-mai-2024-cafe-kuchen\/","title":{"rendered":"mercredi 1er mai 2024, Caf\u00e9-Kuchen"},"content":{"rendered":"<div dir=\"ltr\"><\/div>\n<div dir=\"ltr\">Mercredi\u00a0 <b>1er mai<\/b>, nous c\u00e9l\u00e9brerons la F\u00eate du Travail et l&rsquo;amiti\u00e9 transrh\u00e9nane. Nous vous invitons, avec les Amis de la Passerelle, \u00e0 nous rejoindre <b>\u00e0 partir de 16h<\/b>, pour la traditionnelle rencontre <b>Caf\u00e9-Kuchen,<\/b> sur la plate-forme centrale de la passerelle des Deux-Rives. Il s&rsquo;agit de partager ce qu&rsquo;on apporte \u00e0 boire, \u00e0 manger ou \u00e0 converser. N&rsquo;oubliez pas vos verres et couverts.<\/div>\n<div dir=\"ltr\">\n<div dir=\"ltr\">La rencontre est pr\u00e9c\u00e9d\u00e9e d&rsquo;une<b> promenade cycliste<\/b>. Rendez-vous <b>\u00e0 14 h <\/b>sur la passerelle.<\/div>\n<div dir=\"ltr\"><\/div>\n<p><img loading=\"lazy\" decoding=\"async\" class=\"aligncenter size-large wp-image-4124\" src=\"http:\/\/azqs.com\/gartenjardin\/files\/2024\/05\/orgue-de-barbarie-766x1024.jpg\" alt=\"\" width=\"766\" height=\"1024\" srcset=\"https:\/\/azqs.com\/gartenjardin\/files\/2024\/05\/orgue-de-barbarie-766x1024.jpg 766w, https:\/\/azqs.com\/gartenjardin\/files\/2024\/05\/orgue-de-barbarie-224x300.jpg 224w, https:\/\/azqs.com\/gartenjardin\/files\/2024\/05\/orgue-de-barbarie-768x1026.jpg 768w, https:\/\/azqs.com\/gartenjardin\/files\/2024\/05\/orgue-de-barbarie-1149x1536.jpg 1149w, https:\/\/azqs.com\/gartenjardin\/files\/2024\/05\/orgue-de-barbarie-1532x2048.jpg 1532w, https:\/\/azqs.com\/gartenjardin\/files\/2024\/05\/orgue-de-barbarie.jpg 1736w\" sizes=\"(max-width: 766px) 100vw, 766px\" \/><\/div>\n<div dir=\"ltr\">Huit jours apr\u00e8s la f\u00eate des 20 ans, une bonne trentaine de personnes se retrouvent sur la passerelle, toujours en musique.<\/div>\n<div dir=\"ltr\"><\/div>\n<div dir=\"ltr\"><\/div>\n<div dir=\"ltr\"><\/div>\n<div dir=\"ltr\"><\/div>\n","protected":false},"excerpt":{"rendered":"<p>Mercredi\u00a0 1er mai, nous c\u00e9l\u00e9brerons la F\u00eate du Travail et l&rsquo;amiti\u00e9 transrh\u00e9nane. Nous vous invitons, avec les Amis de la Passerelle, \u00e0 nous rejoindre \u00e0 partir de 16h, pour la traditionnelle rencontre Caf\u00e9-Kuchen, sur la plate-forme centrale de la passerelle <a class=\"more-link\" href=\"https:\/\/azqs.com\/gartenjardin\/fr\/2024\/04\/mercredi-1er-mai-2024-cafe-kuchen\/\">Continuer la lecture <span class=\"screen-reader-text\">  mercredi 1er mai 2024, Caf\u00e9-Kuchen<\/span><span class=\"meta-nav\">&rarr;<\/span><\/a><\/p>\n","protected":false},"author":298,"featured_media":0,"comment_status":"closed","ping_status":"closed","sticky":false,"template":"","format":"standard","meta":{"footnotes":""},"categories":[37],"tags":[],"class_list":["post-4123","post","type-post","status-publish","format-standard","hentry","category-cafe-kuchen"],"_links":{"self":[{"href":"https:\/\/azqs.com\/gartenjardin\/wp-json\/wp\/v2\/posts\/4123"}],"collection":[{"href":"https:\/\/azqs.com\/gartenjardin\/wp-json\/wp\/v2\/posts"}],"about":[{"href":"https:\/\/azqs.com\/gartenjardin\/wp-json\/wp\/v2\/types\/post"}],"author":[{"embeddable":true,"href":"https:\/\/azqs.com\/gartenjardin\/wp-json\/wp\/v2\/users\/298"}],"replies":[{"embeddable":true,"href":"https:\/\/azqs.com\/gartenjardin\/wp-json\/wp\/v2\/comments?post=4123"}],"version-history":[{"count":1,"href":"https:\/\/azqs.com\/gartenjardin\/wp-json\/wp\/v2\/posts\/4123\/revisions"}],"predecessor-version":[{"id":4125,"href":"https:\/\/azqs.com\/gartenjardin\/wp-json\/wp\/v2\/posts\/4123\/revisions\/4125"}],"wp:attachment":[{"href":"https:\/\/azqs.com\/gartenjardin\/wp-json\/wp\/v2\/media?parent=4123"}],"wp:term":[{"taxonomy":"category","embeddable":true,"href":"https:\/\/azqs.com\/gartenjardin\/wp-json\/wp\/v2\/categories?post=4123"},{"taxonomy":"post_tag","embeddable":true,"href":"https:\/\/azqs.com\/gartenjardin\/wp-json\/wp\/v2\/tags?post=4123"}],"curies":[{"name":"wp","href":"https:\/\/api.w.org\/{rel}","templated":true}]}}