{"id":3911,"date":"2024-03-01T17:09:29","date_gmt":"2024-03-01T16:09:29","guid":{"rendered":"https:\/\/azqs.com\/gartenjardin\/?p=3911"},"modified":"2024-04-05T20:51:22","modified_gmt":"2024-04-05T19:51:22","slug":"mittwoch-6-maerz-cafe-kuchen","status":"publish","type":"post","link":"https:\/\/azqs.com\/gartenjardin\/de\/2024\/03\/mittwoch-6-maerz-cafe-kuchen\/","title":{"rendered":"Mittwoch 6. M\u00e4rz, Caf\u00e9-Kuchen"},"content":{"rendered":"<div dir=\"ltr\" data-setdir=\"false\">Die Freunde der Passerelle und der Verein Garten\/\/Jardin laden zum monatlichen Rhein \u00fcberschreitenden Austausch auf <b>die Plattform der Passerelle<\/b> ein. Das n\u00e4chste Rendezvous Caf\u00e9Kuchen findet<b> am Mittwoch, 6. M\u00e4rz, ab 16 Uhr <\/b>statt. Sollte es kr\u00e4ftig st\u00fcrmen oder regnen, treffen wir unter der Passerelle am Kehler Ufer.<\/div>\n<div dir=\"ltr\">Geschirr und etwas zum Teilen auch.<\/div>\n<div dir=\"ltr\"><img loading=\"lazy\" decoding=\"async\" class=\"aligncenter size-large wp-image-3912\" src=\"http:\/\/azqs.com\/gartenjardin\/files\/2024\/03\/CKmars2024-1-1024x768.jpg\" alt=\"\" width=\"940\" height=\"705\" srcset=\"https:\/\/azqs.com\/gartenjardin\/files\/2024\/03\/CKmars2024-1-1024x768.jpg 1024w, https:\/\/azqs.com\/gartenjardin\/files\/2024\/03\/CKmars2024-1-300x225.jpg 300w, https:\/\/azqs.com\/gartenjardin\/files\/2024\/03\/CKmars2024-1-768x576.jpg 768w, https:\/\/azqs.com\/gartenjardin\/files\/2024\/03\/CKmars2024-1-1536x1152.jpg 1536w, https:\/\/azqs.com\/gartenjardin\/files\/2024\/03\/CKmars2024-1-400x300.jpg 400w, https:\/\/azqs.com\/gartenjardin\/files\/2024\/03\/CKmars2024-1.jpg 2016w\" sizes=\"(max-width: 940px) 100vw, 940px\" \/><\/div>\n<div dir=\"ltr\">Ein verregneter Caf\u00e9-Kuchen mit einem Dutzend Menschen unter der Passerelle.<\/div>\n","protected":false},"excerpt":{"rendered":"<p>Die Freunde der Passerelle und der Verein Garten\/\/Jardin laden zum monatlichen Rhein \u00fcberschreitenden Austausch auf die Plattform der Passerelle ein. Das n\u00e4chste Rendezvous Caf\u00e9Kuchen findet am Mittwoch, 6. M\u00e4rz, ab 16 Uhr statt. Sollte es kr\u00e4ftig st\u00fcrmen oder regnen, treffen <a class=\"more-link\" href=\"https:\/\/azqs.com\/gartenjardin\/de\/2024\/03\/mittwoch-6-maerz-cafe-kuchen\/\">Continuer la lecture <span class=\"screen-reader-text\">  Mittwoch 6. M\u00e4rz, Caf\u00e9-Kuchen<\/span><span class=\"meta-nav\">&rarr;<\/span><\/a><\/p>\n","protected":false},"author":298,"featured_media":0,"comment_status":"closed","ping_status":"closed","sticky":false,"template":"","format":"standard","meta":{"footnotes":""},"categories":[71,115,124,88],"tags":[],"class_list":["post-3911","post","type-post","status-publish","format-standard","hentry","category-kaffee-kuchen","category-de-statuts","category-de-la-passerelle","category-temporare-garten-de"],"_links":{"self":[{"href":"https:\/\/azqs.com\/gartenjardin\/wp-json\/wp\/v2\/posts\/3911"}],"collection":[{"href":"https:\/\/azqs.com\/gartenjardin\/wp-json\/wp\/v2\/posts"}],"about":[{"href":"https:\/\/azqs.com\/gartenjardin\/wp-json\/wp\/v2\/types\/post"}],"author":[{"embeddable":true,"href":"https:\/\/azqs.com\/gartenjardin\/wp-json\/wp\/v2\/users\/298"}],"replies":[{"embeddable":true,"href":"https:\/\/azqs.com\/gartenjardin\/wp-json\/wp\/v2\/comments?post=3911"}],"version-history":[{"count":1,"href":"https:\/\/azqs.com\/gartenjardin\/wp-json\/wp\/v2\/posts\/3911\/revisions"}],"predecessor-version":[{"id":3913,"href":"https:\/\/azqs.com\/gartenjardin\/wp-json\/wp\/v2\/posts\/3911\/revisions\/3913"}],"wp:attachment":[{"href":"https:\/\/azqs.com\/gartenjardin\/wp-json\/wp\/v2\/media?parent=3911"}],"wp:term":[{"taxonomy":"category","embeddable":true,"href":"https:\/\/azqs.com\/gartenjardin\/wp-json\/wp\/v2\/categories?post=3911"},{"taxonomy":"post_tag","embeddable":true,"href":"https:\/\/azqs.com\/gartenjardin\/wp-json\/wp\/v2\/tags?post=3911"}],"curies":[{"name":"wp","href":"https:\/\/api.w.org\/{rel}","templated":true}]}}