{"id":3908,"date":"2024-03-01T17:02:35","date_gmt":"2024-03-01T16:02:35","guid":{"rendered":"https:\/\/azqs.com\/gartenjardin\/?p=3908"},"modified":"2024-04-05T20:51:04","modified_gmt":"2024-04-05T19:51:04","slug":"mercredi-6-mars-cafe-kuchen","status":"publish","type":"post","link":"https:\/\/azqs.com\/gartenjardin\/fr\/2024\/03\/mercredi-6-mars-cafe-kuchen\/","title":{"rendered":"mercredi 6 mars, Caf\u00e9-Kuchen"},"content":{"rendered":"<div dir=\"ltr\">L\u2019association Garten\/\/Jardin et les Amis de la Passerelle vous invitent \u00e0 la traditionnelle rencontre Caf\u00e9-Kuchen sur la <b>plate-forme centrale de la passerelle<\/b> du Jardin des Deux Rives, <b>le mercredi 6 mars \u00e0 partir de 16 h<\/b>. Venez avec un petit quelque chose \u00e0 partager. Thermos, gobelets et boissons sont bienvenus.<\/div>\n<div dir=\"ltr\">En cas d&rsquo;intemp\u00e9ries, nous nous r\u00e9fugions sous la passerelle c\u00f4t\u00e9 Kehl.<\/div>\n<div dir=\"ltr\"><img loading=\"lazy\" decoding=\"async\" class=\"aligncenter size-large wp-image-3909\" src=\"http:\/\/azqs.com\/gartenjardin\/files\/2024\/03\/CKmars2024-1024x768.jpg\" alt=\"\" width=\"940\" height=\"705\" srcset=\"https:\/\/azqs.com\/gartenjardin\/files\/2024\/03\/CKmars2024-1024x768.jpg 1024w, https:\/\/azqs.com\/gartenjardin\/files\/2024\/03\/CKmars2024-300x225.jpg 300w, https:\/\/azqs.com\/gartenjardin\/files\/2024\/03\/CKmars2024-768x576.jpg 768w, https:\/\/azqs.com\/gartenjardin\/files\/2024\/03\/CKmars2024-1536x1152.jpg 1536w, https:\/\/azqs.com\/gartenjardin\/files\/2024\/03\/CKmars2024-400x300.jpg 400w, https:\/\/azqs.com\/gartenjardin\/files\/2024\/03\/CKmars2024.jpg 2016w\" sizes=\"(max-width: 940px) 100vw, 940px\" \/><\/div>\n<div dir=\"ltr\">Un Caf\u00e9-Kuchen pluvieux, avec une douzaine de personnes sous la passerelle.<\/div>\n","protected":false},"excerpt":{"rendered":"<p>L\u2019association Garten\/\/Jardin et les Amis de la Passerelle vous invitent \u00e0 la traditionnelle rencontre Caf\u00e9-Kuchen sur la plate-forme centrale de la passerelle du Jardin des Deux Rives, le mercredi 6 mars \u00e0 partir de 16 h. Venez avec un petit <a class=\"more-link\" href=\"https:\/\/azqs.com\/gartenjardin\/fr\/2024\/03\/mercredi-6-mars-cafe-kuchen\/\">Continuer la lecture <span class=\"screen-reader-text\">  mercredi 6 mars, Caf\u00e9-Kuchen<\/span><span class=\"meta-nav\">&rarr;<\/span><\/a><\/p>\n","protected":false},"author":298,"featured_media":0,"comment_status":"closed","ping_status":"closed","sticky":false,"template":"","format":"standard","meta":{"footnotes":""},"categories":[37],"tags":[],"class_list":["post-3908","post","type-post","status-publish","format-standard","hentry","category-cafe-kuchen"],"_links":{"self":[{"href":"https:\/\/azqs.com\/gartenjardin\/wp-json\/wp\/v2\/posts\/3908"}],"collection":[{"href":"https:\/\/azqs.com\/gartenjardin\/wp-json\/wp\/v2\/posts"}],"about":[{"href":"https:\/\/azqs.com\/gartenjardin\/wp-json\/wp\/v2\/types\/post"}],"author":[{"embeddable":true,"href":"https:\/\/azqs.com\/gartenjardin\/wp-json\/wp\/v2\/users\/298"}],"replies":[{"embeddable":true,"href":"https:\/\/azqs.com\/gartenjardin\/wp-json\/wp\/v2\/comments?post=3908"}],"version-history":[{"count":2,"href":"https:\/\/azqs.com\/gartenjardin\/wp-json\/wp\/v2\/posts\/3908\/revisions"}],"predecessor-version":[{"id":3978,"href":"https:\/\/azqs.com\/gartenjardin\/wp-json\/wp\/v2\/posts\/3908\/revisions\/3978"}],"wp:attachment":[{"href":"https:\/\/azqs.com\/gartenjardin\/wp-json\/wp\/v2\/media?parent=3908"}],"wp:term":[{"taxonomy":"category","embeddable":true,"href":"https:\/\/azqs.com\/gartenjardin\/wp-json\/wp\/v2\/categories?post=3908"},{"taxonomy":"post_tag","embeddable":true,"href":"https:\/\/azqs.com\/gartenjardin\/wp-json\/wp\/v2\/tags?post=3908"}],"curies":[{"name":"wp","href":"https:\/\/api.w.org\/{rel}","templated":true}]}}