{"id":3760,"date":"2024-02-13T23:07:05","date_gmt":"2024-02-13T22:07:05","guid":{"rendered":"https:\/\/azqs.com\/gartenjardin\/?p=3760"},"modified":"2024-04-05T20:51:56","modified_gmt":"2024-04-05T19:51:56","slug":"samedi-17-fevrier-riegel","status":"publish","type":"post","link":"https:\/\/azqs.com\/gartenjardin\/fr\/2024\/02\/samedi-17-fevrier-riegel\/","title":{"rendered":"Samedi 17 f\u00e9vrier, Riegel am Kaiserstuhl"},"content":{"rendered":"<div dir=\"ltr\">\n<p>Chers amis,<i> <\/i><\/p>\n<div dir=\"ltr\"><\/div>\n<div dir=\"ltr\">Pour \u00e9gayer le mois de f\u00e9vrier, l&rsquo;association Garten\/\/Jardin vous propose de visiter, le <b>samedi 17 f\u00e9vrier,<\/b> l&rsquo;exposition <b>\u00ab\u00a0Marc Chagall &#8211; des mondes r\u00eav\u00e9s\u00a0\u00bb\u00a0<\/b><\/div>\n<div dir=\"ltr\">dans la charmante ville de <b>Riegel <\/b>au pied du Kaiserstuhl, au nord de Freiburg.<\/div>\n<div dir=\"ltr\"><\/div>\n<div dir=\"ltr\">Nous nous y rendons en train. Rendez-vous <b>gare de Kehl \u00e0 9h15<\/b>. Retour vers 18h30. Repas tir\u00e9 du sac avec de nombreuses possibilit\u00e9s de restauration dans la ville; pr\u00e9voir 25 euros (voyage et entr\u00e9e au mus\u00e9e).<\/div>\n<div dir=\"ltr\">\n<div id='gallery-1' class='gallery galleryid-3760 gallery-columns-2 gallery-size-medium'><figure class='gallery-item'>\n\t\t\t<div class='gallery-icon portrait'>\n\t\t\t\t<a href='https:\/\/azqs.com\/gartenjardin\/fr\/2024\/02\/samedi-17-fevrier-riegel\/affiche-chagall\/'><img loading=\"lazy\" decoding=\"async\" width=\"225\" height=\"300\" src=\"https:\/\/azqs.com\/gartenjardin\/files\/2024\/02\/affiche-Chagall-225x300.jpeg\" class=\"attachment-medium size-medium\" alt=\"\" srcset=\"https:\/\/azqs.com\/gartenjardin\/files\/2024\/02\/affiche-Chagall-225x300.jpeg 225w, https:\/\/azqs.com\/gartenjardin\/files\/2024\/02\/affiche-Chagall-768x1024.jpeg 768w, https:\/\/azqs.com\/gartenjardin\/files\/2024\/02\/affiche-Chagall-1152x1536.jpeg 1152w, https:\/\/azqs.com\/gartenjardin\/files\/2024\/02\/affiche-Chagall.jpeg 1536w\" sizes=\"(max-width: 225px) 100vw, 225px\" \/><\/a>\n\t\t\t<\/div><\/figure><figure class='gallery-item'>\n\t\t\t<div class='gallery-icon landscape'>\n\t\t\t\t<a href='https:\/\/azqs.com\/gartenjardin\/fr\/2024\/02\/samedi-17-fevrier-riegel\/chagall-cote-azur\/'><img loading=\"lazy\" decoding=\"async\" width=\"300\" height=\"225\" src=\"https:\/\/azqs.com\/gartenjardin\/files\/2024\/02\/Chagall-Cote-Azur-300x225.jpg\" class=\"attachment-medium size-medium\" alt=\"\" srcset=\"https:\/\/azqs.com\/gartenjardin\/files\/2024\/02\/Chagall-Cote-Azur-300x225.jpg 300w, https:\/\/azqs.com\/gartenjardin\/files\/2024\/02\/Chagall-Cote-Azur-1024x768.jpg 1024w, https:\/\/azqs.com\/gartenjardin\/files\/2024\/02\/Chagall-Cote-Azur-768x576.jpg 768w, https:\/\/azqs.com\/gartenjardin\/files\/2024\/02\/Chagall-Cote-Azur-1536x1152.jpg 1536w, https:\/\/azqs.com\/gartenjardin\/files\/2024\/02\/Chagall-Cote-Azur-2048x1536.jpg 2048w, https:\/\/azqs.com\/gartenjardin\/files\/2024\/02\/Chagall-Cote-Azur-400x300.jpg 400w\" sizes=\"(max-width: 300px) 100vw, 300px\" \/><\/a>\n\t\t\t<\/div><\/figure>\n\t\t<\/div>\n\n<\/div>\n<div dir=\"ltr\">\n<div id='gallery-2' class='gallery galleryid-3760 gallery-columns-2 gallery-size-medium'><figure class='gallery-item'>\n\t\t\t<div class='gallery-icon landscape'>\n\t\t\t\t<a href='https:\/\/azqs.com\/gartenjardin\/fr\/2024\/02\/samedi-17-fevrier-riegel\/table\/'><img loading=\"lazy\" decoding=\"async\" width=\"300\" height=\"198\" src=\"https:\/\/azqs.com\/gartenjardin\/files\/2024\/02\/table-300x198.jpg\" class=\"attachment-medium size-medium\" alt=\"\" srcset=\"https:\/\/azqs.com\/gartenjardin\/files\/2024\/02\/table-300x198.jpg 300w, https:\/\/azqs.com\/gartenjardin\/files\/2024\/02\/table-1024x676.jpg 1024w, https:\/\/azqs.com\/gartenjardin\/files\/2024\/02\/table-768x507.jpg 768w, https:\/\/azqs.com\/gartenjardin\/files\/2024\/02\/table-1536x1014.jpg 1536w, https:\/\/azqs.com\/gartenjardin\/files\/2024\/02\/table-2048x1352.jpg 2048w, https:\/\/azqs.com\/gartenjardin\/files\/2024\/02\/table-455x300.jpg 455w\" sizes=\"(max-width: 300px) 100vw, 300px\" \/><\/a>\n\t\t\t<\/div><\/figure><figure class='gallery-item'>\n\t\t\t<div class='gallery-icon landscape'>\n\t\t\t\t<a href='https:\/\/azqs.com\/gartenjardin\/fr\/2024\/02\/samedi-17-fevrier-riegel\/groupe-chapelle\/'><img loading=\"lazy\" decoding=\"async\" width=\"300\" height=\"225\" src=\"https:\/\/azqs.com\/gartenjardin\/files\/2024\/02\/groupe-chapelle-300x225.jpeg\" class=\"attachment-medium size-medium\" alt=\"\" srcset=\"https:\/\/azqs.com\/gartenjardin\/files\/2024\/02\/groupe-chapelle-300x225.jpeg 300w, https:\/\/azqs.com\/gartenjardin\/files\/2024\/02\/groupe-chapelle-1024x768.jpeg 1024w, https:\/\/azqs.com\/gartenjardin\/files\/2024\/02\/groupe-chapelle-768x576.jpeg 768w, https:\/\/azqs.com\/gartenjardin\/files\/2024\/02\/groupe-chapelle-1536x1152.jpeg 1536w, https:\/\/azqs.com\/gartenjardin\/files\/2024\/02\/groupe-chapelle-400x300.jpeg 400w, https:\/\/azqs.com\/gartenjardin\/files\/2024\/02\/groupe-chapelle.jpeg 2048w\" sizes=\"(max-width: 300px) 100vw, 300px\" \/><\/a>\n\t\t\t<\/div><\/figure><figure class='gallery-item'>\n\t\t\t<div class='gallery-icon landscape'>\n\t\t\t\t<a href='https:\/\/azqs.com\/gartenjardin\/fr\/2024\/02\/samedi-17-fevrier-riegel\/vue\/'><img loading=\"lazy\" decoding=\"async\" width=\"300\" height=\"225\" src=\"https:\/\/azqs.com\/gartenjardin\/files\/2024\/02\/vue-300x225.jpeg\" class=\"attachment-medium size-medium\" alt=\"\" srcset=\"https:\/\/azqs.com\/gartenjardin\/files\/2024\/02\/vue-300x225.jpeg 300w, https:\/\/azqs.com\/gartenjardin\/files\/2024\/02\/vue-1024x768.jpeg 1024w, https:\/\/azqs.com\/gartenjardin\/files\/2024\/02\/vue-768x576.jpeg 768w, https:\/\/azqs.com\/gartenjardin\/files\/2024\/02\/vue-1536x1152.jpeg 1536w, https:\/\/azqs.com\/gartenjardin\/files\/2024\/02\/vue-400x300.jpeg 400w, https:\/\/azqs.com\/gartenjardin\/files\/2024\/02\/vue.jpeg 2048w\" sizes=\"(max-width: 300px) 100vw, 300px\" \/><\/a>\n\t\t\t<\/div><\/figure><figure class='gallery-item'>\n\t\t\t<div class='gallery-icon landscape'>\n\t\t\t\t<a href='https:\/\/azqs.com\/gartenjardin\/fr\/2024\/02\/samedi-17-fevrier-riegel\/chapelle\/'><img loading=\"lazy\" decoding=\"async\" width=\"300\" height=\"225\" src=\"https:\/\/azqs.com\/gartenjardin\/files\/2024\/02\/chapelle-300x225.jpg\" class=\"attachment-medium size-medium\" alt=\"\" srcset=\"https:\/\/azqs.com\/gartenjardin\/files\/2024\/02\/chapelle-300x225.jpg 300w, https:\/\/azqs.com\/gartenjardin\/files\/2024\/02\/chapelle-1024x768.jpg 1024w, https:\/\/azqs.com\/gartenjardin\/files\/2024\/02\/chapelle-768x576.jpg 768w, https:\/\/azqs.com\/gartenjardin\/files\/2024\/02\/chapelle-1536x1152.jpg 1536w, https:\/\/azqs.com\/gartenjardin\/files\/2024\/02\/chapelle-2048x1536.jpg 2048w, https:\/\/azqs.com\/gartenjardin\/files\/2024\/02\/chapelle-400x300.jpg 400w\" sizes=\"(max-width: 300px) 100vw, 300px\" \/><\/a>\n\t\t\t<\/div><\/figure>\n\t\t<\/div>\n\n<\/div>\n<\/div>\n","protected":false},"excerpt":{"rendered":"<p>Chers amis, Pour \u00e9gayer le mois de f\u00e9vrier, l&rsquo;association Garten\/\/Jardin vous propose de visiter, le samedi 17 f\u00e9vrier, l&rsquo;exposition \u00ab\u00a0Marc Chagall &#8211; des mondes r\u00eav\u00e9s\u00a0\u00bb\u00a0 dans la charmante ville de Riegel au pied du Kaiserstuhl, au nord de Freiburg. Nous <a class=\"more-link\" href=\"https:\/\/azqs.com\/gartenjardin\/fr\/2024\/02\/samedi-17-fevrier-riegel\/\">Continuer la lecture <span class=\"screen-reader-text\">  Samedi 17 f\u00e9vrier, Riegel am Kaiserstuhl<\/span><span class=\"meta-nav\">&rarr;<\/span><\/a><\/p>\n","protected":false},"author":298,"featured_media":0,"comment_status":"closed","ping_status":"closed","sticky":false,"template":"","format":"standard","meta":{"footnotes":""},"categories":[39,41],"tags":[],"class_list":["post-3760","post","type-post","status-publish","format-standard","hentry","category-actvites","category-sorties"],"_links":{"self":[{"href":"https:\/\/azqs.com\/gartenjardin\/wp-json\/wp\/v2\/posts\/3760"}],"collection":[{"href":"https:\/\/azqs.com\/gartenjardin\/wp-json\/wp\/v2\/posts"}],"about":[{"href":"https:\/\/azqs.com\/gartenjardin\/wp-json\/wp\/v2\/types\/post"}],"author":[{"embeddable":true,"href":"https:\/\/azqs.com\/gartenjardin\/wp-json\/wp\/v2\/users\/298"}],"replies":[{"embeddable":true,"href":"https:\/\/azqs.com\/gartenjardin\/wp-json\/wp\/v2\/comments?post=3760"}],"version-history":[{"count":4,"href":"https:\/\/azqs.com\/gartenjardin\/wp-json\/wp\/v2\/posts\/3760\/revisions"}],"predecessor-version":[{"id":3848,"href":"https:\/\/azqs.com\/gartenjardin\/wp-json\/wp\/v2\/posts\/3760\/revisions\/3848"}],"wp:attachment":[{"href":"https:\/\/azqs.com\/gartenjardin\/wp-json\/wp\/v2\/media?parent=3760"}],"wp:term":[{"taxonomy":"category","embeddable":true,"href":"https:\/\/azqs.com\/gartenjardin\/wp-json\/wp\/v2\/categories?post=3760"},{"taxonomy":"post_tag","embeddable":true,"href":"https:\/\/azqs.com\/gartenjardin\/wp-json\/wp\/v2\/tags?post=3760"}],"curies":[{"name":"wp","href":"https:\/\/api.w.org\/{rel}","templated":true}]}}