{"id":3725,"date":"2024-02-04T23:51:20","date_gmt":"2024-02-04T22:51:20","guid":{"rendered":"https:\/\/azqs.com\/gartenjardin\/?p=3725"},"modified":"2024-04-05T20:52:59","modified_gmt":"2024-04-05T19:52:59","slug":"mercredi-7-fevrier-cafe-kuchen","status":"publish","type":"post","link":"https:\/\/azqs.com\/gartenjardin\/fr\/2024\/02\/mercredi-7-fevrier-cafe-kuchen\/","title":{"rendered":"Mercredi 7 f\u00e9vrier, Caf\u00e9-Kuchen"},"content":{"rendered":"<div dir=\"ltr\"><i>\u00a0<\/i><\/div>\n<div dir=\"ltr\">L\u2019association Garten\/\/Jardin et les Amis de la Passerelle vous invitent \u00e0 la traditionnelle rencontre Caf\u00e9-Kuchen sur la plate-forme centrale de la passerelle du jardin des Deux Rives, le <b>mercredi 7 f\u00e9vrier \u00e0 partir de 16 h<\/b>. Venez avec vos amis, votre bonne humeur, un petit quelque chose \u00e0 partager. Thermos, gobelets et boissons chaudes et beignets sont bienvenus.<\/div>\n<div dir=\"ltr\"><span style=\"font-size: small\">En cas d&rsquo;intemp\u00e9ries, nous nous r\u00e9fugions sous la passerelle c\u00f4t\u00e9 Kehl.<\/span><\/div>\n<div dir=\"ltr\">\n<div id='gallery-1' class='gallery galleryid-3725 gallery-columns-4 gallery-size-medium'><figure class='gallery-item'>\n\t\t\t<div class='gallery-icon landscape'>\n\t\t\t\t<a href='https:\/\/azqs.com\/gartenjardin\/fr\/2024\/02\/mercredi-7-fevrier-cafe-kuchen\/ck-02-24-1\/'><img loading=\"lazy\" decoding=\"async\" width=\"300\" height=\"233\" src=\"https:\/\/azqs.com\/gartenjardin\/files\/2024\/02\/CK-02-24.1-300x233.jpg\" class=\"attachment-medium size-medium\" alt=\"\" srcset=\"https:\/\/azqs.com\/gartenjardin\/files\/2024\/02\/CK-02-24.1-300x233.jpg 300w, https:\/\/azqs.com\/gartenjardin\/files\/2024\/02\/CK-02-24.1-1024x796.jpg 1024w, https:\/\/azqs.com\/gartenjardin\/files\/2024\/02\/CK-02-24.1-768x597.jpg 768w, https:\/\/azqs.com\/gartenjardin\/files\/2024\/02\/CK-02-24.1-1536x1194.jpg 1536w, https:\/\/azqs.com\/gartenjardin\/files\/2024\/02\/CK-02-24.1-386x300.jpg 386w, https:\/\/azqs.com\/gartenjardin\/files\/2024\/02\/CK-02-24.1.jpg 1640w\" sizes=\"(max-width: 300px) 100vw, 300px\" \/><\/a>\n\t\t\t<\/div><\/figure><figure class='gallery-item'>\n\t\t\t<div class='gallery-icon landscape'>\n\t\t\t\t<a href='https:\/\/azqs.com\/gartenjardin\/fr\/2024\/02\/mercredi-7-fevrier-cafe-kuchen\/ck-02-24-2\/'><img loading=\"lazy\" decoding=\"async\" width=\"300\" height=\"225\" src=\"https:\/\/azqs.com\/gartenjardin\/files\/2024\/02\/CK-02-24.2-300x225.jpg\" class=\"attachment-medium size-medium\" alt=\"\" srcset=\"https:\/\/azqs.com\/gartenjardin\/files\/2024\/02\/CK-02-24.2-300x225.jpg 300w, https:\/\/azqs.com\/gartenjardin\/files\/2024\/02\/CK-02-24.2-1024x768.jpg 1024w, https:\/\/azqs.com\/gartenjardin\/files\/2024\/02\/CK-02-24.2-768x576.jpg 768w, https:\/\/azqs.com\/gartenjardin\/files\/2024\/02\/CK-02-24.2-1536x1152.jpg 1536w, https:\/\/azqs.com\/gartenjardin\/files\/2024\/02\/CK-02-24.2-400x300.jpg 400w, https:\/\/azqs.com\/gartenjardin\/files\/2024\/02\/CK-02-24.2.jpg 2016w\" sizes=\"(max-width: 300px) 100vw, 300px\" \/><\/a>\n\t\t\t<\/div><\/figure><figure class='gallery-item'>\n\t\t\t<div class='gallery-icon landscape'>\n\t\t\t\t<a href='https:\/\/azqs.com\/gartenjardin\/fr\/2024\/02\/mercredi-7-fevrier-cafe-kuchen\/ck-02-24-3\/'><img loading=\"lazy\" decoding=\"async\" width=\"300\" height=\"225\" src=\"https:\/\/azqs.com\/gartenjardin\/files\/2024\/02\/CK-02-24.3-300x225.jpg\" class=\"attachment-medium size-medium\" alt=\"\" srcset=\"https:\/\/azqs.com\/gartenjardin\/files\/2024\/02\/CK-02-24.3-300x225.jpg 300w, https:\/\/azqs.com\/gartenjardin\/files\/2024\/02\/CK-02-24.3-1024x768.jpg 1024w, https:\/\/azqs.com\/gartenjardin\/files\/2024\/02\/CK-02-24.3-768x576.jpg 768w, https:\/\/azqs.com\/gartenjardin\/files\/2024\/02\/CK-02-24.3-1536x1152.jpg 1536w, https:\/\/azqs.com\/gartenjardin\/files\/2024\/02\/CK-02-24.3-400x300.jpg 400w, https:\/\/azqs.com\/gartenjardin\/files\/2024\/02\/CK-02-24.3.jpg 2016w\" sizes=\"(max-width: 300px) 100vw, 300px\" \/><\/a>\n\t\t\t<\/div><\/figure><figure class='gallery-item'>\n\t\t\t<div class='gallery-icon landscape'>\n\t\t\t\t<a href='https:\/\/azqs.com\/gartenjardin\/fr\/2024\/02\/mercredi-7-fevrier-cafe-kuchen\/ca-07-02-24\/'><img loading=\"lazy\" decoding=\"async\" width=\"300\" height=\"208\" src=\"https:\/\/azqs.com\/gartenjardin\/files\/2024\/02\/CA-07-02-24-300x208.jpg\" class=\"attachment-medium size-medium\" alt=\"\" srcset=\"https:\/\/azqs.com\/gartenjardin\/files\/2024\/02\/CA-07-02-24-300x208.jpg 300w, https:\/\/azqs.com\/gartenjardin\/files\/2024\/02\/CA-07-02-24-1024x709.jpg 1024w, https:\/\/azqs.com\/gartenjardin\/files\/2024\/02\/CA-07-02-24-768x532.jpg 768w, https:\/\/azqs.com\/gartenjardin\/files\/2024\/02\/CA-07-02-24-1536x1064.jpg 1536w, https:\/\/azqs.com\/gartenjardin\/files\/2024\/02\/CA-07-02-24-433x300.jpg 433w, https:\/\/azqs.com\/gartenjardin\/files\/2024\/02\/CA-07-02-24.jpg 1774w\" sizes=\"(max-width: 300px) 100vw, 300px\" \/><\/a>\n\t\t\t<\/div><\/figure>\n\t\t<\/div>\n\n<p>Quatorze personnes bravent la pluie, puis une partie se r\u00e9chauffent au local lors d&rsquo;un Conseil d&rsquo;Administration.<\/p>\n<\/div>\n","protected":false},"excerpt":{"rendered":"<p>\u00a0 L\u2019association Garten\/\/Jardin et les Amis de la Passerelle vous invitent \u00e0 la traditionnelle rencontre Caf\u00e9-Kuchen sur la plate-forme centrale de la passerelle du jardin des Deux Rives, le mercredi 7 f\u00e9vrier \u00e0 partir de 16 h. Venez avec vos <a class=\"more-link\" href=\"https:\/\/azqs.com\/gartenjardin\/fr\/2024\/02\/mercredi-7-fevrier-cafe-kuchen\/\">Continuer la lecture <span class=\"screen-reader-text\">  Mercredi 7 f\u00e9vrier, Caf\u00e9-Kuchen<\/span><span class=\"meta-nav\">&rarr;<\/span><\/a><\/p>\n","protected":false},"author":298,"featured_media":0,"comment_status":"closed","ping_status":"closed","sticky":false,"template":"","format":"standard","meta":{"footnotes":""},"categories":[37],"tags":[],"class_list":["post-3725","post","type-post","status-publish","format-standard","hentry","category-cafe-kuchen"],"_links":{"self":[{"href":"https:\/\/azqs.com\/gartenjardin\/wp-json\/wp\/v2\/posts\/3725"}],"collection":[{"href":"https:\/\/azqs.com\/gartenjardin\/wp-json\/wp\/v2\/posts"}],"about":[{"href":"https:\/\/azqs.com\/gartenjardin\/wp-json\/wp\/v2\/types\/post"}],"author":[{"embeddable":true,"href":"https:\/\/azqs.com\/gartenjardin\/wp-json\/wp\/v2\/users\/298"}],"replies":[{"embeddable":true,"href":"https:\/\/azqs.com\/gartenjardin\/wp-json\/wp\/v2\/comments?post=3725"}],"version-history":[{"count":4,"href":"https:\/\/azqs.com\/gartenjardin\/wp-json\/wp\/v2\/posts\/3725\/revisions"}],"predecessor-version":[{"id":4053,"href":"https:\/\/azqs.com\/gartenjardin\/wp-json\/wp\/v2\/posts\/3725\/revisions\/4053"}],"wp:attachment":[{"href":"https:\/\/azqs.com\/gartenjardin\/wp-json\/wp\/v2\/media?parent=3725"}],"wp:term":[{"taxonomy":"category","embeddable":true,"href":"https:\/\/azqs.com\/gartenjardin\/wp-json\/wp\/v2\/categories?post=3725"},{"taxonomy":"post_tag","embeddable":true,"href":"https:\/\/azqs.com\/gartenjardin\/wp-json\/wp\/v2\/tags?post=3725"}],"curies":[{"name":"wp","href":"https:\/\/api.w.org\/{rel}","templated":true}]}}