{"id":3587,"date":"2023-12-24T15:12:23","date_gmt":"2023-12-24T14:12:23","guid":{"rendered":"https:\/\/azqs.com\/gartenjardin\/?p=3587"},"modified":"2024-08-03T21:16:27","modified_gmt":"2024-08-03T20:16:27","slug":"agenda-2024-2","status":"publish","type":"post","link":"https:\/\/azqs.com\/gartenjardin\/de\/2023\/12\/agenda-2024-2\/","title":{"rendered":"Agenda 2024"},"content":{"rendered":"<p class=\"western\"><span style=\"font-family: Times New Roman, serif;font-size: 12pt\"><strong>Mittwoch 3. Januar<\/strong> Caf\u00e9 Kuchen mit Neujahrsbrezelnn und Dreik\u00f6nigskuchen<\/span><\/p>\n<p class=\"western\"><span style=\"font-family: Times New Roman, serif;font-size: 12pt\"><strong>Samstag 27. Januar<\/strong> Ausstellung \u00abMarc Chagall\u00bb in RIEGEL AM KAISERSTUHL<\/span><\/p>\n<p class=\"western\"><span style=\"font-family: Times New Roman, serif;font-size: 12pt\"><strong>Mittwoch 7. Februar<\/strong> Caf\u00e9 Kuchen<\/span><\/p>\n<p class=\"western\"><span style=\"font-family: Times New Roman, serif;font-size: 12pt\"><strong>Samstag 17. Februar<\/strong> Ausstellung \u00abCharles Freger<span style=\"color: #000000\"><span lang=\"fr-FR\">\u00a0\u00bb<\/span><\/span> im Mus\u00e9e Alsacien, STRASBOURG<\/span><\/p>\n<p class=\"western\"><span style=\"font-family: Times New Roman, serif;font-size: 12pt\"><strong>Mittwoch 6. M\u00e4rz<\/strong> Caf\u00e9 Kuchen<\/span><\/p>\n<p class=\"western\"><span style=\"font-family: Times New Roman, serif;font-size: 12pt\"><strong>Sonntag <span style=\"color: #000000\"><span lang=\"fr-FR\">23<\/span><\/span>. M\u00e4rz <\/strong><span style=\"color: #000000\"><span lang=\"fr-FR\">OFFENBURG, Wiege des badischen Aufstands<\/span><\/span><\/span><\/p>\n<p class=\"western\"><span style=\"font-family: Times New Roman, serif;font-size: 12pt\"><strong>Mittwoch 3. April<\/strong> Caf\u00e9 Kuchen, mit Wiederaufnahme der Radtouren und Rundg\u00e4nge um 14 h<\/span><\/p>\n<p class=\"western\"><span style=\"font-family: Times New Roman, serif;font-size: 12pt\"><strong>Samstag 13. April<\/strong> Entdeckung des Gr\u00fcng\u00fcrtels von STRASBOURG<\/span><\/p>\n<p class=\"western\"><span style=\"font-family: Times New Roman, serif;font-size: 12pt\"><strong>Dienstag 23. April<\/strong> Fest zum 20-j\u00e4hrigen Bestehen des Gartens der zwei Ufer auf der Passerelle<\/span><\/p>\n<p class=\"western\"><span style=\"font-family: Times New Roman, serif;font-size: 12pt\"><strong>Mittwoch 1. Mai <\/strong>Caf\u00e9 Kuchen &#8211; Radtour um 14 h<\/span><\/p>\n<p class=\"western\"><span style=\"font-family: Times New Roman, serif;font-size: 12pt\"><strong>Samstag\u00a04 Mai<\/strong> Wilde Orchideen im S<span style=\"color: #000000\"><span lang=\"fr-FR\">\u00fcden von Strasbourg<\/span><\/span><\/span><\/p>\n<p><strong>Sonntag 2. Juni<\/strong> Festival der M\u00f6glichkeiten, Port du Rhin, STRASBOURG<\/p>\n<p class=\"western\"><span style=\"font-family: Times New Roman, serif;font-size: 12pt\"><strong>Mittwoch 7. Juni <\/strong>Caf\u00e9 Kuchen &#8211; Radtour um 14 h<\/span><\/p>\n<p class=\"western\"><span style=\"font-family: Times New Roman, serif;font-size: 12pt\"><strong><span style=\"color: #000000\"><span lang=\"fr-FR\">Samstag 15<\/span><\/span><span style=\"color: #000000\"><span lang=\"fr-FR\">.<\/span><\/span>Juni<\/strong> <span style=\"color: #000000\"><span lang=\"fr-FR\">Prinzengarten ET<\/span><\/span><span style=\"color: #000000\"><span lang=\"fr-FR\">TENHEIM<\/span><\/span><\/span><\/p>\n<p class=\"western\"><span style=\"font-family: Times New Roman, serif;font-size: 12pt\"><strong><span style=\"color: #000000\"><span lang=\"fr-FR\">Mittwoch<\/span><\/span><\/strong><span style=\"color: #000000\"><span lang=\"fr-FR\"><strong> 19. Juni 17h<\/strong>, F\u00fchrung durch den Jardin des Deux Rives KEHL<\/span><\/span><\/span><\/p>\n<p class=\"western\"><span style=\"font-family: Times New Roman, serif;font-size: 12pt\"><strong>Mittwoch 3. Juli<\/strong> Caf\u00e9 Kuchen &#8211; Radtour um 14 h<\/span><\/p>\n<p class=\"western\"><span style=\"font-family: Times New Roman, serif;font-size: 12pt\"><strong>Samstag <span style=\"color: #000000\"><span lang=\"fr-FR\">6<\/span><\/span>. Juli<\/strong> Botanischer Garten Haut-Chitelet<\/span><\/p>\n<p class=\"western\"><span style=\"font-family: Times New Roman, serif;font-size: 12pt\"><strong><span style=\"color: #000000\"><span lang=\"fr-FR\">Mittwoch<\/span><\/span> 7. August<\/strong> Caf\u00e9 Kuchen &#8211; Radtour um 14 h<\/span><\/p>\n<p class=\"western\"><span style=\"font-family: Times New Roman, serif;font-size: 12pt\"><span style=\"color: #ff0000\"><strong><span lang=\"fr-FR\">S<\/span><span lang=\"fr-FR\">ams<\/span><span lang=\"fr-FR\">tag 2<\/span><span lang=\"fr-FR\">4<\/span>. August<\/strong>\u00a0<\/span><b> <\/b><span style=\"color: #000000\"><span lang=\"fr-FR\">R\u00f6merfest in AUGST<\/span><\/span><\/span><\/p>\n<p class=\"western\"><span style=\"font-family: Times New Roman, serif;font-size: 12pt\"><strong>Mittwoch 4. September<\/strong> Caf\u00e9 Kuchen &#8211; Radtour um 14 h<\/span><\/p>\n<p><strong>Samstag 14.. September<\/strong>, <span style=\"font-family: times new roman, times, serif\">Rallye zum 20-j\u00e4hrigen Bestehen des Jardin des Deux Rives STRASBOURG-KEHL<\/span><\/p>\n<p class=\"western\"><span style=\"font-family: Times New Roman, serif;font-size: 12pt\"><strong><span style=\"color: #000000\"><span lang=\"fr-FR\">Samstag <\/span><\/span><span style=\"color: #000000\"><span lang=\"fr-FR\">28<\/span><\/span>. September<\/strong> Landesgartenschau WANGEN im Allg<span style=\"color: #000000\"><span lang=\"fr-FR\">\u00e4u<\/span><\/span><\/span><\/p>\n<p class=\"western\"><span style=\"font-family: Times New Roman, serif;font-size: 12pt\"><strong>Mittwoch 2.Oktober<\/strong> Caf\u00e9 Kuchen &#8211; Radtour um 14 h<\/span><\/p>\n<p class=\"western\"><span style=\"font-family: Times New Roman, serif;font-size: 12pt\"><strong>Samstag 12.Oktober<\/strong> <span style=\"color: #000000\"><span lang=\"fr-FR\">Austellung \u00ab<\/span><\/span><span style=\"color: #000000\"><span lang=\"fr-FR\">folie\u2019flore<\/span><\/span><span style=\"color: #000000\"><span lang=\"fr-FR\">\u00bb <\/span><\/span><span style=\"color: #000000\"><span lang=\"fr-FR\">MULHOUSE<\/span><\/span><\/span><\/p>\n<p class=\"western\"><span style=\"font-family: Times New Roman, serif;font-size: 12pt\"><strong>Mittwoch 6. November<\/strong> Caf\u00e9 Kuchen<\/span><\/p>\n<p class=\"western\"><span style=\"font-family: Times New Roman, serif;font-size: 12pt\"><strong>S<span style=\"color: #000000\"><span lang=\"fr-FR\">amst<\/span><\/span>ag 30. November <\/strong>Biblioth\u00e8que Humaniste S\u00c9LESTAT<\/span><\/p>\n<p class=\"western\"><span style=\"font-family: Times New Roman, serif;font-size: 12pt\"><strong>Mittwoch 6. Dezember<\/strong> Caf\u00e9 Kuchen<\/span><\/p>\n<p class=\"western\"><span style=\"font-family: Times New Roman, serif;font-size: 12pt\"><strong>Samstag 14.\u00a0 Dezember<\/strong> <span style=\"color: #000000\"><span lang=\"fr-FR\">Freilichtmuseum Vogtsbauernhof <\/span><\/span><span style=\"color: #000000\"><span lang=\"fr-FR\">GUTACH<\/span><\/span><\/span><\/p>\n<p class=\"western\"><span style=\"font-family: Times New Roman, serif;font-size: 12pt\"><i><strong><span lang=\"de-DE\">Caf\u00e9 Kuchen:<\/span> <span lang=\"de-DE\">immer<\/span> <span lang=\"de-DE\">ab<\/span> <span lang=\"de-DE\">16<\/span> <span lang=\"de-DE\">Uhr<\/span><\/strong> <span lang=\"de-DE\">auf<\/span> <span lang=\"de-DE\">der<\/span> <span lang=\"de-DE\">Plattform<\/span> <span lang=\"de-DE\">der<\/span> <span lang=\"de-DE\">Passerelle<\/span> <span lang=\"de-DE\">im<\/span> <span lang=\"de-DE\">Garten<\/span> <span lang=\"de-DE\">der<\/span> <span lang=\"de-DE\">zwei<\/span> <span lang=\"de-DE\">Ufer &#8211;<\/span> <span lang=\"de-DE\">sollte<\/span> <span lang=\"de-DE\">es<\/span> <span lang=\"de-DE\">zu<\/span> <span lang=\"de-DE\">hei\u00df<\/span> <span lang=\"de-DE\">sein,<\/span> <span lang=\"de-DE\">beim<\/span> <span lang=\"de-DE\">Euroting;<\/span> <strong><span lang=\"de-DE\">April<\/span> <span lang=\"de-DE\">bis<\/span> <span lang=\"de-DE\">Oktober,<\/span> <span lang=\"de-DE\">jeweils<\/span> <span lang=\"de-DE\">um<\/span> <span lang=\"de-DE\">14 Uhr: Radrundfahrten<\/span> <\/strong><\/i><\/span><\/p>\n","protected":false},"excerpt":{"rendered":"<p>Mittwoch 3. Januar Caf\u00e9 Kuchen mit Neujahrsbrezelnn und Dreik\u00f6nigskuchen Samstag 27. Januar Ausstellung \u00abMarc Chagall\u00bb in RIEGEL AM KAISERSTUHL Mittwoch 7. Februar Caf\u00e9 Kuchen Samstag 17. Februar Ausstellung \u00abCharles Freger\u00a0\u00bb im Mus\u00e9e Alsacien, STRASBOURG Mittwoch 6. M\u00e4rz Caf\u00e9 Kuchen Sonntag <a class=\"more-link\" href=\"https:\/\/azqs.com\/gartenjardin\/de\/2023\/12\/agenda-2024-2\/\">Continuer la lecture <span class=\"screen-reader-text\">  Agenda 2024<\/span><span class=\"meta-nav\">&rarr;<\/span><\/a><\/p>\n","protected":false},"author":298,"featured_media":0,"comment_status":"closed","ping_status":"closed","sticky":false,"template":"","format":"standard","meta":{"footnotes":""},"categories":[115,140],"tags":[],"class_list":["post-3587","post","type-post","status-publish","format-standard","hentry","category-de-statuts","category-termine"],"_links":{"self":[{"href":"https:\/\/azqs.com\/gartenjardin\/wp-json\/wp\/v2\/posts\/3587"}],"collection":[{"href":"https:\/\/azqs.com\/gartenjardin\/wp-json\/wp\/v2\/posts"}],"about":[{"href":"https:\/\/azqs.com\/gartenjardin\/wp-json\/wp\/v2\/types\/post"}],"author":[{"embeddable":true,"href":"https:\/\/azqs.com\/gartenjardin\/wp-json\/wp\/v2\/users\/298"}],"replies":[{"embeddable":true,"href":"https:\/\/azqs.com\/gartenjardin\/wp-json\/wp\/v2\/comments?post=3587"}],"version-history":[{"count":4,"href":"https:\/\/azqs.com\/gartenjardin\/wp-json\/wp\/v2\/posts\/3587\/revisions"}],"predecessor-version":[{"id":4187,"href":"https:\/\/azqs.com\/gartenjardin\/wp-json\/wp\/v2\/posts\/3587\/revisions\/4187"}],"wp:attachment":[{"href":"https:\/\/azqs.com\/gartenjardin\/wp-json\/wp\/v2\/media?parent=3587"}],"wp:term":[{"taxonomy":"category","embeddable":true,"href":"https:\/\/azqs.com\/gartenjardin\/wp-json\/wp\/v2\/categories?post=3587"},{"taxonomy":"post_tag","embeddable":true,"href":"https:\/\/azqs.com\/gartenjardin\/wp-json\/wp\/v2\/tags?post=3587"}],"curies":[{"name":"wp","href":"https:\/\/api.w.org\/{rel}","templated":true}]}}