{"id":3584,"date":"2023-12-24T15:07:06","date_gmt":"2023-12-24T14:07:06","guid":{"rendered":"https:\/\/azqs.com\/gartenjardin\/?p=3584"},"modified":"2024-08-03T21:15:21","modified_gmt":"2024-08-03T20:15:21","slug":"agenda-2024","status":"publish","type":"post","link":"https:\/\/azqs.com\/gartenjardin\/fr\/2023\/12\/agenda-2024\/","title":{"rendered":"Agenda 2024"},"content":{"rendered":"<p class=\"western\"><span style=\"font-family: Times New Roman, serif\"><span style=\"font-size: medium\"><strong>mercredi <span style=\"color: #000000\"><span lang=\"fr-FR\">3<\/span><\/span> janvier<\/strong> Caf\u00e9 Kuchen de nouvel an avec galette et bretzel du nouvel an <\/span><\/span><\/p>\n<p class=\"western\"><span style=\"font-family: Times New Roman, serif\"><span style=\"font-size: medium\"><strong>samedi 27 janvier <\/strong>Exposition \u00abMarc Chagall\u00a0\u00bb \u00e0 RIEGEL AM KAISERSTUHL<\/span><\/span><\/p>\n<p class=\"western\"><span style=\"font-family: Times New Roman, serif\"><span style=\"font-size: medium\"><strong>mercredi <span style=\"color: #000000\"><span lang=\"fr-FR\">7<\/span><\/span> f\u00e9vrier <\/strong>Caf\u00e9 Kuchen<\/span><\/span><\/p>\n<p class=\"western\"><span style=\"font-family: Times New Roman, serif\"><span style=\"font-size: medium\"><strong>samedi 17 f\u00e9vrier<\/strong> Exposition \u00abCharles Freger\u00bb Mus\u00e9e Alsacien STRASBOURG<\/span><\/span><\/p>\n<p class=\"western\"><span style=\"font-family: Times New Roman, serif\"><span style=\"font-size: medium\"><strong>mercredi <span style=\"color: #000000\"><span lang=\"fr-FR\">6<\/span><\/span> mars<\/strong> Caf\u00e9 Kuchen<\/span><\/span><\/p>\n<p class=\"western\"><span style=\"font-family: Times New Roman, serif\"><span style=\"font-size: medium\"><strong><span style=\"color: #000000\"><span lang=\"fr-FR\">samedi <\/span><\/span><span style=\"color: #000000\"><span lang=\"fr-FR\">23<\/span><\/span> mars <\/strong><span style=\"color: #000000\"><span lang=\"fr-FR\">OFFENBURG, berceau r\u00e9volutionnaire<\/span><\/span><\/span><\/span><\/p>\n<p class=\"western\"><span style=\"font-family: Times New Roman, serif\"><span style=\"font-size: medium\"><strong>mercredi <span style=\"color: #000000\"><span lang=\"fr-FR\">3<\/span><\/span> avril<\/strong> Caf\u00e9 Kuchen, reprise des balades cyclistes \u00e0 14h<\/span><\/span><\/p>\n<p class=\"western\"><span style=\"font-family: Times New Roman, serif\"><span style=\"font-size: medium\"><strong>samedi <span style=\"color: #000000\"><span lang=\"fr-FR\">13<\/span><\/span> avril<\/strong> D\u00e9couverte de la Ceinture Verte de STRASBOURG<\/span><\/span><\/p>\n<p class=\"western\"><span style=\"font-family: Times New Roman, serif\"><span style=\"font-size: medium\"><strong>mardi 2<span style=\"color: #000000\"><span lang=\"fr-FR\">3<\/span><\/span> avril <\/strong>F<span style=\"color: #000000\"><span lang=\"fr-FR\">\u00eate des 20 ans du Jardin des Deux Rives sur la Passerelle<\/span><\/span><\/span><\/span><\/p>\n<p class=\"western\"><span style=\"font-family: Times New Roman, serif\"><span style=\"font-size: medium\"><strong>mercredi 1<sup>er<\/sup> mai<\/strong> Caf\u00e9 Kuchen, balade cycliste \u00e0 14h<\/span><\/span><\/p>\n<p class=\"western\"><span style=\"font-family: Times New Roman, serif\"><span style=\"font-size: medium\"><strong>samedi\u00a0 4 mai<\/strong> Promenade parmi les orchid\u00e9e sauvages au sud de STRASBOURG<\/span><\/span><\/p>\n<p><strong>dimanche 2 juin<\/strong>, Festival des Possibles, Port du Rhin, STRASBOURG<\/p>\n<p class=\"western\"><span style=\"font-family: Times New Roman, serif\"><span style=\"font-size: medium\"><strong>mercredi 5 juin<\/strong> Caf\u00e9-Kuchen, balade cycliste \u00e0 14h<\/span><\/span><\/p>\n<p class=\"western\"><span style=\"font-family: Times New Roman, serif\"><span style=\"font-size: medium\"><strong><span style=\"color: #000000\"><span lang=\"fr-FR\">samedi 15 <\/span><\/span><span style=\"color: #000000\"><span lang=\"fr-FR\"> j<\/span><\/span>uin <\/strong><span style=\"color: #000000\"><span lang=\"fr-FR\">J<\/span><\/span><span style=\"color: #000000\"><span lang=\"fr-FR\">ardin des Princes \u00e0 ETTENHEIM<\/span><\/span><\/span><\/span><\/p>\n<p class=\"western\"><span style=\"font-family: Times New Roman, serif\"><span style=\"font-size: medium\"><strong><span style=\"color: #000000\"><span lang=\"fr-FR\">m<\/span><\/span><span style=\"color: #000000\"><span lang=\"fr-FR\">ardi 18 juin <\/span><\/span><\/strong><span style=\"color: #000000\"><span lang=\"fr-FR\"><strong>17h<\/strong>, visite guid\u00e9e du Jardin des Deux Rives KEHL<\/span><\/span><\/span><\/span><\/p>\n<p class=\"western\"><span style=\"font-family: Times New Roman, serif\"><span style=\"font-size: medium\"><strong>mercredi 3 juillet<\/strong> Caf\u00e9-Kuchen, balade cycliste \u00e0 14h<\/span><\/span><\/p>\n<p class=\"western\"><span style=\"font-family: Times New Roman, serif\"><span style=\"font-size: medium\"><strong>samedi 6 juillet<\/strong> Jardin botanique du Haut-Chitelet \u00e0 XONRUPT<\/span><\/span><\/p>\n<p class=\"western\"><span style=\"font-family: Times New Roman, serif\"><span style=\"font-size: medium\"><strong>mercredi 7<span style=\"color: #000000\"><span lang=\"fr-FR\"> a<\/span><\/span>o\u00fbt<\/strong> Caf\u00e9-Kuchen, balades cyclistes \u00e0 14h<\/span><\/span><\/p>\n<p class=\"western\"><span style=\"font-family: Times New Roman, serif\"><span style=\"font-size: medium\"><span style=\"color: #ff0000\"><strong><span lang=\"fr-FR\">samedi 24\u00a0 aout\u00a0<\/span><\/strong><\/span> <span style=\"color: #000000\"><span lang=\"fr-FR\">F\u00eate romaine \u00e0 AUGST<\/span><\/span><\/span><\/span><\/p>\n<p class=\"western\"><span style=\"font-family: Times New Roman, serif\"><span style=\"font-size: medium\"><strong>mercredi 4 septembre <\/strong>Caf\u00e9 Kuchen, balade cycliste \u00e0 14h<\/span><\/span><\/p>\n<p><strong>samedi 14 septembre<\/strong>, Rallye pour les 20 ans du Jardin des Deux Rives STRASBOURG-KEHL<\/p>\n<p class=\"western\"><span style=\"font-family: Times New Roman, serif\"><span style=\"font-size: medium\"><strong><span style=\"color: #000000\"><span lang=\"fr-FR\">samedi <\/span><\/span><span style=\"color: #000000\"><span lang=\"fr-FR\">28<\/span><\/span> septembre<\/strong> <span style=\"color: #000000\"><span lang=\"fr-FR\">Lan<\/span><\/span>desgartenschau <span style=\"color: #000000\"><span lang=\"fr-FR\">WANGEN <\/span><\/span><span style=\"color: #000000\"><span lang=\"fr-FR\">im Allg\u00e4u<\/span><\/span><\/span><\/span><\/p>\n<p class=\"western\"><span style=\"font-family: Times New Roman, serif\"><span style=\"font-size: medium\"><strong>mercredi <span style=\"color: #000000\"><span lang=\"fr-FR\">2<\/span><\/span> octobre <\/strong>Caf\u00e9 Kuchen, balade cycliste \u00e0 14h<\/span><\/span><\/p>\n<p class=\"western\"><span style=\"font-family: Times New Roman, serif\"><span style=\"font-size: medium\"><strong>samedi 12 octobre<\/strong> Exposition \u00ab\u00a0folie\u2019flore\u00a0\u00bb \u00e0 MULHOUSE <\/span><\/span><\/p>\n<p class=\"western\"><span style=\"font-family: Times New Roman, serif\"><span style=\"font-size: medium\"><strong>mercredi 6 novembre <\/strong> Caf\u00e9 Kuchen <\/span><\/span><\/p>\n<p class=\"western\"><span style=\"font-family: Times New Roman, serif\"><span style=\"font-size: medium\"><strong>samedi 30 novembre<\/strong> Biblioth\u00e8que Humaniste \u00e0 S\u00c9LESTAT<\/span><\/span><\/p>\n<p class=\"western\"><span style=\"font-family: Times New Roman, serif\"><span style=\"font-size: medium\"><strong>mercredi 4 d\u00e9cembre<\/strong> Caf\u00e9 Kuchen<\/span><\/span><\/p>\n<p class=\"western\" align=\"left\"><span style=\"font-family: Times New Roman, serif\"><span style=\"font-size: medium\"><strong><span style=\"color: #000000\"><span lang=\"fr-FR\">samedi 1<\/span><\/span><span style=\"color: #000000\"><span lang=\"fr-FR\">4<\/span><\/span><span lang=\"fr-FR\"> d\u00e9cembre<\/span><\/strong> <span style=\"color: #000000\"><span lang=\"fr-FR\">Ecomus\u00e9e <\/span><\/span><span style=\"color: #000000\"><span lang=\"fr-FR\">de For\u00eat Noire \u00e0 G<\/span><\/span><span style=\"color: #000000\"><span lang=\"fr-FR\">UTACH<\/span><\/span><\/span><\/span><\/p>\n<p class=\"western\" align=\"left\"><span style=\"font-family: Times New Roman, serif\"><span style=\"font-size: medium\"><strong><span style=\"color: #000000\"><span lang=\"fr-FR\"><i>Caf\u00e9-Kuchen<\/i><\/span><\/span><span style=\"color: #000000\"><span lang=\"fr-FR\"><i>:<\/i><\/span><\/span><i> <\/i><span style=\"color: #000000\"><span lang=\"fr-FR\"><i>\u00e0<\/i><\/span><\/span><i> <\/i><span style=\"color: #000000\"><span lang=\"fr-FR\"><i>partir<\/i><\/span><\/span><i> <\/i><span style=\"color: #000000\"><span lang=\"fr-FR\"><i>de<\/i><\/span><\/span><i> <\/i><span style=\"color: #000000\"><span lang=\"fr-FR\"><i>16h<\/i><\/span><\/span><\/strong><i> <\/i><span style=\"color: #000000\"><span lang=\"fr-FR\"><i>sur<\/i><\/span><\/span><i> <\/i><span style=\"color: #000000\"><span lang=\"fr-FR\"><i>la<\/i><\/span><\/span><i> <\/i><span style=\"color: #000000\"><span lang=\"fr-FR\"><i>plate-forme<\/i><\/span><\/span><i> <\/i><span style=\"color: #000000\"><span lang=\"fr-FR\"><i>centrale<\/i><\/span><\/span><i> <\/i><span style=\"color: #000000\"><span lang=\"fr-FR\"><i>de<\/i><\/span><\/span><i> <\/i><span style=\"color: #000000\"><span lang=\"fr-FR\"><i>la<\/i><\/span><\/span><i> <\/i><span style=\"color: #000000\"><span lang=\"fr-FR\"><i>passerelle<\/i><\/span><\/span><i> <\/i><span style=\"color: #000000\"><span lang=\"fr-FR\"><i>du<\/i><\/span><\/span><i> <\/i><span style=\"color: #000000\"><span lang=\"fr-FR\"><i>Jardin<\/i><\/span><\/span><i> <\/i><span style=\"color: #000000\"><span lang=\"fr-FR\"><i>des<\/i><\/span><\/span><i> <\/i><span style=\"color: #000000\"><span lang=\"fr-FR\"><i>Deux<\/i><\/span><\/span><i> <\/i><span style=\"color: #000000\"><span lang=\"fr-FR\"><i>Rives<\/i><\/span><\/span><i> <\/i><span style=\"color: #000000\"><span lang=\"fr-FR\"><i>ou<\/i><\/span><\/span><i> <\/i><span style=\"color: #000000\"><span lang=\"fr-FR\"><i>en<\/i><\/span><\/span><i> <\/i><span style=\"color: #000000\"><span lang=\"fr-FR\"><i>cas<\/i><\/span><\/span><i> <\/i><span style=\"color: #000000\"><span lang=\"fr-FR\"><i>de<\/i><\/span><\/span><i> <\/i><span style=\"color: #000000\"><span lang=\"fr-FR\"><i>forte<\/i><\/span><\/span><i> <\/i><span style=\"color: #000000\"><span lang=\"fr-FR\"><i>chaleur<\/i><\/span><\/span><i> <\/i><span style=\"color: #000000\"><span lang=\"fr-FR\"><i>\u00e0<\/i><\/span><\/span><i> <\/i><span style=\"color: #000000\"><span lang=\"fr-FR\"><i>\u00ab\u00a0l<\/i><\/span><\/span><span style=\"color: #000000\"><span lang=\"fr-FR\"><i>\u2019<\/i><\/span><\/span><span style=\"color: #000000\"><span lang=\"fr-FR\"><i>Euroting\u00a0\u00bb<\/i><\/span><\/span><i> <\/i><span style=\"color: #000000\"><span lang=\"fr-FR\"><i><b>et<\/b><\/i><\/span><\/span><strong><i> <\/i><span style=\"color: #000000\"><span lang=\"fr-FR\"><i>d&rsquo;avril<\/i><\/span><\/span><i> <\/i><span style=\"color: #000000\"><span lang=\"fr-FR\"><i>\u00e0<\/i><\/span><\/span><i> <\/i><span style=\"color: #000000\"><span lang=\"fr-FR\"><i>octobre<\/i><\/span><\/span><\/strong><i><b> <\/b><\/i><strong><span style=\"color: #000000\"><span lang=\"fr-FR\"><i>balade<\/i><\/span><\/span><i> <\/i><span style=\"color: #000000\"><span lang=\"fr-FR\"><i>cycliste<\/i><\/span><\/span><i> <\/i><span style=\"color: #000000\"><span lang=\"fr-FR\"><i>\u00e0<\/i><\/span><\/span><i> <\/i><span style=\"color: #000000\"><span lang=\"fr-FR\"><i>14h00<\/i><\/span><\/span><\/strong><\/span><\/span><\/p>\n","protected":false},"excerpt":{"rendered":"<p>mercredi 3 janvier Caf\u00e9 Kuchen de nouvel an avec galette et bretzel du nouvel an samedi 27 janvier Exposition \u00abMarc Chagall\u00a0\u00bb \u00e0 RIEGEL AM KAISERSTUHL mercredi 7 f\u00e9vrier Caf\u00e9 Kuchen samedi 17 f\u00e9vrier Exposition \u00abCharles Freger\u00bb Mus\u00e9e Alsacien STRASBOURG mercredi <a class=\"more-link\" href=\"https:\/\/azqs.com\/gartenjardin\/fr\/2023\/12\/agenda-2024\/\">Continuer la lecture <span class=\"screen-reader-text\">  Agenda 2024<\/span><span class=\"meta-nav\">&rarr;<\/span><\/a><\/p>\n","protected":false},"author":298,"featured_media":0,"comment_status":"closed","ping_status":"closed","sticky":false,"template":"","format":"standard","meta":{"footnotes":""},"categories":[137],"tags":[],"class_list":["post-3584","post","type-post","status-publish","format-standard","hentry","category-agenda"],"_links":{"self":[{"href":"https:\/\/azqs.com\/gartenjardin\/wp-json\/wp\/v2\/posts\/3584"}],"collection":[{"href":"https:\/\/azqs.com\/gartenjardin\/wp-json\/wp\/v2\/posts"}],"about":[{"href":"https:\/\/azqs.com\/gartenjardin\/wp-json\/wp\/v2\/types\/post"}],"author":[{"embeddable":true,"href":"https:\/\/azqs.com\/gartenjardin\/wp-json\/wp\/v2\/users\/298"}],"replies":[{"embeddable":true,"href":"https:\/\/azqs.com\/gartenjardin\/wp-json\/wp\/v2\/comments?post=3584"}],"version-history":[{"count":4,"href":"https:\/\/azqs.com\/gartenjardin\/wp-json\/wp\/v2\/posts\/3584\/revisions"}],"predecessor-version":[{"id":4186,"href":"https:\/\/azqs.com\/gartenjardin\/wp-json\/wp\/v2\/posts\/3584\/revisions\/4186"}],"wp:attachment":[{"href":"https:\/\/azqs.com\/gartenjardin\/wp-json\/wp\/v2\/media?parent=3584"}],"wp:term":[{"taxonomy":"category","embeddable":true,"href":"https:\/\/azqs.com\/gartenjardin\/wp-json\/wp\/v2\/categories?post=3584"},{"taxonomy":"post_tag","embeddable":true,"href":"https:\/\/azqs.com\/gartenjardin\/wp-json\/wp\/v2\/tags?post=3584"}],"curies":[{"name":"wp","href":"https:\/\/api.w.org\/{rel}","templated":true}]}}