{"id":2762,"date":"2023-01-05T21:00:42","date_gmt":"2023-01-05T20:00:42","guid":{"rendered":"http:\/\/azqs.com\/gartenjardin\/?p=2762"},"modified":"2024-02-25T20:32:42","modified_gmt":"2024-02-25T19:32:42","slug":"mercredi-3-janvier-2023-cafe-kuchen","status":"publish","type":"post","link":"https:\/\/azqs.com\/gartenjardin\/fr\/2023\/01\/mercredi-3-janvier-2023-cafe-kuchen\/","title":{"rendered":"Mercredi 4 janvier 2023 Caf\u00e9-Kuchen"},"content":{"rendered":"<p><b>F\u00eatez la nouvelle ann\u00e9e avec Garten\/\/Jardin et les Amis de la Passerelle<\/b><\/p>\n<p>L&rsquo; association Garten\/\/Jardin et les Amis de la Passerelle vous invitent \u00e0 c\u00e9l\u00e9brer l&rsquo;an 2023 autour de la\u00a0 galette des rois\u00a0 et du\u00a0 Bretzel de Nouvel An &#8211; sur<br \/>\nla plate-forme centrale de la passerelle du jardin des Deux Rives le mercredi 4 janvier 2023, \u00e0 partir de 16 h.<br \/>\nVenez avec vos amis, votre bonne humeur, un petit quelque chose \u00e0 partager; thermos, gobelets et boissons chaudes bienvenus.<br \/>\n<span style=\"color: #5b8828\"><br \/>\n<\/span><span style=\"color: #652191\"><span style=\"color: #5b8828\">Nous vous souhaitons une tr\u00e8s bonne et heureuse ann\u00e9e sur les deux rives du Rhin. <\/span><\/span><\/p>\n","protected":false},"excerpt":{"rendered":"<p>F\u00eatez la nouvelle ann\u00e9e avec Garten\/\/Jardin et les Amis de la Passerelle L&rsquo; association Garten\/\/Jardin et les Amis de la Passerelle vous invitent \u00e0 c\u00e9l\u00e9brer l&rsquo;an 2023 autour de la\u00a0 galette des rois\u00a0 et du\u00a0 Bretzel de Nouvel An &#8211; <a class=\"more-link\" href=\"https:\/\/azqs.com\/gartenjardin\/fr\/2023\/01\/mercredi-3-janvier-2023-cafe-kuchen\/\">Continuer la lecture <span class=\"screen-reader-text\">  Mercredi 4 janvier 2023 Caf\u00e9-Kuchen<\/span><span class=\"meta-nav\">&rarr;<\/span><\/a><\/p>\n","protected":false},"author":298,"featured_media":0,"comment_status":"closed","ping_status":"closed","sticky":false,"template":"","format":"standard","meta":{"footnotes":""},"categories":[37],"tags":[],"class_list":["post-2762","post","type-post","status-publish","format-standard","hentry","category-cafe-kuchen"],"_links":{"self":[{"href":"https:\/\/azqs.com\/gartenjardin\/wp-json\/wp\/v2\/posts\/2762"}],"collection":[{"href":"https:\/\/azqs.com\/gartenjardin\/wp-json\/wp\/v2\/posts"}],"about":[{"href":"https:\/\/azqs.com\/gartenjardin\/wp-json\/wp\/v2\/types\/post"}],"author":[{"embeddable":true,"href":"https:\/\/azqs.com\/gartenjardin\/wp-json\/wp\/v2\/users\/298"}],"replies":[{"embeddable":true,"href":"https:\/\/azqs.com\/gartenjardin\/wp-json\/wp\/v2\/comments?post=2762"}],"version-history":[{"count":2,"href":"https:\/\/azqs.com\/gartenjardin\/wp-json\/wp\/v2\/posts\/2762\/revisions"}],"predecessor-version":[{"id":3839,"href":"https:\/\/azqs.com\/gartenjardin\/wp-json\/wp\/v2\/posts\/2762\/revisions\/3839"}],"wp:attachment":[{"href":"https:\/\/azqs.com\/gartenjardin\/wp-json\/wp\/v2\/media?parent=2762"}],"wp:term":[{"taxonomy":"category","embeddable":true,"href":"https:\/\/azqs.com\/gartenjardin\/wp-json\/wp\/v2\/categories?post=2762"},{"taxonomy":"post_tag","embeddable":true,"href":"https:\/\/azqs.com\/gartenjardin\/wp-json\/wp\/v2\/tags?post=2762"}],"curies":[{"name":"wp","href":"https:\/\/api.w.org\/{rel}","templated":true}]}}