{"id":2753,"date":"2023-01-05T20:46:06","date_gmt":"2023-01-05T19:46:06","guid":{"rendered":"http:\/\/azqs.com\/gartenjardin\/?p=2753"},"modified":"2023-07-17T20:32:16","modified_gmt":"2023-07-17T19:32:16","slug":"agenda-2023","status":"publish","type":"post","link":"https:\/\/azqs.com\/gartenjardin\/fr\/2023\/01\/agenda-2023\/","title":{"rendered":"Agenda 2023"},"content":{"rendered":"<p class=\"western\" align=\"center\"><span style=\"font-size: large\"><b>RENDEZ-VOUS DE GARTEN\/\/JARDIN 202<\/b><\/span><span style=\"font-size: large\"><b>3<\/b><\/span><\/p>\n<p class=\"western\"><span style=\"font-size: large\"><b>mercredi <\/b><span style=\"color: #000000\"><span style=\"font-family: Thorndale, Times New Roman, serif\"><span lang=\"fr-FR\"><b>4<\/b><\/span><\/span><\/span><b> <\/b><b>j<\/b><b>anvier <\/b>Caf\u00e9 Kuchen de nouvel an avec galette et bretzel<\/span><\/p>\n<p class=\"western\"><span style=\"font-size: large\"><b>samedi 1<\/b><b>4<\/b><b> janvier<\/b> Exposition \u00ab\u00a0L\u2019or du Rhin\u00bb KARLSRUHE<\/span><\/p>\n<p class=\"western\"><span style=\"font-size: large\"><b>dimanche 22 janvier<\/b> \u00ab\u00a060 ans du Trait\u00e9 de l\u2019Elys\u00e9e\u00a0\u00bb sur la Passerelle<\/span><\/p>\n<p class=\"western\"><span style=\"font-size: large\"><b>mercredi <\/b><span style=\"color: #000000\"><span style=\"font-family: Thorndale, Times New Roman, serif\"><span lang=\"fr-FR\"><b>1er<\/b><\/span><\/span><\/span><b> f\u00e9vrier<\/b> Caf\u00e9 Kuchen<\/span><\/p>\n<p class=\"western\"><span style=\"font-size: large\"><b>samedi 25<\/b><b> <\/b><b>f\u00e9vrier<\/b> Exposition \u00ab Ave C\u00e9sar ! \u00bb \u00e0 B\u00c2LE\u00a0\u00a0\u00a0\u00a0\u00a0\u00a0\u00a0\u00a0\u00a0\u00a0\u00a0\u00a0\u00a0\u00a0\u00a0\u00a0\u00a0\u00a0\u00a0\u00a0\u00a0\u00a0\u00a0\u00a0\u00a0\u00a0\u00a0\u00a0\u00a0\u00a0\u00a0\u00a0\u00a0\u00a0\u00a0\u00a0\u00a0\u00a0\u00a0\u00a0\u00a0\u00a0\u00a0 <\/span><span style=\"color: #ff0000;font-size: 10pt\">Cette excursion, initialement pr\u00e9vue le 11 f\u00e9vrier, a \u00e9t\u00e9 report\u00e9e lorsque le 11 f\u00e9vrier a \u00e9t\u00e9 d\u00e9clar\u00e9 journ\u00e9e d&rsquo;action contre la r\u00e9forme des retraites, avec manifestations et menace de gr\u00e8ve dans les transports.<\/span><\/p>\n<p class=\"western\"><span style=\"font-size: large\"><b>mercredi <\/b><span style=\"color: #000000\"><span style=\"font-family: Thorndale, Times New Roman, serif\"><span lang=\"fr-FR\"><b>1er<\/b><\/span><\/span><\/span><b> mars<\/b> Caf\u00e9 Kuchen<\/span><\/p>\n<p class=\"western\"><span style=\"font-size: large\"><span style=\"color: #000000\"><span style=\"font-family: Thorndale, Times New Roman, serif\"><span lang=\"fr-FR\"><b>samedi 11 <\/b><\/span><\/span><\/span><b>mars <\/b><span style=\"color: #000000\"><span style=\"font-family: Thorndale, Times New Roman, serif\"><span lang=\"fr-FR\">Tour de Tulla \u00e0 BREISACH<\/span><\/span><\/span><\/span><\/p>\n<p class=\"western\"><span style=\"font-size: large\"><span style=\"color: #000000\"><span style=\"font-family: Thorndale, Times New Roman, serif\"><span lang=\"fr-FR\"><b>samedi 1er avril <\/b><\/span><\/span><\/span><span style=\"color: #000000\"><span style=\"font-family: Thorndale, Times New Roman, serif\"><span lang=\"fr-FR\">Exposition sur le Congr\u00e8s de 1797-1799, RASTATT<\/span><\/span><\/span><\/span><\/p>\n<p class=\"western\"><span style=\"font-size: large\"><b>mercredi <\/b><span style=\"color: #000000\"><span style=\"font-family: Thorndale, Times New Roman, serif\"><span lang=\"fr-FR\"><b>5<\/b><\/span><\/span><\/span><b> avril <\/b>Caf\u00e9 Kuchen, reprise des balades cyclistes \u00e0 14h<\/span><\/p>\n<p class=\"western\"><span style=\"font-size: large\"><b>mercredi <\/b><b>3<\/b><b>.Mai <\/b>Caf\u00e9 Kuchen, balade cycliste \u00e0 14h<\/span><\/p>\n<p class=\"western\"><span style=\"font-size: large\"><b>samedi\u00a0 <\/b><b>20 <\/b><b>mai <\/b><b>(A CONFIRMER) <\/b>Abbatiale Saint-Trophime et jardin monastique, ESCHAU<\/span><\/p>\n<p class=\"western\"><span style=\"font-size: large\"><b>mercredi 7 <\/b><b>j<\/b><b>ui<\/b><b>n<\/b> Caf\u00e9-Kuchen, balade cycliste \u00e0 14h<\/span><\/p>\n<p class=\"western\"><span style=\"font-size: large\"><span style=\"color: #000000\"><span style=\"font-family: Thorndale, Times New Roman, serif\"><span lang=\"fr-FR\"><b>samedi 24 j<\/b><\/span><\/span><\/span><b>uin<\/b> <span style=\"color: #000000\"><span style=\"font-family: Thorndale, Times New Roman, serif\"><span lang=\"fr-FR\">Bundesgartenschau MANNHEIM<\/span><\/span><\/span><\/span><\/p>\n<p class=\"western\"><span style=\"font-size: large\"><b>mercredi <\/b><span style=\"color: #000000\"><span style=\"font-family: Thorndale, Times New Roman, serif\"><span lang=\"fr-FR\"><b>5 <\/b><\/span><\/span><\/span><b>juillet<\/b> Caf\u00e9-Kuchen, balade cycliste \u00e0 14h<\/span><\/p>\n<p class=\"western\"><span style=\"font-size: large\"><b>samedi <\/b><b>22<\/b><b> juillet <\/b>Jardin botanique du Haut-Chitelet <\/span><span style=\"font-size: large\"><span style=\"color: #ff0000\">ANNUL\u00c9 <span style=\"font-size: 12pt\">(Tour de France)<\/span><\/span><br \/>\n<\/span><\/p>\n<p class=\"western\"><span style=\"font-size: large\"><b>mercredi <\/b><span style=\"color: #000000\"><span style=\"font-family: Thorndale, Times New Roman, serif\"><span lang=\"fr-FR\"><b>2 a<\/b><\/span><\/span><\/span><b>o\u00fbt<\/b> Caf\u00e9-Kuchen, balades cyclistes \u00e0 14h<\/span><\/p>\n<p class=\"western\"><span style=\"font-size: large\"><span style=\"color: #000000\"><span style=\"font-family: Thorndale, Times New Roman, serif\"><span lang=\"fr-FR\"><b>dimanche<\/b><\/span><\/span><\/span><b> 27 ao\u00fbt <\/b>Exposition \u00ab\u00a0Passages\u00a0\u00bb \u00e0 K<span style=\"color: #000000\"><span style=\"font-family: Thorndale, Times New Roman, serif\"><span lang=\"fr-FR\">EHL<\/span><\/span><\/span><\/span><\/p>\n<p class=\"western\"><span style=\"font-size: large\"><b>mercredi <\/b><b>6<\/b><b> septembre<\/b> Caf\u00e9 Kuchen, balade cycliste \u00e0 14h<\/span><\/p>\n<p class=\"western\"><span style=\"font-size: large\"><span style=\"color: #000000\"><span style=\"font-family: Thorndale, Times New Roman, serif\"><span lang=\"fr-FR\"><b>samedi 9<\/b><\/span><\/span><\/span><b> septembre <\/b><span style=\"color: #000000\"><span style=\"font-family: Thorndale, Times New Roman, serif\"><span lang=\"fr-FR\">Bun<\/span><\/span><\/span>desgartenschau <span style=\"color: #000000\"><span style=\"font-family: Thorndale, Times New Roman, serif\"><span lang=\"fr-FR\">MANNHEIM<\/span><\/span><\/span><\/span><\/p>\n<p class=\"western\"><span style=\"font-size: large\"><b>mercredi <\/b><span style=\"color: #000000\"><span style=\"font-family: Thorndale, Times New Roman, serif\"><span lang=\"fr-FR\"><b>4<\/b><\/span><\/span><\/span><b> octobre<\/b> Caf\u00e9 Kuchen, balade cycliste \u00e0 14h<\/span><\/p>\n<p class=\"western\"><span style=\"font-size: large\"><b>samedi <\/b><b>7<\/b><b> octobre <\/b>Exposition \u00ab\u00a0Rhin sauvage\u00a0\u00bb SAINT-LOUIS<\/span><\/p>\n<p class=\"western\"><span style=\"font-size: large\"><b>mercredi <\/b><b>1er<\/b><b> novembre <\/b>Caf\u00e9 Kuchen <\/span><\/p>\n<p class=\"western\"><span style=\"font-size: large\"><span style=\"color: #000000\"><span style=\"font-family: Thorndale, Times New Roman, serif\"><span lang=\"fr-FR\"><b>samedi 1<\/b><\/span><\/span><\/span><b>8 novembre<\/b> <span style=\"color: #000000\"><span style=\"font-family: Thorndale, Times New Roman, serif\"><span lang=\"fr-FR\">Villa Majorelle et Mus\u00e9e de l\u2019\u00c9cole de Nancy NANCY<\/span><\/span><\/span> <\/span><\/p>\n<p class=\"western\"><span style=\"font-size: large\"><b>mercredi <\/b><b>6<\/b><b> d\u00e9cembre <\/b>Caf\u00e9 Kuchen<\/span><\/p>\n<p class=\"western\" lang=\"en-US\" align=\"left\"><span style=\"font-family: Times New Roman, serif\"><span style=\"font-size: medium\"><b><strong><span style=\"color: #000000\"><span style=\"font-family: Thorndale, Times New Roman, serif\"><span style=\"font-size: large\"><span lang=\"fr-FR\">samedi 16<\/span><\/span><\/span><\/span><\/strong><strong><span style=\"font-size: large\"><span lang=\"fr-FR\"> d\u00e9cembre<\/span><\/span><\/strong> <\/b><strong><span style=\"color: #000000\"><span style=\"font-family: Thorndale, Times New Roman, serif\"><span style=\"font-size: large\"><span lang=\"fr-FR\">Ecomus\u00e9e Alsace ou For\u00eat-Noire <\/span><\/span><\/span><\/span><\/strong><\/span><\/span><\/p>\n<p class=\"western\" lang=\"en-US\" align=\"left\"><span style=\"font-family: Times New Roman, serif\"><span style=\"font-size: medium\"><strong><span style=\"color: #000000\"><span style=\"font-size: large\"><span lang=\"fr-FR\"><br \/>\n<\/span><\/span><\/span><\/strong><b><strong><span style=\"color: #000000\"><span style=\"font-size: large\"><span lang=\"fr-FR\">Caf\u00e9-Kuchen<\/span><\/span><\/span><\/strong><\/b><strong><span style=\"color: #000000\"><span style=\"font-size: large\"><span lang=\"fr-FR\">:<\/span><\/span><\/span><\/strong> <b><strong><span style=\"color: #000000\"><span style=\"font-size: large\"><span lang=\"fr-FR\">\u00e0<\/span><\/span><\/span><\/strong> <strong><span style=\"color: #000000\"><span style=\"font-size: large\"><span lang=\"fr-FR\">partir<\/span><\/span><\/span><\/strong> <strong><span style=\"color: #000000\"><span style=\"font-size: large\"><span lang=\"fr-FR\">de<\/span><\/span><\/span><\/strong> <strong><span style=\"color: #000000\"><span style=\"font-size: large\"><span lang=\"fr-FR\">16h<\/span><\/span><\/span><\/strong><\/b> <strong><span style=\"color: #000000\"><span style=\"font-size: large\"><span lang=\"fr-FR\">sur<\/span><\/span><\/span><\/strong> <strong><span style=\"color: #000000\"><span style=\"font-size: large\"><span lang=\"fr-FR\">la<\/span><\/span><\/span><\/strong> <strong><span style=\"color: #000000\"><span style=\"font-size: large\"><span lang=\"fr-FR\">plate-forme<\/span><\/span><\/span><\/strong> <strong><span style=\"color: #000000\"><span style=\"font-size: large\"><span lang=\"fr-FR\">centrale<\/span><\/span><\/span><\/strong> <strong><span style=\"color: #000000\"><span style=\"font-size: large\"><span lang=\"fr-FR\">de<\/span><\/span><\/span><\/strong> <strong><span style=\"color: #000000\"><span style=\"font-size: large\"><span lang=\"fr-FR\">la<\/span><\/span><\/span><\/strong> <strong><span style=\"color: #000000\"><span style=\"font-size: large\"><span lang=\"fr-FR\">passerelle<\/span><\/span><\/span><\/strong> <strong><span style=\"color: #000000\"><span style=\"font-size: large\"><span lang=\"fr-FR\">du<\/span><\/span><\/span><\/strong> <strong><span style=\"color: #000000\"><span style=\"font-size: large\"><span lang=\"fr-FR\">Jardin<\/span><\/span><\/span><\/strong> <strong><span style=\"color: #000000\"><span style=\"font-size: large\"><span lang=\"fr-FR\">des<\/span><\/span><\/span><\/strong> <strong><span style=\"color: #000000\"><span style=\"font-size: large\"><span lang=\"fr-FR\">Deux<\/span><\/span><\/span><\/strong> <strong><span style=\"color: #000000\"><span style=\"font-size: large\"><span lang=\"fr-FR\">Rives<\/span><\/span><\/span><\/strong> <strong><span style=\"color: #000000\"><span style=\"font-size: large\"><span lang=\"fr-FR\">ou<\/span><\/span><\/span><\/strong> <strong><span style=\"color: #000000\"><span style=\"font-size: large\"><span lang=\"fr-FR\">en<\/span><\/span><\/span><\/strong> <strong><span style=\"color: #000000\"><span style=\"font-size: large\"><span lang=\"fr-FR\">cas<\/span><\/span><\/span><\/strong> <strong><span style=\"color: #000000\"><span style=\"font-size: large\"><span lang=\"fr-FR\">de<\/span><\/span><\/span><\/strong> <strong><span style=\"color: #000000\"><span style=\"font-size: large\"><span lang=\"fr-FR\">forte<\/span><\/span><\/span><\/strong> <strong><span style=\"color: #000000\"><span style=\"font-size: large\"><span lang=\"fr-FR\">chaleur<\/span><\/span><\/span><\/strong> <strong><span style=\"color: #000000\"><span style=\"font-size: large\"><span lang=\"fr-FR\">\u00e0<\/span><\/span><\/span><\/strong> <strong><span style=\"color: #000000\"><span style=\"font-size: large\"><span lang=\"fr-FR\">\u00ab\u00a0l<\/span><\/span><\/span><\/strong><strong><span style=\"color: #000000\"><span style=\"font-size: large\"><span lang=\"fr-FR\">\u2019<\/span><\/span><\/span><\/strong><strong><span style=\"color: #000000\"><span style=\"font-size: large\"><span lang=\"fr-FR\">Euroting\u00a0\u00bb<\/span><\/span><\/span><\/strong> <b><strong><span style=\"color: #000000\"><span style=\"font-size: large\"><span lang=\"fr-FR\">et<\/span><\/span><\/span><\/strong> <strong><span style=\"color: #000000\"><span style=\"font-size: large\"><span lang=\"fr-FR\">d&rsquo;avril<\/span><\/span><\/span><\/strong> <strong><span style=\"color: #000000\"><span style=\"font-size: large\"><span lang=\"fr-FR\">\u00e0<\/span><\/span><\/span><\/strong> <strong><span style=\"color: #000000\"><span style=\"font-size: large\"><span lang=\"fr-FR\">octobre<\/span><\/span><\/span><\/strong> <strong><span style=\"color: #000000\"><span style=\"font-size: large\"><span lang=\"fr-FR\">balade<\/span><\/span><\/span><\/strong> <strong><span style=\"color: #000000\"><span style=\"font-size: large\"><span lang=\"fr-FR\">cycliste<\/span><\/span><\/span><\/strong> <strong><span style=\"color: #000000\"><span style=\"font-size: large\"><span lang=\"fr-FR\">\u00e0<\/span><\/span><\/span><\/strong> <strong><span style=\"color: #000000\"><span style=\"font-size: large\"><span lang=\"fr-FR\">14h00<\/span><\/span><\/span><\/strong><\/b><\/span><\/span><\/p>\n","protected":false},"excerpt":{"rendered":"<p>RENDEZ-VOUS DE GARTEN\/\/JARDIN 2023 mercredi 4 janvier Caf\u00e9 Kuchen de nouvel an avec galette et bretzel samedi 14 janvier Exposition \u00ab\u00a0L\u2019or du Rhin\u00bb KARLSRUHE dimanche 22 janvier \u00ab\u00a060 ans du Trait\u00e9 de l\u2019Elys\u00e9e\u00a0\u00bb sur la Passerelle mercredi 1er f\u00e9vrier Caf\u00e9 <a class=\"more-link\" href=\"https:\/\/azqs.com\/gartenjardin\/fr\/2023\/01\/agenda-2023\/\">Continuer la lecture <span class=\"screen-reader-text\">  Agenda 2023<\/span><span class=\"meta-nav\">&rarr;<\/span><\/a><\/p>\n","protected":false},"author":298,"featured_media":0,"comment_status":"closed","ping_status":"closed","sticky":false,"template":"","format":"standard","meta":{"footnotes":""},"categories":[137],"tags":[],"class_list":["post-2753","post","type-post","status-publish","format-standard","hentry","category-agenda"],"_links":{"self":[{"href":"https:\/\/azqs.com\/gartenjardin\/wp-json\/wp\/v2\/posts\/2753"}],"collection":[{"href":"https:\/\/azqs.com\/gartenjardin\/wp-json\/wp\/v2\/posts"}],"about":[{"href":"https:\/\/azqs.com\/gartenjardin\/wp-json\/wp\/v2\/types\/post"}],"author":[{"embeddable":true,"href":"https:\/\/azqs.com\/gartenjardin\/wp-json\/wp\/v2\/users\/298"}],"replies":[{"embeddable":true,"href":"https:\/\/azqs.com\/gartenjardin\/wp-json\/wp\/v2\/comments?post=2753"}],"version-history":[{"count":4,"href":"https:\/\/azqs.com\/gartenjardin\/wp-json\/wp\/v2\/posts\/2753\/revisions"}],"predecessor-version":[{"id":3233,"href":"https:\/\/azqs.com\/gartenjardin\/wp-json\/wp\/v2\/posts\/2753\/revisions\/3233"}],"wp:attachment":[{"href":"https:\/\/azqs.com\/gartenjardin\/wp-json\/wp\/v2\/media?parent=2753"}],"wp:term":[{"taxonomy":"category","embeddable":true,"href":"https:\/\/azqs.com\/gartenjardin\/wp-json\/wp\/v2\/categories?post=2753"},{"taxonomy":"post_tag","embeddable":true,"href":"https:\/\/azqs.com\/gartenjardin\/wp-json\/wp\/v2\/tags?post=2753"}],"curies":[{"name":"wp","href":"https:\/\/api.w.org\/{rel}","templated":true}]}}