{"id":2292,"date":"2021-11-29T00:03:38","date_gmt":"2021-11-28T23:03:38","guid":{"rendered":"http:\/\/azqs.com\/gartenjardin\/?p=2292"},"modified":"2022-01-06T00:42:33","modified_gmt":"2022-01-05T23:42:33","slug":"metz-samstag-6-november-2021","status":"publish","type":"post","link":"https:\/\/azqs.com\/gartenjardin\/de\/2021\/11\/metz-samstag-6-november-2021\/","title":{"rendered":"Metz, Samstag, 6. November 2021"},"content":{"rendered":"<p class=\"moz-quote-pre\">Mit Freude k\u00fcndigt euch der Verein Garten\/Jardin an, am <strong>Samstag den 6 November<\/strong> ein Ausflug nach <strong>Metz zum Centre Pompidou.<\/strong> Au\u00dfer\u00a0dem sch\u00f6ne Museums Geb\u00e4ude k\u00f6nnt Ihr euch am Anblick der Ausstellung \u00ab\u00a0Face \u00e0 Arcimboldo\u00a0\u00bb (<strong>Arcimboldo von Angesicht zu Angesicht<\/strong>) der Werke des Italienischen Meisters und Ansichten von 130 K\u00fcnstler freuen.<\/p>\n<p><a href=\"https:\/\/www.centrepompidou-metz.fr\/de\/arcimboldo-von-angesicht-zu-angesicht\">https:\/\/www.centrepompidou-metz.fr\/de\/arcimboldo-von-angesicht-zu-angesicht<\/a><\/p>\n<p class=\"moz-quote-pre\">Wir reisen mit der Bahn. <strong>Rendez Vous um 7h30 in Der Haupthalle (hall central) vom Strassburger Bahnhof.<\/strong> R\u00fcckkehr um 18h45. Rucksackverpflegung mit mit Viele Einkehrm\u00f6glichkeiten im Museum, oder in der Stadt.Voraussehen 25 euro Reise + Eintritt im centre Pompidou).<\/p>\n<div id='gallery-1' class='gallery galleryid-2292 gallery-columns-3 gallery-size-medium'><figure class='gallery-item'>\n\t\t\t<div class='gallery-icon landscape'>\n\t\t\t\t<a href='https:\/\/azqs.com\/gartenjardin\/de\/2021\/11\/metz-samstag-6-november-2021\/pompidoumetz-2\/'><img loading=\"lazy\" decoding=\"async\" width=\"300\" height=\"207\" src=\"https:\/\/azqs.com\/gartenjardin\/files\/2021\/11\/PompidouMetz-1-300x207.jpg\" class=\"attachment-medium size-medium\" alt=\"\" srcset=\"https:\/\/azqs.com\/gartenjardin\/files\/2021\/11\/PompidouMetz-1-300x207.jpg 300w, https:\/\/azqs.com\/gartenjardin\/files\/2021\/11\/PompidouMetz-1-1024x708.jpg 1024w, https:\/\/azqs.com\/gartenjardin\/files\/2021\/11\/PompidouMetz-1-768x531.jpg 768w, https:\/\/azqs.com\/gartenjardin\/files\/2021\/11\/PompidouMetz-1-1536x1062.jpg 1536w, https:\/\/azqs.com\/gartenjardin\/files\/2021\/11\/PompidouMetz-1-2048x1416.jpg 2048w, https:\/\/azqs.com\/gartenjardin\/files\/2021\/11\/PompidouMetz-1-434x300.jpg 434w\" sizes=\"(max-width: 300px) 100vw, 300px\" \/><\/a>\n\t\t\t<\/div><\/figure><figure class='gallery-item'>\n\t\t\t<div class='gallery-icon landscape'>\n\t\t\t\t<a href='https:\/\/azqs.com\/gartenjardin\/de\/2021\/11\/metz-samstag-6-november-2021\/vuemetz-2\/'><img loading=\"lazy\" decoding=\"async\" width=\"300\" height=\"225\" src=\"https:\/\/azqs.com\/gartenjardin\/files\/2021\/11\/vueMetz-1-300x225.jpg\" class=\"attachment-medium size-medium\" alt=\"\" srcset=\"https:\/\/azqs.com\/gartenjardin\/files\/2021\/11\/vueMetz-1-300x225.jpg 300w, https:\/\/azqs.com\/gartenjardin\/files\/2021\/11\/vueMetz-1-1024x768.jpg 1024w, https:\/\/azqs.com\/gartenjardin\/files\/2021\/11\/vueMetz-1-768x576.jpg 768w, https:\/\/azqs.com\/gartenjardin\/files\/2021\/11\/vueMetz-1-1536x1152.jpg 1536w, https:\/\/azqs.com\/gartenjardin\/files\/2021\/11\/vueMetz-1-2048x1536.jpg 2048w, https:\/\/azqs.com\/gartenjardin\/files\/2021\/11\/vueMetz-1-400x300.jpg 400w\" sizes=\"(max-width: 300px) 100vw, 300px\" \/><\/a>\n\t\t\t<\/div><\/figure><figure class='gallery-item'>\n\t\t\t<div class='gallery-icon landscape'>\n\t\t\t\t<a href='https:\/\/azqs.com\/gartenjardin\/de\/2021\/11\/metz-samstag-6-november-2021\/couleurs-2\/'><img loading=\"lazy\" decoding=\"async\" width=\"300\" height=\"225\" src=\"https:\/\/azqs.com\/gartenjardin\/files\/2021\/11\/couleurs-1-300x225.jpg\" class=\"attachment-medium size-medium\" alt=\"\" srcset=\"https:\/\/azqs.com\/gartenjardin\/files\/2021\/11\/couleurs-1-300x225.jpg 300w, https:\/\/azqs.com\/gartenjardin\/files\/2021\/11\/couleurs-1-1024x768.jpg 1024w, https:\/\/azqs.com\/gartenjardin\/files\/2021\/11\/couleurs-1-768x576.jpg 768w, https:\/\/azqs.com\/gartenjardin\/files\/2021\/11\/couleurs-1-1536x1152.jpg 1536w, https:\/\/azqs.com\/gartenjardin\/files\/2021\/11\/couleurs-1-2048x1536.jpg 2048w, https:\/\/azqs.com\/gartenjardin\/files\/2021\/11\/couleurs-1-400x300.jpg 400w\" sizes=\"(max-width: 300px) 100vw, 300px\" \/><\/a>\n\t\t\t<\/div><\/figure><figure class='gallery-item'>\n\t\t\t<div class='gallery-icon landscape'>\n\t\t\t\t<a href='https:\/\/azqs.com\/gartenjardin\/de\/2021\/11\/metz-samstag-6-november-2021\/dans-le-brouillard-2\/'><img loading=\"lazy\" decoding=\"async\" width=\"300\" height=\"225\" src=\"https:\/\/azqs.com\/gartenjardin\/files\/2021\/11\/dans-le-brouillard-1-300x225.jpg\" class=\"attachment-medium size-medium\" alt=\"\" srcset=\"https:\/\/azqs.com\/gartenjardin\/files\/2021\/11\/dans-le-brouillard-1-300x225.jpg 300w, https:\/\/azqs.com\/gartenjardin\/files\/2021\/11\/dans-le-brouillard-1-1024x768.jpg 1024w, https:\/\/azqs.com\/gartenjardin\/files\/2021\/11\/dans-le-brouillard-1-768x576.jpg 768w, https:\/\/azqs.com\/gartenjardin\/files\/2021\/11\/dans-le-brouillard-1-1536x1152.jpg 1536w, https:\/\/azqs.com\/gartenjardin\/files\/2021\/11\/dans-le-brouillard-1-2048x1536.jpg 2048w, https:\/\/azqs.com\/gartenjardin\/files\/2021\/11\/dans-le-brouillard-1-400x300.jpg 400w\" sizes=\"(max-width: 300px) 100vw, 300px\" \/><\/a>\n\t\t\t<\/div><\/figure><figure class='gallery-item'>\n\t\t\t<div class='gallery-icon landscape'>\n\t\t\t\t<a href='https:\/\/azqs.com\/gartenjardin\/de\/2021\/11\/metz-samstag-6-november-2021\/porte-allemands-2\/'><img loading=\"lazy\" decoding=\"async\" width=\"300\" height=\"225\" src=\"https:\/\/azqs.com\/gartenjardin\/files\/2021\/11\/Porte-Allemands-1-300x225.jpg\" class=\"attachment-medium size-medium\" alt=\"\" srcset=\"https:\/\/azqs.com\/gartenjardin\/files\/2021\/11\/Porte-Allemands-1-300x225.jpg 300w, https:\/\/azqs.com\/gartenjardin\/files\/2021\/11\/Porte-Allemands-1-1024x768.jpg 1024w, https:\/\/azqs.com\/gartenjardin\/files\/2021\/11\/Porte-Allemands-1-768x576.jpg 768w, https:\/\/azqs.com\/gartenjardin\/files\/2021\/11\/Porte-Allemands-1-1536x1152.jpg 1536w, https:\/\/azqs.com\/gartenjardin\/files\/2021\/11\/Porte-Allemands-1-2048x1536.jpg 2048w, https:\/\/azqs.com\/gartenjardin\/files\/2021\/11\/Porte-Allemands-1-400x300.jpg 400w\" sizes=\"(max-width: 300px) 100vw, 300px\" \/><\/a>\n\t\t\t<\/div><\/figure><figure class='gallery-item'>\n\t\t\t<div class='gallery-icon landscape'>\n\t\t\t\t<a href='https:\/\/azqs.com\/gartenjardin\/de\/2021\/11\/metz-samstag-6-november-2021\/cathedrale-2\/'><img loading=\"lazy\" decoding=\"async\" width=\"300\" height=\"225\" src=\"https:\/\/azqs.com\/gartenjardin\/files\/2021\/11\/cathedrale-1-300x225.jpg\" class=\"attachment-medium size-medium\" alt=\"\" srcset=\"https:\/\/azqs.com\/gartenjardin\/files\/2021\/11\/cathedrale-1-300x225.jpg 300w, https:\/\/azqs.com\/gartenjardin\/files\/2021\/11\/cathedrale-1-1024x768.jpg 1024w, https:\/\/azqs.com\/gartenjardin\/files\/2021\/11\/cathedrale-1-768x576.jpg 768w, https:\/\/azqs.com\/gartenjardin\/files\/2021\/11\/cathedrale-1-1536x1152.jpg 1536w, https:\/\/azqs.com\/gartenjardin\/files\/2021\/11\/cathedrale-1-2048x1536.jpg 2048w, https:\/\/azqs.com\/gartenjardin\/files\/2021\/11\/cathedrale-1-400x300.jpg 400w\" sizes=\"(max-width: 300px) 100vw, 300px\" \/><\/a>\n\t\t\t<\/div><\/figure><figure class='gallery-item'>\n\t\t\t<div class='gallery-icon portrait'>\n\t\t\t\t<a href='https:\/\/azqs.com\/gartenjardin\/de\/2021\/11\/metz-samstag-6-november-2021\/portrait-2\/'><img loading=\"lazy\" decoding=\"async\" width=\"229\" height=\"300\" src=\"https:\/\/azqs.com\/gartenjardin\/files\/2021\/11\/portrait-1-229x300.jpg\" class=\"attachment-medium size-medium\" alt=\"\" srcset=\"https:\/\/azqs.com\/gartenjardin\/files\/2021\/11\/portrait-1-229x300.jpg 229w, https:\/\/azqs.com\/gartenjardin\/files\/2021\/11\/portrait-1-783x1024.jpg 783w, https:\/\/azqs.com\/gartenjardin\/files\/2021\/11\/portrait-1-768x1005.jpg 768w, https:\/\/azqs.com\/gartenjardin\/files\/2021\/11\/portrait-1-1174x1536.jpg 1174w, https:\/\/azqs.com\/gartenjardin\/files\/2021\/11\/portrait-1-1565x2048.jpg 1565w, https:\/\/azqs.com\/gartenjardin\/files\/2021\/11\/portrait-1-scaled.jpg 1957w\" sizes=\"(max-width: 229px) 100vw, 229px\" \/><\/a>\n\t\t\t<\/div><\/figure><figure class='gallery-item'>\n\t\t\t<div class='gallery-icon landscape'>\n\t\t\t\t<a href='https:\/\/azqs.com\/gartenjardin\/de\/2021\/11\/metz-samstag-6-november-2021\/arcimboldo-2\/'><img loading=\"lazy\" decoding=\"async\" width=\"300\" height=\"225\" src=\"https:\/\/azqs.com\/gartenjardin\/files\/2021\/11\/Arcimboldo-1-300x225.jpg\" class=\"attachment-medium size-medium\" alt=\"\" srcset=\"https:\/\/azqs.com\/gartenjardin\/files\/2021\/11\/Arcimboldo-1-300x225.jpg 300w, https:\/\/azqs.com\/gartenjardin\/files\/2021\/11\/Arcimboldo-1-1024x768.jpg 1024w, https:\/\/azqs.com\/gartenjardin\/files\/2021\/11\/Arcimboldo-1-768x576.jpg 768w, https:\/\/azqs.com\/gartenjardin\/files\/2021\/11\/Arcimboldo-1-1536x1152.jpg 1536w, https:\/\/azqs.com\/gartenjardin\/files\/2021\/11\/Arcimboldo-1-2048x1536.jpg 2048w, https:\/\/azqs.com\/gartenjardin\/files\/2021\/11\/Arcimboldo-1-400x300.jpg 400w\" sizes=\"(max-width: 300px) 100vw, 300px\" \/><\/a>\n\t\t\t<\/div><\/figure>\n\t\t<\/div>\n\n","protected":false},"excerpt":{"rendered":"<p>Mit Freude k\u00fcndigt euch der Verein Garten\/Jardin an, am Samstag den 6 November ein Ausflug nach Metz zum Centre Pompidou. Au\u00dfer\u00a0dem sch\u00f6ne Museums Geb\u00e4ude k\u00f6nnt Ihr euch am Anblick der Ausstellung \u00ab\u00a0Face \u00e0 Arcimboldo\u00a0\u00bb (Arcimboldo von Angesicht zu Angesicht) der <a class=\"more-link\" href=\"https:\/\/azqs.com\/gartenjardin\/de\/2021\/11\/metz-samstag-6-november-2021\/\">Continuer la lecture <span class=\"screen-reader-text\">  Metz, Samstag, 6. November 2021<\/span><span class=\"meta-nav\">&rarr;<\/span><\/a><\/p>\n","protected":false},"author":298,"featured_media":0,"comment_status":"closed","ping_status":"closed","sticky":false,"template":"","format":"standard","meta":{"footnotes":""},"categories":[117],"tags":[],"class_list":["post-2292","post","type-post","status-publish","format-standard","hentry","category-de-sortie"],"_links":{"self":[{"href":"https:\/\/azqs.com\/gartenjardin\/wp-json\/wp\/v2\/posts\/2292"}],"collection":[{"href":"https:\/\/azqs.com\/gartenjardin\/wp-json\/wp\/v2\/posts"}],"about":[{"href":"https:\/\/azqs.com\/gartenjardin\/wp-json\/wp\/v2\/types\/post"}],"author":[{"embeddable":true,"href":"https:\/\/azqs.com\/gartenjardin\/wp-json\/wp\/v2\/users\/298"}],"replies":[{"embeddable":true,"href":"https:\/\/azqs.com\/gartenjardin\/wp-json\/wp\/v2\/comments?post=2292"}],"version-history":[{"count":4,"href":"https:\/\/azqs.com\/gartenjardin\/wp-json\/wp\/v2\/posts\/2292\/revisions"}],"predecessor-version":[{"id":2378,"href":"https:\/\/azqs.com\/gartenjardin\/wp-json\/wp\/v2\/posts\/2292\/revisions\/2378"}],"wp:attachment":[{"href":"https:\/\/azqs.com\/gartenjardin\/wp-json\/wp\/v2\/media?parent=2292"}],"wp:term":[{"taxonomy":"category","embeddable":true,"href":"https:\/\/azqs.com\/gartenjardin\/wp-json\/wp\/v2\/categories?post=2292"},{"taxonomy":"post_tag","embeddable":true,"href":"https:\/\/azqs.com\/gartenjardin\/wp-json\/wp\/v2\/tags?post=2292"}],"curies":[{"name":"wp","href":"https:\/\/api.w.org\/{rel}","templated":true}]}}