{"id":2289,"date":"2021-11-29T00:00:34","date_gmt":"2021-11-28T23:00:34","guid":{"rendered":"http:\/\/azqs.com\/gartenjardin\/?p=2289"},"modified":"2022-01-06T00:37:20","modified_gmt":"2022-01-05T23:37:20","slug":"metz-samedi-6-novembre","status":"publish","type":"post","link":"https:\/\/azqs.com\/gartenjardin\/fr\/2021\/11\/metz-samedi-6-novembre\/","title":{"rendered":"Metz, samedi 6 novembre 2021"},"content":{"rendered":"<p class=\"moz-quote-pre\">C&rsquo;est avec plaisir que l&rsquo;association Garten\/\/Jardin vous propose, <strong>samedi 6 novembre,<\/strong>\u00a0 une sortie \u00e0 <strong>Metz au Centre Pompidou<\/strong> . Outre le magnifique b\u00e2timent, vous pourrez vous r\u00e9galer devant l&rsquo;exposition <strong>\u00ab\u00a0Face \u00e0 Arcimboldo\u00a0\u00bb<\/strong> qui pr\u00e9sente des \u0153uvres du ma\u00eetre\u00a0 italien et des regards de 130 artistes.<\/p>\n<p class=\"moz-quote-pre\"><a href=\"https:\/\/www.centrepompidou-metz.fr\/face-arcimboldo\">https:\/\/www.centrepompidou-metz.fr\/face-arcimboldo<\/a><\/p>\n<p class=\"moz-quote-pre\">Nous nous y rendons en train. <strong>Rendez-vous hall central de la gare de Strasbourg \u00e0 7h30<\/strong>. Retour vers 18h45. Repas tir\u00e9 du sac avec de nombreuses possibilit\u00e9s de restauration au mus\u00e9e ou dans la ville. Pr\u00e9voir 25 euros (voyage et entr\u00e9e au centre Pompidou).<\/p>\n<div id='gallery-1' class='gallery galleryid-2289 gallery-columns-3 gallery-size-medium'><figure class='gallery-item'>\n\t\t\t<div class='gallery-icon landscape'>\n\t\t\t\t<a href='https:\/\/azqs.com\/gartenjardin\/fr\/2021\/11\/metz-samedi-6-novembre\/pompidoumetz\/'><img loading=\"lazy\" decoding=\"async\" width=\"300\" height=\"207\" src=\"https:\/\/azqs.com\/gartenjardin\/files\/2021\/11\/PompidouMetz-300x207.jpg\" class=\"attachment-medium size-medium\" alt=\"\" srcset=\"https:\/\/azqs.com\/gartenjardin\/files\/2021\/11\/PompidouMetz-300x207.jpg 300w, https:\/\/azqs.com\/gartenjardin\/files\/2021\/11\/PompidouMetz-1024x708.jpg 1024w, https:\/\/azqs.com\/gartenjardin\/files\/2021\/11\/PompidouMetz-768x531.jpg 768w, https:\/\/azqs.com\/gartenjardin\/files\/2021\/11\/PompidouMetz-1536x1062.jpg 1536w, https:\/\/azqs.com\/gartenjardin\/files\/2021\/11\/PompidouMetz-2048x1416.jpg 2048w, https:\/\/azqs.com\/gartenjardin\/files\/2021\/11\/PompidouMetz-434x300.jpg 434w\" sizes=\"(max-width: 300px) 100vw, 300px\" \/><\/a>\n\t\t\t<\/div><\/figure><figure class='gallery-item'>\n\t\t\t<div class='gallery-icon landscape'>\n\t\t\t\t<a href='https:\/\/azqs.com\/gartenjardin\/fr\/2021\/11\/metz-samedi-6-novembre\/vuemetz\/'><img loading=\"lazy\" decoding=\"async\" width=\"300\" height=\"225\" src=\"https:\/\/azqs.com\/gartenjardin\/files\/2021\/11\/vueMetz-300x225.jpg\" class=\"attachment-medium size-medium\" alt=\"\" srcset=\"https:\/\/azqs.com\/gartenjardin\/files\/2021\/11\/vueMetz-300x225.jpg 300w, https:\/\/azqs.com\/gartenjardin\/files\/2021\/11\/vueMetz-1024x768.jpg 1024w, https:\/\/azqs.com\/gartenjardin\/files\/2021\/11\/vueMetz-768x576.jpg 768w, https:\/\/azqs.com\/gartenjardin\/files\/2021\/11\/vueMetz-1536x1152.jpg 1536w, https:\/\/azqs.com\/gartenjardin\/files\/2021\/11\/vueMetz-2048x1536.jpg 2048w, https:\/\/azqs.com\/gartenjardin\/files\/2021\/11\/vueMetz-400x300.jpg 400w\" sizes=\"(max-width: 300px) 100vw, 300px\" \/><\/a>\n\t\t\t<\/div><\/figure><figure class='gallery-item'>\n\t\t\t<div class='gallery-icon landscape'>\n\t\t\t\t<a href='https:\/\/azqs.com\/gartenjardin\/fr\/2021\/11\/metz-samedi-6-novembre\/couleurs\/'><img loading=\"lazy\" decoding=\"async\" width=\"300\" height=\"225\" src=\"https:\/\/azqs.com\/gartenjardin\/files\/2021\/11\/couleurs-300x225.jpg\" class=\"attachment-medium size-medium\" alt=\"\" srcset=\"https:\/\/azqs.com\/gartenjardin\/files\/2021\/11\/couleurs-300x225.jpg 300w, https:\/\/azqs.com\/gartenjardin\/files\/2021\/11\/couleurs-1024x768.jpg 1024w, https:\/\/azqs.com\/gartenjardin\/files\/2021\/11\/couleurs-768x576.jpg 768w, https:\/\/azqs.com\/gartenjardin\/files\/2021\/11\/couleurs-1536x1152.jpg 1536w, https:\/\/azqs.com\/gartenjardin\/files\/2021\/11\/couleurs-2048x1536.jpg 2048w, https:\/\/azqs.com\/gartenjardin\/files\/2021\/11\/couleurs-400x300.jpg 400w\" sizes=\"(max-width: 300px) 100vw, 300px\" \/><\/a>\n\t\t\t<\/div><\/figure><figure class='gallery-item'>\n\t\t\t<div class='gallery-icon landscape'>\n\t\t\t\t<a href='https:\/\/azqs.com\/gartenjardin\/fr\/2021\/11\/metz-samedi-6-novembre\/dans-le-brouillard\/'><img loading=\"lazy\" decoding=\"async\" width=\"300\" height=\"225\" src=\"https:\/\/azqs.com\/gartenjardin\/files\/2021\/11\/dans-le-brouillard-300x225.jpg\" class=\"attachment-medium size-medium\" alt=\"\" srcset=\"https:\/\/azqs.com\/gartenjardin\/files\/2021\/11\/dans-le-brouillard-300x225.jpg 300w, https:\/\/azqs.com\/gartenjardin\/files\/2021\/11\/dans-le-brouillard-1024x768.jpg 1024w, https:\/\/azqs.com\/gartenjardin\/files\/2021\/11\/dans-le-brouillard-768x576.jpg 768w, https:\/\/azqs.com\/gartenjardin\/files\/2021\/11\/dans-le-brouillard-1536x1152.jpg 1536w, https:\/\/azqs.com\/gartenjardin\/files\/2021\/11\/dans-le-brouillard-2048x1536.jpg 2048w, https:\/\/azqs.com\/gartenjardin\/files\/2021\/11\/dans-le-brouillard-400x300.jpg 400w\" sizes=\"(max-width: 300px) 100vw, 300px\" \/><\/a>\n\t\t\t<\/div><\/figure><figure class='gallery-item'>\n\t\t\t<div class='gallery-icon landscape'>\n\t\t\t\t<a href='https:\/\/azqs.com\/gartenjardin\/fr\/2021\/11\/metz-samedi-6-novembre\/cathedrale\/'><img loading=\"lazy\" decoding=\"async\" width=\"300\" height=\"225\" src=\"https:\/\/azqs.com\/gartenjardin\/files\/2021\/11\/cathedrale-300x225.jpg\" class=\"attachment-medium size-medium\" alt=\"\" srcset=\"https:\/\/azqs.com\/gartenjardin\/files\/2021\/11\/cathedrale-300x225.jpg 300w, https:\/\/azqs.com\/gartenjardin\/files\/2021\/11\/cathedrale-1024x768.jpg 1024w, https:\/\/azqs.com\/gartenjardin\/files\/2021\/11\/cathedrale-768x576.jpg 768w, https:\/\/azqs.com\/gartenjardin\/files\/2021\/11\/cathedrale-1536x1152.jpg 1536w, https:\/\/azqs.com\/gartenjardin\/files\/2021\/11\/cathedrale-2048x1536.jpg 2048w, https:\/\/azqs.com\/gartenjardin\/files\/2021\/11\/cathedrale-400x300.jpg 400w\" sizes=\"(max-width: 300px) 100vw, 300px\" \/><\/a>\n\t\t\t<\/div><\/figure><figure class='gallery-item'>\n\t\t\t<div class='gallery-icon landscape'>\n\t\t\t\t<a href='https:\/\/azqs.com\/gartenjardin\/fr\/2021\/11\/metz-samedi-6-novembre\/porte-allemands\/'><img loading=\"lazy\" decoding=\"async\" width=\"300\" height=\"225\" src=\"https:\/\/azqs.com\/gartenjardin\/files\/2021\/11\/Porte-Allemands-300x225.jpg\" class=\"attachment-medium size-medium\" alt=\"\" srcset=\"https:\/\/azqs.com\/gartenjardin\/files\/2021\/11\/Porte-Allemands-300x225.jpg 300w, https:\/\/azqs.com\/gartenjardin\/files\/2021\/11\/Porte-Allemands-1024x768.jpg 1024w, https:\/\/azqs.com\/gartenjardin\/files\/2021\/11\/Porte-Allemands-768x576.jpg 768w, https:\/\/azqs.com\/gartenjardin\/files\/2021\/11\/Porte-Allemands-1536x1152.jpg 1536w, https:\/\/azqs.com\/gartenjardin\/files\/2021\/11\/Porte-Allemands-2048x1536.jpg 2048w, https:\/\/azqs.com\/gartenjardin\/files\/2021\/11\/Porte-Allemands-400x300.jpg 400w\" sizes=\"(max-width: 300px) 100vw, 300px\" \/><\/a>\n\t\t\t<\/div><\/figure><figure class='gallery-item'>\n\t\t\t<div class='gallery-icon portrait'>\n\t\t\t\t<a href='https:\/\/azqs.com\/gartenjardin\/fr\/2021\/11\/metz-samedi-6-novembre\/portrait\/'><img loading=\"lazy\" decoding=\"async\" width=\"229\" height=\"300\" src=\"https:\/\/azqs.com\/gartenjardin\/files\/2021\/11\/portrait-229x300.jpg\" class=\"attachment-medium size-medium\" alt=\"\" srcset=\"https:\/\/azqs.com\/gartenjardin\/files\/2021\/11\/portrait-229x300.jpg 229w, https:\/\/azqs.com\/gartenjardin\/files\/2021\/11\/portrait-783x1024.jpg 783w, https:\/\/azqs.com\/gartenjardin\/files\/2021\/11\/portrait-768x1005.jpg 768w, https:\/\/azqs.com\/gartenjardin\/files\/2021\/11\/portrait-1174x1536.jpg 1174w, https:\/\/azqs.com\/gartenjardin\/files\/2021\/11\/portrait-1565x2048.jpg 1565w, https:\/\/azqs.com\/gartenjardin\/files\/2021\/11\/portrait-scaled.jpg 1957w\" sizes=\"(max-width: 229px) 100vw, 229px\" \/><\/a>\n\t\t\t<\/div><\/figure><figure class='gallery-item'>\n\t\t\t<div class='gallery-icon landscape'>\n\t\t\t\t<a href='https:\/\/azqs.com\/gartenjardin\/fr\/2021\/11\/metz-samedi-6-novembre\/arcimboldo\/'><img loading=\"lazy\" decoding=\"async\" width=\"300\" height=\"225\" src=\"https:\/\/azqs.com\/gartenjardin\/files\/2021\/11\/Arcimboldo-300x225.jpg\" class=\"attachment-medium size-medium\" alt=\"\" srcset=\"https:\/\/azqs.com\/gartenjardin\/files\/2021\/11\/Arcimboldo-300x225.jpg 300w, https:\/\/azqs.com\/gartenjardin\/files\/2021\/11\/Arcimboldo-1024x768.jpg 1024w, https:\/\/azqs.com\/gartenjardin\/files\/2021\/11\/Arcimboldo-768x576.jpg 768w, https:\/\/azqs.com\/gartenjardin\/files\/2021\/11\/Arcimboldo-1536x1152.jpg 1536w, https:\/\/azqs.com\/gartenjardin\/files\/2021\/11\/Arcimboldo-2048x1536.jpg 2048w, https:\/\/azqs.com\/gartenjardin\/files\/2021\/11\/Arcimboldo-400x300.jpg 400w\" sizes=\"(max-width: 300px) 100vw, 300px\" \/><\/a>\n\t\t\t<\/div><\/figure>\n\t\t<\/div>\n\n","protected":false},"excerpt":{"rendered":"<p>C&rsquo;est avec plaisir que l&rsquo;association Garten\/\/Jardin vous propose, samedi 6 novembre,\u00a0 une sortie \u00e0 Metz au Centre Pompidou . Outre le magnifique b\u00e2timent, vous pourrez vous r\u00e9galer devant l&rsquo;exposition \u00ab\u00a0Face \u00e0 Arcimboldo\u00a0\u00bb qui pr\u00e9sente des \u0153uvres du ma\u00eetre\u00a0 italien et <a class=\"more-link\" href=\"https:\/\/azqs.com\/gartenjardin\/fr\/2021\/11\/metz-samedi-6-novembre\/\">Continuer la lecture <span class=\"screen-reader-text\">  Metz, samedi 6 novembre 2021<\/span><span class=\"meta-nav\">&rarr;<\/span><\/a><\/p>\n","protected":false},"author":298,"featured_media":0,"comment_status":"closed","ping_status":"closed","sticky":false,"template":"","format":"standard","meta":{"footnotes":""},"categories":[41],"tags":[],"class_list":["post-2289","post","type-post","status-publish","format-standard","hentry","category-sorties"],"_links":{"self":[{"href":"https:\/\/azqs.com\/gartenjardin\/wp-json\/wp\/v2\/posts\/2289"}],"collection":[{"href":"https:\/\/azqs.com\/gartenjardin\/wp-json\/wp\/v2\/posts"}],"about":[{"href":"https:\/\/azqs.com\/gartenjardin\/wp-json\/wp\/v2\/types\/post"}],"author":[{"embeddable":true,"href":"https:\/\/azqs.com\/gartenjardin\/wp-json\/wp\/v2\/users\/298"}],"replies":[{"embeddable":true,"href":"https:\/\/azqs.com\/gartenjardin\/wp-json\/wp\/v2\/comments?post=2289"}],"version-history":[{"count":4,"href":"https:\/\/azqs.com\/gartenjardin\/wp-json\/wp\/v2\/posts\/2289\/revisions"}],"predecessor-version":[{"id":2368,"href":"https:\/\/azqs.com\/gartenjardin\/wp-json\/wp\/v2\/posts\/2289\/revisions\/2368"}],"wp:attachment":[{"href":"https:\/\/azqs.com\/gartenjardin\/wp-json\/wp\/v2\/media?parent=2289"}],"wp:term":[{"taxonomy":"category","embeddable":true,"href":"https:\/\/azqs.com\/gartenjardin\/wp-json\/wp\/v2\/categories?post=2289"},{"taxonomy":"post_tag","embeddable":true,"href":"https:\/\/azqs.com\/gartenjardin\/wp-json\/wp\/v2\/tags?post=2289"}],"curies":[{"name":"wp","href":"https:\/\/api.w.org\/{rel}","templated":true}]}}