{"id":2285,"date":"2021-11-28T23:54:14","date_gmt":"2021-11-28T22:54:14","guid":{"rendered":"http:\/\/azqs.com\/gartenjardin\/?p=2285"},"modified":"2022-01-06T00:14:26","modified_gmt":"2022-01-05T23:14:26","slug":"cafe-kuchen-mercredi-3-novembre","status":"publish","type":"post","link":"https:\/\/azqs.com\/gartenjardin\/fr\/2021\/11\/cafe-kuchen-mercredi-3-novembre\/","title":{"rendered":"Caf\u00e9-Kuchen mercredi 3 novembre"},"content":{"rendered":"<p class=\"moz-quote-pre\">L&rsquo;association Garten\/\/Jardin et les Amis de la Passerelle vous invitent ce <strong>mercredi 3 novembre<\/strong>, \u00e0 sa traditionnelle rencontre Caf\u00e9-Kuchen sur la plate-forme centrale de la passerelle des Deux-Rives, <strong>\u00e0 partir de 16h.<\/strong> Chacun est invit\u00e9 \u00e0\u00a0 apporter\u00a0 de quoi boire ou manger, \u00e0 partager, <span style=\"color: #ff0000\">dans le respect des r\u00e8gles sanitaires.<\/span><\/p>\n<p class=\"moz-quote-pre\">En cas de forte pluie le rendez-vous va \u00eatre d\u00e9plac\u00e9 sous l\u00e0 passerelle cot\u00e9 Kehl. Apportez aussi des id\u00e9es pour des activit\u00e9s pour l&rsquo;ann\u00e9e prochaine.<\/p>\n<div id='gallery-1' class='gallery galleryid-2285 gallery-columns-2 gallery-size-medium'><figure class='gallery-item'>\n\t\t\t<div class='gallery-icon landscape'>\n\t\t\t\t<a href='https:\/\/azqs.com\/gartenjardin\/fr\/2021\/11\/cafe-kuchen-mercredi-1er-decembre-2021\/francis-1\/'><img loading=\"lazy\" decoding=\"async\" width=\"300\" height=\"225\" src=\"https:\/\/azqs.com\/gartenjardin\/files\/2021\/11\/Francis-1-300x225.jpg\" class=\"attachment-medium size-medium\" alt=\"\" srcset=\"https:\/\/azqs.com\/gartenjardin\/files\/2021\/11\/Francis-1-300x225.jpg 300w, https:\/\/azqs.com\/gartenjardin\/files\/2021\/11\/Francis-1-1024x768.jpg 1024w, https:\/\/azqs.com\/gartenjardin\/files\/2021\/11\/Francis-1-768x576.jpg 768w, https:\/\/azqs.com\/gartenjardin\/files\/2021\/11\/Francis-1-1536x1152.jpg 1536w, https:\/\/azqs.com\/gartenjardin\/files\/2021\/11\/Francis-1-2048x1536.jpg 2048w, https:\/\/azqs.com\/gartenjardin\/files\/2021\/11\/Francis-1-400x300.jpg 400w\" sizes=\"(max-width: 300px) 100vw, 300px\" \/><\/a>\n\t\t\t<\/div><\/figure><figure class='gallery-item'>\n\t\t\t<div class='gallery-icon landscape'>\n\t\t\t\t<a href='https:\/\/azqs.com\/gartenjardin\/fr\/2021\/11\/cafe-kuchen-mercredi-1er-decembre-2021\/francis-2\/'><img loading=\"lazy\" decoding=\"async\" width=\"300\" height=\"225\" src=\"https:\/\/azqs.com\/gartenjardin\/files\/2021\/11\/Francis-2-300x225.jpg\" class=\"attachment-medium size-medium\" alt=\"\" srcset=\"https:\/\/azqs.com\/gartenjardin\/files\/2021\/11\/Francis-2-300x225.jpg 300w, https:\/\/azqs.com\/gartenjardin\/files\/2021\/11\/Francis-2-1024x768.jpg 1024w, https:\/\/azqs.com\/gartenjardin\/files\/2021\/11\/Francis-2-768x576.jpg 768w, https:\/\/azqs.com\/gartenjardin\/files\/2021\/11\/Francis-2-1536x1152.jpg 1536w, https:\/\/azqs.com\/gartenjardin\/files\/2021\/11\/Francis-2-2048x1536.jpg 2048w, https:\/\/azqs.com\/gartenjardin\/files\/2021\/11\/Francis-2-400x300.jpg 400w\" sizes=\"(max-width: 300px) 100vw, 300px\" \/><\/a>\n\t\t\t<\/div><\/figure>\n\t\t<\/div>\n\n","protected":false},"excerpt":{"rendered":"<p>L&rsquo;association Garten\/\/Jardin et les Amis de la Passerelle vous invitent ce mercredi 3 novembre, \u00e0 sa traditionnelle rencontre Caf\u00e9-Kuchen sur la plate-forme centrale de la passerelle des Deux-Rives, \u00e0 partir de 16h. Chacun est invit\u00e9 \u00e0\u00a0 apporter\u00a0 de quoi boire <a class=\"more-link\" href=\"https:\/\/azqs.com\/gartenjardin\/fr\/2021\/11\/cafe-kuchen-mercredi-3-novembre\/\">Continuer la lecture <span class=\"screen-reader-text\">  Caf\u00e9-Kuchen mercredi 3 novembre<\/span><span class=\"meta-nav\">&rarr;<\/span><\/a><\/p>\n","protected":false},"author":298,"featured_media":0,"comment_status":"closed","ping_status":"closed","sticky":false,"template":"","format":"standard","meta":{"footnotes":""},"categories":[37],"tags":[],"class_list":["post-2285","post","type-post","status-publish","format-standard","hentry","category-cafe-kuchen"],"_links":{"self":[{"href":"https:\/\/azqs.com\/gartenjardin\/wp-json\/wp\/v2\/posts\/2285"}],"collection":[{"href":"https:\/\/azqs.com\/gartenjardin\/wp-json\/wp\/v2\/posts"}],"about":[{"href":"https:\/\/azqs.com\/gartenjardin\/wp-json\/wp\/v2\/types\/post"}],"author":[{"embeddable":true,"href":"https:\/\/azqs.com\/gartenjardin\/wp-json\/wp\/v2\/users\/298"}],"replies":[{"embeddable":true,"href":"https:\/\/azqs.com\/gartenjardin\/wp-json\/wp\/v2\/comments?post=2285"}],"version-history":[{"count":4,"href":"https:\/\/azqs.com\/gartenjardin\/wp-json\/wp\/v2\/posts\/2285\/revisions"}],"predecessor-version":[{"id":2357,"href":"https:\/\/azqs.com\/gartenjardin\/wp-json\/wp\/v2\/posts\/2285\/revisions\/2357"}],"wp:attachment":[{"href":"https:\/\/azqs.com\/gartenjardin\/wp-json\/wp\/v2\/media?parent=2285"}],"wp:term":[{"taxonomy":"category","embeddable":true,"href":"https:\/\/azqs.com\/gartenjardin\/wp-json\/wp\/v2\/categories?post=2285"},{"taxonomy":"post_tag","embeddable":true,"href":"https:\/\/azqs.com\/gartenjardin\/wp-json\/wp\/v2\/tags?post=2285"}],"curies":[{"name":"wp","href":"https:\/\/api.w.org\/{rel}","templated":true}]}}