{"id":1552,"date":"2019-12-28T23:44:48","date_gmt":"2019-12-28T22:44:48","guid":{"rendered":"http:\/\/azqs.com\/gartenjardin\/?p=1552"},"modified":"2020-02-08T23:42:22","modified_gmt":"2020-02-08T22:42:22","slug":"cafe-kuchen-mercredi-1er-janvier-2020","status":"publish","type":"post","link":"https:\/\/azqs.com\/gartenjardin\/fr\/2019\/12\/cafe-kuchen-mercredi-1er-janvier-2020\/","title":{"rendered":"Caf\u00e9-Kuchen, mercredi 1er janvier 2020"},"content":{"rendered":"<p>L&rsquo; association Garten\/\/Jardin et les Amis de la Passerelle vous invitent<br \/>\n\u00e0 c\u00e9l\u00e9brer l&rsquo;an 2020 autour de la\u00a0 galette des rois\u00a0 et du\u00a0 Bretzel de Nouvel An &#8211; sur la plate-forme centrale de la passerelle du jardin des Deux Rives<\/p>\n<p style=\"text-align: center\">le <strong>mercredi 1er janvier 2020<\/strong>, <strong>\u00e0 partir de 16 h<\/strong>.<\/p>\n<p style=\"text-align: left\">Venez avec vos amis, votre bonne humeur, un petit quelque chose \u00e0 partager; thermos, gobelets et boissons chaudes bienvenus.<\/p>\n<p><em>S&rsquo;il fait trop froid, nous pouvons nous r\u00e9fugier d\u00e8s 17h dans notre local au 3\u00e8me \u00e9tage de la caserne imm\u00e9diatement derri\u00e8re la gare de Kehl (Hafenstr. 1).<\/em><\/p>\n<div><\/div>\n<p>Nous vous souhaitons une tr\u00e8s bonne et heureuse ann\u00e9e sur les deux<br \/>\nrives du Rhin.<\/p>\n<div id='gallery-1' class='gallery galleryid-1552 gallery-columns-2 gallery-size-medium'><figure class='gallery-item'>\n\t\t\t<div class='gallery-icon landscape'>\n\t\t\t\t<a href='https:\/\/azqs.com\/gartenjardin\/fr\/2019\/12\/cafe-kuchen-mercredi-1er-janvier-2020\/bretzel-2020\/'><img loading=\"lazy\" decoding=\"async\" width=\"300\" height=\"169\" src=\"https:\/\/azqs.com\/gartenjardin\/files\/2019\/12\/bretzel-2020-300x169.jpg\" class=\"attachment-medium size-medium\" alt=\"\" srcset=\"https:\/\/azqs.com\/gartenjardin\/files\/2019\/12\/bretzel-2020-300x169.jpg 300w, https:\/\/azqs.com\/gartenjardin\/files\/2019\/12\/bretzel-2020-768x433.jpg 768w, https:\/\/azqs.com\/gartenjardin\/files\/2019\/12\/bretzel-2020-1024x577.jpg 1024w, https:\/\/azqs.com\/gartenjardin\/files\/2019\/12\/bretzel-2020-500x282.jpg 500w\" sizes=\"(max-width: 300px) 100vw, 300px\" \/><\/a>\n\t\t\t<\/div><\/figure><figure class='gallery-item'>\n\t\t\t<div class='gallery-icon landscape'>\n\t\t\t\t<a href='https:\/\/azqs.com\/gartenjardin\/fr\/2019\/12\/cafe-kuchen-mercredi-1er-janvier-2020\/ckjanvier2020-1\/'><img loading=\"lazy\" decoding=\"async\" width=\"300\" height=\"169\" src=\"https:\/\/azqs.com\/gartenjardin\/files\/2019\/12\/CKjanvier2020-1-300x169.jpg\" class=\"attachment-medium size-medium\" alt=\"\" srcset=\"https:\/\/azqs.com\/gartenjardin\/files\/2019\/12\/CKjanvier2020-1-300x169.jpg 300w, https:\/\/azqs.com\/gartenjardin\/files\/2019\/12\/CKjanvier2020-1-768x433.jpg 768w, https:\/\/azqs.com\/gartenjardin\/files\/2019\/12\/CKjanvier2020-1-1024x577.jpg 1024w, https:\/\/azqs.com\/gartenjardin\/files\/2019\/12\/CKjanvier2020-1-500x282.jpg 500w\" sizes=\"(max-width: 300px) 100vw, 300px\" \/><\/a>\n\t\t\t<\/div><\/figure>\n\t\t<\/div>\n\n<p>Une vingtaine de personnes ont f\u00eat\u00e9\u00a0 l&rsquo;an neuf au pied d&rsquo;une passerelle verglac\u00e9e par endroit.<\/p>\n<p><img loading=\"lazy\" decoding=\"async\" class=\"aligncenter size-large wp-image-1584\" src=\"http:\/\/azqs.com\/gartenjardin\/files\/2019\/12\/CKjanvier2020-2-1024x950.jpg\" alt=\"\" width=\"940\" height=\"872\" srcset=\"https:\/\/azqs.com\/gartenjardin\/files\/2019\/12\/CKjanvier2020-2-1024x950.jpg 1024w, https:\/\/azqs.com\/gartenjardin\/files\/2019\/12\/CKjanvier2020-2-300x278.jpg 300w, https:\/\/azqs.com\/gartenjardin\/files\/2019\/12\/CKjanvier2020-2-768x713.jpg 768w, https:\/\/azqs.com\/gartenjardin\/files\/2019\/12\/CKjanvier2020-2-323x300.jpg 323w\" sizes=\"(max-width: 940px) 100vw, 940px\" \/><\/p>\n","protected":false},"excerpt":{"rendered":"<p>L&rsquo; association Garten\/\/Jardin et les Amis de la Passerelle vous invitent \u00e0 c\u00e9l\u00e9brer l&rsquo;an 2020 autour de la\u00a0 galette des rois\u00a0 et du\u00a0 Bretzel de Nouvel An &#8211; sur la plate-forme centrale de la passerelle du jardin des Deux Rives <a class=\"more-link\" href=\"https:\/\/azqs.com\/gartenjardin\/fr\/2019\/12\/cafe-kuchen-mercredi-1er-janvier-2020\/\">Continuer la lecture <span class=\"screen-reader-text\">  Caf\u00e9-Kuchen, mercredi 1er janvier 2020<\/span><span class=\"meta-nav\">&rarr;<\/span><\/a><\/p>\n","protected":false},"author":298,"featured_media":0,"comment_status":"closed","ping_status":"closed","sticky":false,"template":"","format":"standard","meta":{"footnotes":""},"categories":[37],"tags":[],"class_list":["post-1552","post","type-post","status-publish","format-standard","hentry","category-cafe-kuchen"],"_links":{"self":[{"href":"https:\/\/azqs.com\/gartenjardin\/wp-json\/wp\/v2\/posts\/1552"}],"collection":[{"href":"https:\/\/azqs.com\/gartenjardin\/wp-json\/wp\/v2\/posts"}],"about":[{"href":"https:\/\/azqs.com\/gartenjardin\/wp-json\/wp\/v2\/types\/post"}],"author":[{"embeddable":true,"href":"https:\/\/azqs.com\/gartenjardin\/wp-json\/wp\/v2\/users\/298"}],"replies":[{"embeddable":true,"href":"https:\/\/azqs.com\/gartenjardin\/wp-json\/wp\/v2\/comments?post=1552"}],"version-history":[{"count":4,"href":"https:\/\/azqs.com\/gartenjardin\/wp-json\/wp\/v2\/posts\/1552\/revisions"}],"predecessor-version":[{"id":1587,"href":"https:\/\/azqs.com\/gartenjardin\/wp-json\/wp\/v2\/posts\/1552\/revisions\/1587"}],"wp:attachment":[{"href":"https:\/\/azqs.com\/gartenjardin\/wp-json\/wp\/v2\/media?parent=1552"}],"wp:term":[{"taxonomy":"category","embeddable":true,"href":"https:\/\/azqs.com\/gartenjardin\/wp-json\/wp\/v2\/categories?post=1552"},{"taxonomy":"post_tag","embeddable":true,"href":"https:\/\/azqs.com\/gartenjardin\/wp-json\/wp\/v2\/tags?post=1552"}],"curies":[{"name":"wp","href":"https:\/\/api.w.org\/{rel}","templated":true}]}}