{"id":1546,"date":"2019-12-28T23:27:24","date_gmt":"2019-12-28T22:27:24","guid":{"rendered":"http:\/\/azqs.com\/gartenjardin\/?p=1546"},"modified":"2019-12-28T23:37:58","modified_gmt":"2019-12-28T22:37:58","slug":"garten-jardin-vous-souhaite-une-bonne-annee-2020","status":"publish","type":"post","link":"https:\/\/azqs.com\/gartenjardin\/fr\/2019\/12\/garten-jardin-vous-souhaite-une-bonne-annee-2020\/","title":{"rendered":"GARTEN\/\/JARDIN vous souhaite une bonne ann\u00e9e 2020"},"content":{"rendered":"<p><img loading=\"lazy\" decoding=\"async\" class=\"aligncenter size-large wp-image-1508\" src=\"http:\/\/azqs.com\/gartenjardin\/files\/2019\/11\/DSC00174red-1024x768.jpg\" alt=\"\" width=\"940\" height=\"705\" srcset=\"https:\/\/azqs.com\/gartenjardin\/files\/2019\/11\/DSC00174red-1024x768.jpg 1024w, https:\/\/azqs.com\/gartenjardin\/files\/2019\/11\/DSC00174red-300x225.jpg 300w, https:\/\/azqs.com\/gartenjardin\/files\/2019\/11\/DSC00174red-768x576.jpg 768w, https:\/\/azqs.com\/gartenjardin\/files\/2019\/11\/DSC00174red-400x300.jpg 400w\" sizes=\"(max-width: 940px) 100vw, 940px\" \/><\/p>\n<p>avec au\u00a0 programme<\/p>\n<p class=\"ydpb50070d0western\" align=\"center\"><span style=\"font-size: large\"><b>RENDEZ-VOUS DE GARTEN\/\/JARDIN 2020<\/b><\/span><\/p>\n<p class=\"ydpb50070d0western\"><b>mercredi 1<\/b><b>er<\/b><b> <\/b><b>j<\/b><b>anvier <\/b>Caf\u00e9 Kuchen de nouvel an avec galette et bretzel<\/p>\n<p class=\"ydpb50070d0western\"><b>samedi 11 janvier<\/b> \u00ab\u00a0Regards sur Hans Baldung Grien\u00a0\u00bb \u0152uvre Notre-Dame, STRASBOURG<\/p>\n<p class=\"ydpb50070d0western\"><b>mercredi 5 f\u00e9vrier<\/b> Caf\u00e9 Kuchen<\/p>\n<p class=\"ydpb50070d0western\"><b>samedi 15 f\u00e9vrier<\/b> Exposition Baldung Grien \u00e0 KARLSRUHE<\/p>\n<p class=\"ydpb50070d0western\"><b>mercredi 4 mars<\/b> Caf\u00e9 Kuchen<\/p>\n<p class=\"ydpb50070d0western\"><b>dimanche 8 mars <\/b>Exposition \u00ab\u00a0Loup\u00a0! qui es-tu\u00a0?\u00a0\u00bb \u00e0 EPINAL<\/p>\n<p class=\"ydpb50070d0western\"><b>mercredi 1<\/b><b>er<\/b><b> avril <\/b>Caf\u00e9 Kuchen, reprise des balades cyclistes \u00e0 14h<\/p>\n<p class=\"ydpb50070d0western\"><b>samedi 25 avril <\/b>Landesgartenschau UBERLINGEN<\/p>\n<p class=\"ydpb50070d0western\"><b>mercredi 6.Mai <\/b>Caf\u00e9 Kuchen, balade cycliste \u00e0 14h<\/p>\n<p class=\"ydpb50070d0western\"><b>samedi 16 <\/b><b>mai <\/b>ESCHAU, abbatiale Saint-Trophime et jardin monastique<\/p>\n<p class=\"ydpb50070d0western\"><b>mercredi 3 Jui<\/b><b>n<\/b> Caf\u00e9-Kuchen, balade cycliste \u00e0 14h<\/p>\n<p class=\"ydpb50070d0western\"><b>dimanche 14 Juin<\/b> F\u00eate des roses \u00e0 SAVERNE et mont\u00e9e au jardin botanique<\/p>\n<p class=\"ydpb50070d0western\"><b>mercredi 1<\/b><b>er<\/b><b> juillet<\/b> Caf\u00e9-Kuchen, balade cycliste \u00e0 14h<\/p>\n<p class=\"ydpb50070d0western\"><b>samedi 4 juillet <\/b>BADENWEILER<\/p>\n<p class=\"ydpb50070d0western\"><b>dimanche 2 ao\u00fbt <\/b>Maison de la nature \u00e0 ROTHENBACH<\/p>\n<p class=\"ydpb50070d0western\"><b>mercredi 5 Ao\u00fbt<\/b> Caf\u00e9-Kuchen, balades cyclistes \u00e0 14h<\/p>\n<p class=\"ydpb50070d0western\"><b>mercredi 2 septembre<\/b> Caf\u00e9 Kuchen, balade cycliste \u00e0 14h<\/p>\n<p class=\"ydpb50070d0western\"><b>dimanche 20 septembre <\/b>Landesgartenschau UBERLINGEN<\/p>\n<p class=\"ydpb50070d0western\"><b>samedi 3 octobre<\/b> NANCY, jardins \u00e9ph\u00e9m\u00e8res<\/p>\n<p class=\"ydpb50070d0western\"><b>mercredi 7 octobre<\/b> Caf\u00e9 Kuchen, balade cycliste \u00e0 14h<\/p>\n<p class=\"ydpb50070d0western\"><b>mercredi 4 novembre <\/b> Caf\u00e9 Kuchen<\/p>\n<p class=\"ydpb50070d0western\"><b>dimanche 8 novembre<\/b> LAHR, parcours du site de la Landesgartenschau 2018 et Chrysanthema<\/p>\n<p class=\"ydpb50070d0western\"><b>mercredi 2 d\u00e9cembre <\/b>Caf\u00e9 Kuchen<\/p>\n<p class=\"ydpb50070d0western\" align=\"left\"><span lang=\"fr-FR\"><b>dimanche 20 d\u00e9cembre<\/b><\/span><span lang=\"fr-FR\"> GENGENBACH , calendrier de l\u2019avent \u00ab\u00a0<\/span><span lang=\"fr-FR\">Le Petit Prince\u00a0\u00bb<\/span><span style=\"color: #000000\"><span style=\"font-family: Times New Roman, serif\"><span style=\"font-size: medium\"><span lang=\"fr-FR\"><br \/>\n<\/span><\/span><\/span><\/span><span style=\"color: #000000\"><span style=\"font-family: Times New Roman, serif\"><span style=\"font-size: medium\"><span lang=\"fr-FR\"><b>Caf\u00e9-Kuchen<\/b><\/span><\/span><\/span><\/span><span style=\"color: #000000\"><span style=\"font-family: Times New Roman, serif\"><span style=\"font-size: medium\"><span lang=\"fr-FR\">:<\/span><\/span><\/span><\/span> <span style=\"color: #000000\"><span style=\"font-family: Times New Roman, serif\"><span style=\"font-size: medium\"><span lang=\"fr-FR\"><b>\u00e0<\/b><\/span><\/span><\/span><\/span><b> <\/b><span style=\"color: #000000\"><span style=\"font-family: Times New Roman, serif\"><span style=\"font-size: medium\"><span lang=\"fr-FR\"><b>partir<\/b><\/span><\/span><\/span><\/span><b> <\/b><span style=\"color: #000000\"><span style=\"font-family: Times New Roman, serif\"><span style=\"font-size: medium\"><span lang=\"fr-FR\"><b>de<\/b><\/span><\/span><\/span><\/span><b> <\/b><span style=\"color: #000000\"><span style=\"font-family: Times New Roman, serif\"><span style=\"font-size: medium\"><span lang=\"fr-FR\"><b>16h<\/b><\/span><\/span><\/span><\/span> <span style=\"color: #000000\"><span style=\"font-family: Times New Roman, serif\"><span style=\"font-size: medium\"><span lang=\"fr-FR\">sur<\/span><\/span><\/span><\/span> <span style=\"color: #000000\"><span style=\"font-family: Times New Roman, serif\"><span style=\"font-size: medium\"><span lang=\"fr-FR\">la<\/span><\/span><\/span><\/span> <span style=\"color: #000000\"><span style=\"font-family: Times New Roman, serif\"><span style=\"font-size: medium\"><span lang=\"fr-FR\">plate-forme<\/span><\/span><\/span><\/span> <span style=\"color: #000000\"><span style=\"font-family: Times New Roman, serif\"><span style=\"font-size: medium\"><span lang=\"fr-FR\">centrale<\/span><\/span><\/span><\/span> <span style=\"color: #000000\"><span style=\"font-family: Times New Roman, serif\"><span style=\"font-size: medium\"><span lang=\"fr-FR\">de<\/span><\/span><\/span><\/span> <span style=\"color: #000000\"><span style=\"font-family: Times New Roman, serif\"><span style=\"font-size: medium\"><span lang=\"fr-FR\">la<\/span><\/span><\/span><\/span> <span style=\"color: #000000\"><span style=\"font-family: Times New Roman, serif\"><span style=\"font-size: medium\"><span lang=\"fr-FR\">passerelle<\/span><\/span><\/span><\/span> <span style=\"color: #000000\"><span style=\"font-family: Times New Roman, serif\"><span style=\"font-size: medium\"><span lang=\"fr-FR\">du<\/span><\/span><\/span><\/span> <span style=\"color: #000000\"><span style=\"font-family: Times New Roman, serif\"><span style=\"font-size: medium\"><span lang=\"fr-FR\">Jardin<\/span><\/span><\/span><\/span> <span style=\"color: #000000\"><span style=\"font-family: Times New Roman, serif\"><span style=\"font-size: medium\"><span lang=\"fr-FR\">des<\/span><\/span><\/span><\/span> <span style=\"color: #000000\"><span style=\"font-family: Times New Roman, serif\"><span style=\"font-size: medium\"><span lang=\"fr-FR\">Deux<\/span><\/span><\/span><\/span> <span style=\"color: #000000\"><span style=\"font-family: Times New Roman, serif\"><span style=\"font-size: medium\"><span lang=\"fr-FR\">Rives<\/span><\/span><\/span><\/span> <span style=\"color: #000000\"><span style=\"font-family: Times New Roman, serif\"><span style=\"font-size: medium\"><span lang=\"fr-FR\">ou<\/span><\/span><\/span><\/span> <span style=\"color: #000000\"><span style=\"font-family: Times New Roman, serif\"><span style=\"font-size: medium\"><span lang=\"fr-FR\">en<\/span><\/span><\/span><\/span> <span style=\"color: #000000\"><span style=\"font-family: Times New Roman, serif\"><span style=\"font-size: medium\"><span lang=\"fr-FR\">cas<\/span><\/span><\/span><\/span> <span style=\"color: #000000\"><span style=\"font-family: Times New Roman, serif\"><span style=\"font-size: medium\"><span lang=\"fr-FR\">de<\/span><\/span><\/span><\/span> <span style=\"color: #000000\"><span style=\"font-family: Times New Roman, serif\"><span style=\"font-size: medium\"><span lang=\"fr-FR\">forte<\/span><\/span><\/span><\/span> <span style=\"color: #000000\"><span style=\"font-family: Times New Roman, serif\"><span style=\"font-size: medium\"><span lang=\"fr-FR\">chaleur<\/span><\/span><\/span><\/span> <span style=\"color: #000000\"><span style=\"font-family: Times New Roman, serif\"><span style=\"font-size: medium\"><span lang=\"fr-FR\">\u00e0<\/span><\/span><\/span><\/span> <span style=\"color: #000000\"><span style=\"font-family: Times New Roman, serif\"><span style=\"font-size: medium\"><span lang=\"fr-FR\">\u00ab\u00a0l<\/span><\/span><\/span><\/span><span style=\"color: #000000\"><span style=\"font-family: Times New Roman, serif\"><span style=\"font-size: medium\"><span lang=\"fr-FR\">\u2019<\/span><\/span><\/span><\/span><span style=\"color: #000000\"><span style=\"font-family: Times New Roman, serif\"><span style=\"font-size: medium\"><span lang=\"fr-FR\">Euroting\u00a0\u00bb<\/span><\/span><\/span><\/span> <span style=\"color: #000000\"><span style=\"font-family: Times New Roman, serif\"><span style=\"font-size: medium\"><span lang=\"fr-FR\"><b>et<\/b><\/span><\/span><\/span><\/span><b> <\/b><span style=\"color: #000000\"><span style=\"font-family: Times New Roman, serif\"><span style=\"font-size: medium\"><span lang=\"fr-FR\"><b>d&rsquo;avril<\/b><\/span><\/span><\/span><\/span><b> <\/b><span style=\"color: #000000\"><span style=\"font-family: Times New Roman, serif\"><span style=\"font-size: medium\"><span lang=\"fr-FR\"><b>\u00e0<\/b><\/span><\/span><\/span><\/span><b> <\/b><span style=\"color: #000000\"><span style=\"font-family: Times New Roman, serif\"><span style=\"font-size: medium\"><span lang=\"fr-FR\"><b>octobre<\/b><\/span><\/span><\/span><\/span><b> <\/b><span style=\"color: #000000\"><span style=\"font-family: Times New Roman, serif\"><span style=\"font-size: medium\"><span lang=\"fr-FR\"><b>balade<\/b><\/span><\/span><\/span><\/span><b> <\/b><span style=\"color: #000000\"><span style=\"font-family: Times New Roman, serif\"><span style=\"font-size: medium\"><span lang=\"fr-FR\"><b>cycliste<\/b><\/span><\/span><\/span><\/span><b> <\/b><span style=\"color: #000000\"><span style=\"font-family: Times New Roman, serif\"><span style=\"font-size: medium\"><span lang=\"fr-FR\"><b>\u00e0<\/b><\/span><\/span><\/span><\/span><b> <\/b><span style=\"color: #000000\"><span style=\"font-family: Times New Roman, serif\"><span style=\"font-size: medium\"><span lang=\"fr-FR\"><b>14h00<\/b><\/span><\/span><\/span><\/span><\/p>\n","protected":false},"excerpt":{"rendered":"<p>avec au\u00a0 programme RENDEZ-VOUS DE GARTEN\/\/JARDIN 2020 mercredi 1er janvier Caf\u00e9 Kuchen de nouvel an avec galette et bretzel samedi 11 janvier \u00ab\u00a0Regards sur Hans Baldung Grien\u00a0\u00bb \u0152uvre Notre-Dame, STRASBOURG mercredi 5 f\u00e9vrier Caf\u00e9 Kuchen samedi 15 f\u00e9vrier Exposition Baldung <a class=\"more-link\" href=\"https:\/\/azqs.com\/gartenjardin\/fr\/2019\/12\/garten-jardin-vous-souhaite-une-bonne-annee-2020\/\">Continuer la lecture <span class=\"screen-reader-text\">  GARTEN\/\/JARDIN vous souhaite une bonne ann\u00e9e 2020<\/span><span class=\"meta-nav\">&rarr;<\/span><\/a><\/p>\n","protected":false},"author":298,"featured_media":0,"comment_status":"closed","ping_status":"closed","sticky":false,"template":"","format":"standard","meta":{"footnotes":""},"categories":[137],"tags":[],"class_list":["post-1546","post","type-post","status-publish","format-standard","hentry","category-agenda"],"_links":{"self":[{"href":"https:\/\/azqs.com\/gartenjardin\/wp-json\/wp\/v2\/posts\/1546"}],"collection":[{"href":"https:\/\/azqs.com\/gartenjardin\/wp-json\/wp\/v2\/posts"}],"about":[{"href":"https:\/\/azqs.com\/gartenjardin\/wp-json\/wp\/v2\/types\/post"}],"author":[{"embeddable":true,"href":"https:\/\/azqs.com\/gartenjardin\/wp-json\/wp\/v2\/users\/298"}],"replies":[{"embeddable":true,"href":"https:\/\/azqs.com\/gartenjardin\/wp-json\/wp\/v2\/comments?post=1546"}],"version-history":[{"count":2,"href":"https:\/\/azqs.com\/gartenjardin\/wp-json\/wp\/v2\/posts\/1546\/revisions"}],"predecessor-version":[{"id":1551,"href":"https:\/\/azqs.com\/gartenjardin\/wp-json\/wp\/v2\/posts\/1546\/revisions\/1551"}],"wp:attachment":[{"href":"https:\/\/azqs.com\/gartenjardin\/wp-json\/wp\/v2\/media?parent=1546"}],"wp:term":[{"taxonomy":"category","embeddable":true,"href":"https:\/\/azqs.com\/gartenjardin\/wp-json\/wp\/v2\/categories?post=1546"},{"taxonomy":"post_tag","embeddable":true,"href":"https:\/\/azqs.com\/gartenjardin\/wp-json\/wp\/v2\/tags?post=1546"}],"curies":[{"name":"wp","href":"https:\/\/api.w.org\/{rel}","templated":true}]}}