{"id":37,"count":112,"description":"Rencontre mensuelle sur la plate-forme centrale de la passerelle des Deux Rives organis\u00e9e, depuis mai 2005,  avec le collectif Kehlois des Amis de la Passerelle chaque premier mercredi du mois, \u00e0 partir de 16h. Chacun apporte  quelque chose \u00e0 boire et \u00e0 manger pour partager.\r\nD'avril \u00e0 octobre, la rencontre est pr\u00e9c\u00e9d\u00e9e d'une balade \u00e0 v\u00e9lo; d\u00e9part m\u00eame lieu \u00e0 14h30.\r\nS\u2019il fait trop chaud, la rencontre a lieu \u00e0 l\u2019ombre des grands arbres pr\u00e8s de l\u2019Eurothink, c\u00f4t\u00e9 allemand \u00e0 50 m au sud.\r\nTOUT LE MONDE EST INVITE SANS INSCRIPTION PREALABLE.","link":"https:\/\/azqs.com\/gartenjardin\/fr\/category\/cafe-kuchen\/","name":"Caf\u00e9-Kuchen","slug":"cafe-kuchen","taxonomy":"category","parent":0,"meta":[],"_links":{"self":[{"href":"https:\/\/azqs.com\/gartenjardin\/wp-json\/wp\/v2\/categories\/37"}],"collection":[{"href":"https:\/\/azqs.com\/gartenjardin\/wp-json\/wp\/v2\/categories"}],"about":[{"href":"https:\/\/azqs.com\/gartenjardin\/wp-json\/wp\/v2\/taxonomies\/category"}],"wp:post_type":[{"href":"https:\/\/azqs.com\/gartenjardin\/wp-json\/wp\/v2\/posts?categories=37"}],"curies":[{"name":"wp","href":"https:\/\/api.w.org\/{rel}","templated":true}]}}