{"id":909,"date":"2012-06-30T01:07:52","date_gmt":"2012-06-30T00:07:52","guid":{"rendered":"http:\/\/www.latelierweb.com\/idees-coquines\/piece-montee\/?p=909"},"modified":"2025-12-26T15:34:56","modified_gmt":"2025-12-26T14:34:56","slug":"apero-minitel-is-dead-ha-le-3615-ulla","status":"publish","type":"post","link":"https:\/\/azqs.com\/docteuruthe\/2012\/06\/30\/apero-minitel-is-dead-ha-le-3615-ulla\/","title":{"rendered":"Strasbourg : Ap\u00e9ro Minitel is dead : Ha le 3615 Ulla&#8230;"},"content":{"rendered":"<div style=\"width: 250px\" class=\"wp-caption alignnone\"><img loading=\"lazy\" decoding=\"async\" title=\"minitel rose\" src=\"http:\/\/blogmedia.driczone.net\/3615vazi01ok_s.jpg\" alt=\"illustration du minitel trouv\u00e9 l\u00e0 : http:\/\/www.driczone.net\/blog\/page\/14\" width=\"240\" height=\"172\" \/><p class=\"wp-caption-text\">Illustration du minitel trouv\u00e9 l\u00e0 : http:\/\/www.driczone.net<\/p><\/div>\n<p>Pourquoi ce petit billet ?<\/p>\n<p>Premi\u00e8rement Je coorganise \u00e7a dans ma ville \u00e0 Strasbourg<\/p>\n<p>Deuxi\u00e8mement \u00e7a me rappel des souvenirs de mon premier serveur de discutions \u00e9tudi\u00e9 et test\u00e9 en tant que \u00ab\u00a0webmeste\u00a0\u00bb<\/p>\n<p>Troisi\u00e8mement vous pourrez me rencontrer en vrais.<\/p>\n<blockquote>\n<h3>AP\u00c9RO DE LA FIN DU MINITEL &#8211; 18h-21h<\/h3>\n<h3>Lieu: Place Broglie \u00e0 Strasbourg<\/h3>\n<h3>Plus d&rsquo;information<\/h3>\n<h3><a title=\"ap\u00e9ro minitel\" href=\"http:\/\/strasbourgcurieux.com\/agenda\/strasbourgSql\/agenda\/AffichagePopUp.php?row=15553\" target=\"_blank\" rel=\"noopener noreferrer\">http:\/\/strasbourgcurieux.com<\/a><\/h3>\n<\/blockquote>\n<p>Et enfin cela me permet de vous faire lire un article sur les animatrices de minitel rose. De plus si vous faite marcher votre boite a phantasme, vous ferrez de vous m\u00eame<strong> le parall\u00e8le avec les sites de rencontres actuels<\/strong>.<\/p>\n<blockquote>\n<h3>\u00ab\u00a0J\u2019ai \u00e9t\u00e9 animatrice de Minitel rose\u201d<\/h3>\n<p>J&rsquo;ai bien connu, et pratiqu\u00e9, le Minitel, qui sera d\u00e9finitivement d\u00e9branch\u00e9 ce 30 juin 2012. J&rsquo;ai m\u00eame \u00e9t\u00e9 pay\u00e9 pour \u00e7a. Etudiant, au mitan des 90&rsquo;s, j&rsquo;avais besoin de gagner de l&rsquo;argent : le mercredi, j&rsquo;\u00e9tais animateur dans des centres de loisirs pour enfants, la nuit, j&rsquo;\u00e9tais \u00ab\u00a0animatrice\u00a0\u00bb<\/p>\n<p><a title=\"Minitel rose is dead !\" href=\"http:\/\/owni.fr\/2012\/06\/28\/jai-ete-animatrice-de-minitel-rose\/\" target=\"_blank\" rel=\"noopener noreferrer\">http:\/\/owni.fr\/2012\/06\/28\/jai-ete-animatrice-de-minitel-rose\/<\/a><\/p>\n<p>copie ici<\/p>\n<p><a title=\"Minitel rose is dead !\" href=\"http:\/\/www.rue89.com\/rue69\/2012\/06\/29\/je-mappelle-jean-marc-et-jai-ete-animatrice-minitel-rose-233436\" target=\"_blank\" rel=\"noopener noreferrer\">http:\/\/www.rue89.com\/rue69\/2012\/06\/29\/je-mappelle-jean-marc-et-jai-ete-animatrice-minitel-rose-233436<\/a><\/p><\/blockquote>\n<h3>Et en cadeau un article d\u00e9cal\u00e9 sur le minitel.<\/h3>\n<blockquote><p>\u00ab\u00a0Je vais vous entretenir aujourd\u2019hui du fleuron technologique fran\u00e7ais. Je ne parle bien s\u00fbr pas de la Citro\u00ebn 2CV, mais du Minitel.<\/p>\n<p>Le Minitel a \u00e9t\u00e9 invent\u00e9 par le Minist\u00e8re des Postes et T\u00e9l\u00e9communications en 1980, alors que j\u2019avais environ 0 ans.<\/p>\n<p>La plupart des d\u00e9cideurs de l\u2019\u00e9poque ont d\u00e9clar\u00e9 que c\u2019\u00e9tait compl\u00e8tement nul comme id\u00e9e, et que \u00e7a sentait le caca de panda. Val\u00e9ry Giscard d\u2019Estaing alors Pr\u00e9sident de la R\u00e9publique en vit un un jour au d\u00e9tour d\u2019une machine \u00e0 caf\u00e9 et s\u2019exclama : \u00ab\u00a0Mais c\u2019est top moumoute ce truc, j\u2019en veux un !\u00a0\u00bb. D\u00e8s lors, l\u2019ensemble de la classe politique ne cessa de s\u2019extasier devant tant de prouesse technologique.\u00a0\u00bb<\/p>\n<p><a title=\"minitel haha\" href=\"http:\/\/www.driczone.net\/blog\/nostalgie-technologique\" target=\"_blank\" rel=\"noopener noreferrer\">http:\/\/www.driczone.net\/blog\/nostalgie-technologique<\/a><\/p><\/blockquote>\n<h2>Autres liens<\/h2>\n<p>Wikiki en parle : <a href=\"https:\/\/fr.wikipedia.org\/wiki\/Minitel_rose\" target=\"_blank\" rel=\"noopener noreferrer\">https:\/\/fr.wikipedia.org\/wiki\/Minitel_rose<\/a><\/p>\n<p>3015 est mort en vid\u00e9o : <a href=\"https:\/\/www.youtube.com\/watch?v=RO3Wjdw0TIg\" target=\"_blank\" rel=\"noopener noreferrer\">https:\/\/www.youtube.com\/watch?v=RO3Wjdw0TIg<\/a><\/p>\n<p>M\u00e9ga geek : <a href=\"https:\/\/lea-linux.org\/documentations\/Pratique-minitel\" target=\"_blank\" rel=\"noopener noreferrer\">https:\/\/lea-linux.org\/documentations\/Pratique-minitel<\/a><\/p>\n<p>Minitel : <a href=\"https:\/\/www.youtube.com\/watch?v=VaKzYR6hQ9c\" target=\"_blank\" rel=\"noopener noreferrer\">mini s\u00e9rie sur ce cul-tissime objet<\/a><\/p>\n<p>MAJ 2025 : Le minitel n&rsquo;est pas mort : <a href=\"https:\/\/www.youtube.com\/watch?v=azR7oNk8b8I\" target=\"_blank\" rel=\"noopener\">https:\/\/www.youtube.com\/watch?v=azR7oNk8b8I<\/a><\/p>\n<p>Cr\u00e9\u00e9 par des r\u00e9sistants des <span class=\"caps\">PTT<\/span>, un r\u00e9seau t\u00e9l\u00e9phonique parall\u00e8le a surv\u00e9cu apr\u00e8s la Lib\u00e9ration. <a href=\"https:\/\/laviedesidees.fr\/Le-Reseau-ou-lorsque-nous-etions-intracables\" target=\"_blank\" rel=\"noopener\">Espace de communication et de rencontre dans les ann\u00e9es 1970<\/a>.<\/p>\n<p>&nbsp;<\/p>\n","protected":false},"excerpt":{"rendered":"<p>Pourquoi ce petit billet ? Premi\u00e8rement Je coorganise \u00e7a dans ma ville \u00e0 Strasbourg Deuxi\u00e8mement \u00e7a me rappel des souvenirs de mon premier serveur de discutions \u00e9tudi\u00e9 et test\u00e9 en tant que \u00ab\u00a0webmeste\u00a0\u00bb Troisi\u00e8mement vous pourrez me rencontrer en vrais. &hellip; <a href=\"https:\/\/azqs.com\/docteuruthe\/2012\/06\/30\/apero-minitel-is-dead-ha-le-3615-ulla\/\">Continuer la lecture <span class=\"meta-nav\">&rarr;<\/span><\/a><\/p>\n","protected":false},"author":286,"featured_media":0,"comment_status":"closed","ping_status":"open","sticky":false,"template":"","format":"standard","meta":{"footnotes":""},"categories":[4,5],"tags":[34,88,89,184,240,243,275],"class_list":["post-909","post","type-post","status-publish","format-standard","hentry","category-expo-sortie","category-infointernet","tag-arnaque","tag-cyber-sexe","tag-cybersexe","tag-minitel","tag-rencontres","tag-rose","tag-strasbourg"],"_links":{"self":[{"href":"https:\/\/azqs.com\/docteuruthe\/wp-json\/wp\/v2\/posts\/909"}],"collection":[{"href":"https:\/\/azqs.com\/docteuruthe\/wp-json\/wp\/v2\/posts"}],"about":[{"href":"https:\/\/azqs.com\/docteuruthe\/wp-json\/wp\/v2\/types\/post"}],"author":[{"embeddable":true,"href":"https:\/\/azqs.com\/docteuruthe\/wp-json\/wp\/v2\/users\/286"}],"replies":[{"embeddable":true,"href":"https:\/\/azqs.com\/docteuruthe\/wp-json\/wp\/v2\/comments?post=909"}],"version-history":[{"count":5,"href":"https:\/\/azqs.com\/docteuruthe\/wp-json\/wp\/v2\/posts\/909\/revisions"}],"predecessor-version":[{"id":1859,"href":"https:\/\/azqs.com\/docteuruthe\/wp-json\/wp\/v2\/posts\/909\/revisions\/1859"}],"wp:attachment":[{"href":"https:\/\/azqs.com\/docteuruthe\/wp-json\/wp\/v2\/media?parent=909"}],"wp:term":[{"taxonomy":"category","embeddable":true,"href":"https:\/\/azqs.com\/docteuruthe\/wp-json\/wp\/v2\/categories?post=909"},{"taxonomy":"post_tag","embeddable":true,"href":"https:\/\/azqs.com\/docteuruthe\/wp-json\/wp\/v2\/tags?post=909"}],"curies":[{"name":"wp","href":"https:\/\/api.w.org\/{rel}","templated":true}]}}