{"id":186,"date":"2015-11-16T00:04:56","date_gmt":"2015-11-15T23:04:56","guid":{"rendered":"http:\/\/azqs.com\/contesdelapero\/?p=186"},"modified":"2016-01-24T14:31:24","modified_gmt":"2016-01-24T13:31:24","slug":"le-petit-canard-rouge","status":"publish","type":"post","link":"https:\/\/azqs.com\/contesdelapero\/2015\/11\/16\/le-petit-canard-rouge\/","title":{"rendered":"Le petit canard rouge"},"content":{"rendered":"<p>Il \u00e9tait une fois un petit canard rouge. Il avait \u00e9t\u00e9 mis au point par des chercheurs de l\u2019INRA, l\u2019institut national de recherche agronomique. C\u2019\u00e9tait de la recherche fondamentale, il n\u2019y avait pas vraiment de besoin ni de demande particuli\u00e8re pour un canard rouge mais enfin puisqu\u2019il \u00e9tait l\u00e0 autant l\u2019\u00e9tudier. Le canard rouge fut donc l\u00e2ch\u00e9 dans la nature au cours d\u2019un pince-fesses qui rassembla du bien beau monde\u00a0: le pr\u00e9fet, le pr\u00e9sident de l\u2019universit\u00e9, le directeur du CNRS, le secr\u00e9taire g\u00e9n\u00e9ral de la caisse d\u2019\u00e9pargne\u2026<\/p>\n<p>Apr\u00e8s les discours, le verre de l\u2019amiti\u00e9 et le traditionnel concours de t-shirt mouill\u00e9, le canard rouge fut livr\u00e9 \u00e0 lui m\u00eame dans un cours d\u2019eau de premi\u00e8re cat\u00e9gorie. Livr\u00e9 \u00e0 lui-m\u00eame, fa\u00e7on de parler. Il \u00e9tait reli\u00e9 en permanence avec les chercheurs par le truchement d\u2019une puce \u00e9lectronique inocul\u00e9e sous son plumage qui transmettait en temps r\u00e9el sa g\u00e9olocalisation, le nombre de ses battements cardiaques, sa vitesse natatoire et les quantit\u00e9s de nourriture absorb\u00e9es. Une micro-cam\u00e9ra planqu\u00e9e dans son aigrette permettait aussi d\u2019observer les autres animaux avec qui il frayait.<br \/>\nMais le petit canard rouge qui \u00e9tait un peu parano (un d\u00e9faut qui n\u2019avait pas pu \u00eatre corrig\u00e9 en laboratoire) avait peur de toutes les autres cr\u00e9atures vivantes et ne frayait avec personne. N\u2019emp\u00eache, \u00e7a a quand m\u00eame permis de faire de belles images prim\u00e9es \u00e0 plusieurs reprises dans des festivals de cin\u00e9ma exp\u00e9rimental.<\/p>\n<p>Et puis un beau jour, une cane g\u00e9n\u00e9reuse qui avait d\u00e9j\u00e0 adopt\u00e9 un vilain petit canard et qui n\u2019\u00e9tait plus \u00e0 \u00e7a pr\u00e8s, prit le petit canard rouge sous son aile et la famille s\u2019agrandit. Mais comme le constat\u00e8rent les chercheurs de l\u2019INRA les choses ne se pass\u00e8rent pas tr\u00e8s bien. Les petits canards de souche, ses fr\u00e8res adoptifs en quelque sorte, le prirent aussit\u00f4t en grippe. Le vilain petit canard aussi. Pour tenter d\u2019\u00eatre accept\u00e9 dans la famille il avait lui-m\u00eame d\u00fb subir mille vexations et manifestations hostiles et il se vengea de ces mauvais traitements sur le nouveau venu dont la vie devint un enfer. Un beau jour, enfin pas si beau que \u00e7a, au cours d\u2019un des nombreux passages \u00e0 tabac dont fut victime le petit canard rouge, le co\u00fbteux mat\u00e9riel scientifique fut endommag\u00e9.<br \/>\nLes chercheurs perdirent alors d\u00e9finitivement la trace de leur objet d\u2019\u00e9tude ce qui ne les emp\u00eacha pas de publier quand m\u00eame plusieurs articles dans des revues scientifiques\u00a0 r\u00e9put\u00e9es. *<\/p>\n<p>&nbsp;<\/p>\n<p><em>*Le comit\u00e9 de r\u00e9daction qui\u00a0 juge ce conte d\u00e9sobligeant pour l\u2019INRA\u00a0 tient \u00e0 t\u00e9moigner ici de son profond respect pour l\u2019ensemble de ses personnels, le s\u00e9rieux et la qualit\u00e9 de leurs travaux et les informe que l&rsquo;auteur a fait l&rsquo;objet de s\u00e9v\u00e8res remontrances.\u00a0 (ndcdr).<\/em><\/p>\n","protected":false},"excerpt":{"rendered":"<p>Il \u00e9tait une fois un petit canard rouge. Il avait \u00e9t\u00e9 mis au point par des chercheurs de l\u2019INRA, l\u2019institut national de recherche agronomique. C\u2019\u00e9tait de la recherche fondamentale, il n\u2019y avait pas vraiment de besoin ni de demande particuli\u00e8re pour un canard rouge mais enfin puisqu\u2019il \u00e9tait l\u00e0 autant l\u2019\u00e9tudier. Le canard rouge fut &hellip; <a href=\"https:\/\/azqs.com\/contesdelapero\/2015\/11\/16\/le-petit-canard-rouge\/\" class=\"more-link\">Continuer la lecture de <span class=\"screen-reader-text\">Le petit canard rouge<\/span> <span class=\"meta-nav\">&rarr;<\/span><\/a><\/p>\n","protected":false},"author":302,"featured_media":0,"comment_status":"closed","ping_status":"closed","sticky":false,"template":"","format":"standard","meta":{"footnotes":""},"categories":[],"tags":[],"class_list":["post-186","post","type-post","status-publish","format-standard","hentry"],"_links":{"self":[{"href":"https:\/\/azqs.com\/contesdelapero\/wp-json\/wp\/v2\/posts\/186"}],"collection":[{"href":"https:\/\/azqs.com\/contesdelapero\/wp-json\/wp\/v2\/posts"}],"about":[{"href":"https:\/\/azqs.com\/contesdelapero\/wp-json\/wp\/v2\/types\/post"}],"author":[{"embeddable":true,"href":"https:\/\/azqs.com\/contesdelapero\/wp-json\/wp\/v2\/users\/302"}],"replies":[{"embeddable":true,"href":"https:\/\/azqs.com\/contesdelapero\/wp-json\/wp\/v2\/comments?post=186"}],"version-history":[{"count":9,"href":"https:\/\/azqs.com\/contesdelapero\/wp-json\/wp\/v2\/posts\/186\/revisions"}],"predecessor-version":[{"id":340,"href":"https:\/\/azqs.com\/contesdelapero\/wp-json\/wp\/v2\/posts\/186\/revisions\/340"}],"wp:attachment":[{"href":"https:\/\/azqs.com\/contesdelapero\/wp-json\/wp\/v2\/media?parent=186"}],"wp:term":[{"taxonomy":"category","embeddable":true,"href":"https:\/\/azqs.com\/contesdelapero\/wp-json\/wp\/v2\/categories?post=186"},{"taxonomy":"post_tag","embeddable":true,"href":"https:\/\/azqs.com\/contesdelapero\/wp-json\/wp\/v2\/tags?post=186"}],"curies":[{"name":"wp","href":"https:\/\/api.w.org\/{rel}","templated":true}]}}