{"id":332,"date":"2013-02-22T21:16:58","date_gmt":"2013-02-22T21:16:58","guid":{"rendered":"http:\/\/azqs.com\/bilobarev\/?p=332"},"modified":"2013-09-14T15:43:22","modified_gmt":"2013-09-14T15:43:22","slug":"via-ferrata-sensations-et-emotions","status":"publish","type":"post","link":"https:\/\/azqs.com\/bilobarev\/2013\/02\/22\/via-ferrata-sensations-et-emotions\/","title":{"rendered":"Rando Ferrata, sensations et \u00e9motions."},"content":{"rendered":"<h4><a href=\"http:\/\/azqs.com\/bilobarev\/files\/2013\/02\/Randoferrata.jpg\"><img loading=\"lazy\" decoding=\"async\" class=\"size-medium wp-image-218 alignleft\" alt=\"Rando sur le parcours Via Ferrata\" src=\"http:\/\/azqs.com\/bilobarev\/files\/2013\/02\/Randoferrata-200x150.jpg\" width=\"200\" height=\"150\" srcset=\"https:\/\/azqs.com\/bilobarev\/files\/2013\/02\/Randoferrata-200x150.jpg 200w, https:\/\/azqs.com\/bilobarev\/files\/2013\/02\/Randoferrata-1024x768.jpg 1024w, https:\/\/azqs.com\/bilobarev\/files\/2013\/02\/Randoferrata-250x187.jpg 250w, https:\/\/azqs.com\/bilobarev\/files\/2013\/02\/Randoferrata-400x300.jpg 400w, https:\/\/azqs.com\/bilobarev\/files\/2013\/02\/Randoferrata.jpg 2048w\" sizes=\"(max-width: 200px) 100vw, 200px\" \/><\/a><br \/>\nDescription<\/h4>\n<p>Unique dans les Vosges la Rando Ferrata de Bussang. Evoluons le long de la ligne de vie en toute s\u00e9curit\u00e9 pour notre plus grand plaisir.<\/p>\n<h4>Reportage en vid\u00e9o : La rando Ferrata de Bussang<\/h4>\n<p>[weaver_iframe src=&rsquo;http:\/\/api.dmcloud.net\/player\/pubpage\/4d2ada44f325e1218b00035e\/500d7387947399131400118e\/c047c4592ecc4a03b666512ad77d1d44?wmode=transparent&amp;preset=4d2c6384f325e12186000370&prime; height=405 percent=100 style=\u00a0\u00bbstyle\u00a0\u00bb]<br \/>\nSource : <a title=\"My lorraine.fr : Via Ferrata\" href=\"http:\/\/www.mylorraine.fr\/article\/decouverte-de-la-via-ferrata\/14641\/\" target=\"_blank\">Mylorraine.fr<\/a><\/p>\n<p>Dans ce reportage de 2 minutes, nous partons avec l&rsquo;\u00e9quipe de MyLorraine.fr, a la d\u00e9couverte de la rando Ferrata de Bussang.<br \/>\nJ&rsquo;y d\u00e9cris cette activit\u00e9 qui m\u00e9lange randonn\u00e9e et escalade.<\/p>\n<h4>Comment cela se passe<\/h4>\n<ul>\n<li>Mat\u00e9riels (casque, harnais, longes) pr\u00eat\u00e9s.<\/li>\n<li>Pour plus de convivialit\u00e9 et de s\u00e9curit\u00e9, nous serons 9 personnes au maximum.<\/li>\n<li>Le programme est modifiable selon les conditions physique, d\u2019\u00e9quipement des participants et m\u00e9t\u00e9orologique.<\/li>\n<li>Accessible \u00e0 tous d\u00e8s 8 ans.<\/li>\n<li>Horaires : \u00bd journ\u00e9e ou journ\u00e9e<\/li>\n<\/ul>\n<h4><a href=\"http:\/\/azqs.com\/bilobarev\/files\/2013\/02\/information_check.png\"><img loading=\"lazy\" decoding=\"async\" class=\"alignleft size-full wp-image-240\" alt=\"information_check\" src=\"http:\/\/azqs.com\/bilobarev\/files\/2013\/02\/information_check.png\" width=\"30\" height=\"26\" \/><\/a>Votre \u00e9quipement<\/h4>\n<p>Pour que cette activit\u00e9 se d\u00e9roule dans de bonnes conditions, je vous recommande d\u2019\u00eatre \u00e9quip\u00e9 :<\/p>\n<ul>\n<li>D\u2019une paire de chaussures de marche \u00e0 semelles crant\u00e9s.<\/li>\n<li>De v\u00eatements chauds<\/li>\n<li>D\u2019un sac a dos<\/li>\n<li>De boissons et en cas<\/li>\n<\/ul>\n<h4>Tarifs<\/h4>\n<ul>\n<li><span style=\"line-height: 15px;\">Tarif 1\/2 journ\u00e9e: 38\u20ac par personne<\/span><\/li>\n<\/ul>\n","protected":false},"excerpt":{"rendered":"<p>Description Unique dans les Vosges la Rando Ferrata de Bussang. Evoluons le long de la ligne de vie en toute s\u00e9curit\u00e9 pour notre plus grand plaisir. Reportage en vid\u00e9o : La rando Ferrata de Bussang [weaver_iframe src=&rsquo;http:\/\/api.dmcloud.net\/player\/pubpage\/4d2ada44f325e1218b00035e\/500d7387947399131400118e\/c047c4592ecc4a03b666512ad77d1d44?wmode=transparent&amp;preset=4d2c6384f325e12186000370&prime; height=405 percent=100 style=\u00a0\u00bbstyle\u00a0\u00bb] Source : Mylorraine.fr Dans ce reportage de 2 minutes, nous partons avec l&rsquo;\u00e9quipe de MyLorraine.fr, &hellip; <\/p>\n<p><a class=\"more-link btn\" href=\"https:\/\/azqs.com\/bilobarev\/2013\/02\/22\/via-ferrata-sensations-et-emotions\/\">Lire la suite<\/a><\/p>\n","protected":false},"author":1,"featured_media":0,"comment_status":"closed","ping_status":"closed","sticky":false,"template":"","format":"standard","meta":{"footnotes":""},"categories":[15,17],"tags":[13,56,33,19,52,34,39,35,57],"class_list":["post-332","post","type-post","status-publish","format-standard","hentry","category-belles-saisons","category-escalade-activites-en-hauteur","tag-balade-2","tag-bussang","tag-demi-journee","tag-escalade-2","tag-ferrata","tag-journee","tag-rando","tag-securite","tag-unique-vosges","nodate","item-wrap"],"_links":{"self":[{"href":"https:\/\/azqs.com\/bilobarev\/wp-json\/wp\/v2\/posts\/332"}],"collection":[{"href":"https:\/\/azqs.com\/bilobarev\/wp-json\/wp\/v2\/posts"}],"about":[{"href":"https:\/\/azqs.com\/bilobarev\/wp-json\/wp\/v2\/types\/post"}],"author":[{"embeddable":true,"href":"https:\/\/azqs.com\/bilobarev\/wp-json\/wp\/v2\/users\/1"}],"replies":[{"embeddable":true,"href":"https:\/\/azqs.com\/bilobarev\/wp-json\/wp\/v2\/comments?post=332"}],"version-history":[{"count":14,"href":"https:\/\/azqs.com\/bilobarev\/wp-json\/wp\/v2\/posts\/332\/revisions"}],"predecessor-version":[{"id":334,"href":"https:\/\/azqs.com\/bilobarev\/wp-json\/wp\/v2\/posts\/332\/revisions\/334"}],"wp:attachment":[{"href":"https:\/\/azqs.com\/bilobarev\/wp-json\/wp\/v2\/media?parent=332"}],"wp:term":[{"taxonomy":"category","embeddable":true,"href":"https:\/\/azqs.com\/bilobarev\/wp-json\/wp\/v2\/categories?post=332"},{"taxonomy":"post_tag","embeddable":true,"href":"https:\/\/azqs.com\/bilobarev\/wp-json\/wp\/v2\/tags?post=332"}],"curies":[{"name":"wp","href":"https:\/\/api.w.org\/{rel}","templated":true}]}}