{"id":769,"date":"2018-05-01T10:00:58","date_gmt":"2018-05-01T08:00:58","guid":{"rendered":"http:\/\/azqs.com\/adlibitum\/?p=769"},"modified":"2018-05-01T10:28:24","modified_gmt":"2018-05-01T08:28:24","slug":"saison-2017-2018","status":"publish","type":"post","link":"https:\/\/azqs.com\/adlibitum\/saison-2017-2018\/","title":{"rendered":"Saison 2017-2018"},"content":{"rendered":"<p><span style=\"font-size: 10pt\">La saison 2017-2018 s&rsquo;est conclue par plusieurs concerts <\/span><strong>D&rsquo;autres rivages<\/strong><\/p>\n<p><span class=\"fontstyle0\"><img loading=\"lazy\" decoding=\"async\" class=\"alignleft wp-image-467\" src=\"http:\/\/azqs.com\/adlibitum\/files\/2016\/11\/music-conduktor-xl.png\" alt=\"music-conduktor-xl\" width=\"50\" height=\"50\" \/><\/span><\/p>\n<p style=\"text-align: justify\">sous la direction de <a href=\"http:\/\/azqs.com\/adlibitum\/cheffe-de-choeur\/\">Delphine LE VARAT<\/a><a href=\"http:\/\/azqs.com\/adlibitum\/files\/2018\/06\/20180603-Affiche-Concert-Ste-Aur\u00e9lie.jpg\"><img loading=\"lazy\" decoding=\"async\" class=\"alignright size-medium wp-image-759\" src=\"http:\/\/azqs.com\/adlibitum\/files\/2018\/06\/20180603-Affiche-Concert-Ste-Aur\u00e9lie-213x300.jpg\" alt=\"Affiche concert 3 juin 2018\" width=\"213\" height=\"300\" srcset=\"https:\/\/azqs.com\/adlibitum\/files\/2018\/06\/20180603-Affiche-Concert-Ste-Aur\u00e9lie-213x300.jpg 213w, https:\/\/azqs.com\/adlibitum\/files\/2018\/06\/20180603-Affiche-Concert-Ste-Aur\u00e9lie-768x1084.jpg 768w, https:\/\/azqs.com\/adlibitum\/files\/2018\/06\/20180603-Affiche-Concert-Ste-Aur\u00e9lie-725x1024.jpg 725w, https:\/\/azqs.com\/adlibitum\/files\/2018\/06\/20180603-Affiche-Concert-Ste-Aur\u00e9lie-600x847.jpg 600w, https:\/\/azqs.com\/adlibitum\/files\/2018\/06\/20180603-Affiche-Concert-Ste-Aur\u00e9lie-250x353.jpg 250w, https:\/\/azqs.com\/adlibitum\/files\/2018\/06\/20180603-Affiche-Concert-Ste-Aur\u00e9lie.jpg 1156w\" sizes=\"(max-width: 213px) 100vw, 213px\" \/><\/a><\/p>\n<p style=\"text-align: justify\">Pour ce concert, le Choeur Ad libitum vous invite \u00e0 parcourir la richesse du r\u00e9pertoire septentrional, des \u00eeles britanniques jusqu\u2019\u00e0 la mer Baltique, en passant par la Scandinavie. Autant de pays et de r\u00e9gions qui ont connu au 19eme si\u00e8cle un essor choral de grande ampleur, \u00e9lan qui se poursuit de nos jours.<\/p>\n<p style=\"text-align: justify\">A travers des pages connues et d\u2019autres plus confidentielles, le programme r\u00e9v\u00e8lera les nombreuses facettes de cette musique, au lyrisme inspir\u00e9 et aux harmonies d\u00e9licates, empruntant bien souvent aux m\u00e9lodies traditionnelles : c\u00e9l\u00e9bration de la nature et des saisons, nostalgie ou transports amoureux, sacralit\u00e9 intime, danses enlev\u00e9es, berceuses tendres, avec une pointe de f\u00e9\u00e9rie et parfois d\u2019espi\u00e8glerie.<\/p>\n<p style=\"text-align: justify\">Le concert sera ponctu\u00e9 de pi\u00e8ces de musique de chambre interpr\u00e9t\u00e9es par des \u00e9tudiants de <a href=\"http:\/\/cmk-strasbourg.fr\/pratiques-collectives\/\" target=\"_blank\">Christian Vidal, du Centre musical de la Krutenau<\/a>.<\/p>\n<p>Concert au profit de l&rsquo;<a href=\"https:\/\/www.facebook.com\/vaincrelamuco.alsace\/\" target=\"_blank\">association Vaincre la mucoviscidose &#8211; Alsace<\/a><\/p>\n<p style=\"text-align: justify\"><span style=\"font-size: 18pt\"><img loading=\"lazy\" decoding=\"async\" class=\"alignleft wp-image-464 size-full\" src=\"http:\/\/azqs.com\/adlibitum\/files\/2016\/11\/treble-clef-xl.png\" width=\"64\" height=\"64\" \/><\/span><span style=\"font-size: 10pt\">Nous avons chant\u00e9 :\u00a0\u00a0E. Grieg, H. Alfv\u00e9n, W. Stenhammar, O.F. Tullberg, W. Peterson-Berger, K. Nystedt, T. Kuula, V. Tormis, L. Gar\u016bta, et R. Vaughn Williams.<\/span><\/p>\n<p><span style=\"font-size: 10pt\"><span style=\"text-decoration: underline\"><img loading=\"lazy\" decoding=\"async\" class=\"alignleft wp-image-459 size-full\" src=\"http:\/\/azqs.com\/adlibitum\/files\/2016\/11\/bell-lyre-xl.png\" width=\"64\" height=\"64\" \/>Les choristes des concerts :<br \/>\n<\/span>Sopranes : Mireille Hamann &#8211; Claudia Montevecchi &#8211; Sophie Muller &#8211; Aur\u00e9lie Reveillaud &#8211; Roselyne Saettler<br \/>\nAltos : V\u00e9ronique Bertholle &#8211; Cecile Coyez &#8211; Magdalena Hadjisky &#8211; Ma\u00efa Henry &#8211; H\u00e9l\u00e8ne Jacquot &#8211; Dominique Lorphelin<br \/>\nT\u00e9nors : Bernard Aghina &#8211; Julien Nortier &#8211; Nicolas Ribstein &#8211; Nathana\u00ebl Zarca<br \/>\nBasses : Claude Gerling &#8211; Fran\u00e7ois Rolin &#8211; Thomas Saettler &#8211; Bruno Schima &#8211; Jean-Marie Schott<span style=\"text-decoration: underline\"><br \/>\n<\/span><\/span><\/p>\n<p>&nbsp;<\/p>\n","protected":false},"excerpt":{"rendered":"<p>La saison 2017-2018 s&rsquo;est conclue par plusieurs concerts D&rsquo;autres rivages sous la direction de Delphine LE VARAT Pour ce concert, le Choeur Ad libitum vous invite \u00e0 parcourir la richesse du r\u00e9pertoire septentrional, des \u00eeles britanniques jusqu\u2019\u00e0 la mer Baltique, en passant par la Scandinavie. Autant de pays et de r\u00e9gions qui ont connu au&hellip;<\/p>\n","protected":false},"author":309,"featured_media":0,"comment_status":"closed","ping_status":"closed","sticky":false,"template":"","format":"standard","meta":{"footnotes":""},"categories":[6],"tags":[],"class_list":["post-769","post","type-post","status-publish","format-standard","hentry","category-saisons"],"_links":{"self":[{"href":"https:\/\/azqs.com\/adlibitum\/wp-json\/wp\/v2\/posts\/769"}],"collection":[{"href":"https:\/\/azqs.com\/adlibitum\/wp-json\/wp\/v2\/posts"}],"about":[{"href":"https:\/\/azqs.com\/adlibitum\/wp-json\/wp\/v2\/types\/post"}],"author":[{"embeddable":true,"href":"https:\/\/azqs.com\/adlibitum\/wp-json\/wp\/v2\/users\/309"}],"replies":[{"embeddable":true,"href":"https:\/\/azqs.com\/adlibitum\/wp-json\/wp\/v2\/comments?post=769"}],"version-history":[{"count":5,"href":"https:\/\/azqs.com\/adlibitum\/wp-json\/wp\/v2\/posts\/769\/revisions"}],"predecessor-version":[{"id":784,"href":"https:\/\/azqs.com\/adlibitum\/wp-json\/wp\/v2\/posts\/769\/revisions\/784"}],"wp:attachment":[{"href":"https:\/\/azqs.com\/adlibitum\/wp-json\/wp\/v2\/media?parent=769"}],"wp:term":[{"taxonomy":"category","embeddable":true,"href":"https:\/\/azqs.com\/adlibitum\/wp-json\/wp\/v2\/categories?post=769"},{"taxonomy":"post_tag","embeddable":true,"href":"https:\/\/azqs.com\/adlibitum\/wp-json\/wp\/v2\/tags?post=769"}],"curies":[{"name":"wp","href":"https:\/\/api.w.org\/{rel}","templated":true}]}}