{"id":697,"date":"2017-06-02T17:00:09","date_gmt":"2017-06-02T15:00:09","guid":{"rendered":"http:\/\/azqs.com\/adlibitum\/?p=697"},"modified":"2018-05-01T10:12:16","modified_gmt":"2018-05-01T08:12:16","slug":"saison-2016-2017","status":"publish","type":"post","link":"https:\/\/azqs.com\/adlibitum\/saison-2016-2017\/","title":{"rendered":"Saison 2016-2017"},"content":{"rendered":"<p><span style=\"font-size: 10pt\">La saison 2016-2017 s&rsquo;est conclue par plusieurs concerts\u00a0<\/span><strong>Rythms and songs<\/strong><\/p>\n<p><span class=\"fontstyle0\"><img loading=\"lazy\" decoding=\"async\" class=\"alignleft wp-image-467\" src=\"http:\/\/azqs.com\/adlibitum\/files\/2016\/11\/music-conduktor-xl.png\" alt=\"music-conduktor-xl\" width=\"50\" height=\"50\" \/><\/span><\/p>\n<p>sous la direction de <a href=\"http:\/\/azqs.com\/adlibitum\/cheffe-de-choeur\/\">Delphine LE VARAT<\/a><\/p>\n<p style=\"text-align: justify\"><a href=\"http:\/\/azqs.com\/adlibitum\/files\/2017\/06\/20170610-affiche_Eckbolsheim.jpg\"><img loading=\"lazy\" decoding=\"async\" class=\"alignright size-medium wp-image-698\" src=\"http:\/\/azqs.com\/adlibitum\/files\/2017\/06\/20170610-affiche_Eckbolsheim-212x300.jpg\" alt=\"20170610 affiche_Eckbolsheim\" width=\"212\" height=\"300\" srcset=\"https:\/\/azqs.com\/adlibitum\/files\/2017\/06\/20170610-affiche_Eckbolsheim-212x300.jpg 212w, https:\/\/azqs.com\/adlibitum\/files\/2017\/06\/20170610-affiche_Eckbolsheim-250x354.jpg 250w, https:\/\/azqs.com\/adlibitum\/files\/2017\/06\/20170610-affiche_Eckbolsheim.jpg 592w\" sizes=\"(max-width: 212px) 100vw, 212px\" \/><\/a>Venez d\u00e9couvrir le programme 2017 du Choeur &lsquo;Ad Libitum&rsquo; qui pulse comme jamais, avec un joli bouquet de tangos (Gardel, Piazzola), de standards de \u00a0jazz (All of me, Blue Skies\u2026), de spirituals (Elijah Rock) et en prime le fameux \u00a0\u00bb Chili con carne\u00a0\u00bb, morceau de bravoure du quintet vocal su\u00e9dois The Real Group !<\/p>\n<p style=\"text-align: justify\">Est associ\u00e9 pour l&rsquo;occasion le trio vocal &lsquo;Solo Six&rsquo; qui revisitera, a capella ou accompagn\u00e9, des chansons populaires jazz, swing, bossa et des \u00eeles, des r\u00e9pertoires d&rsquo;Ella Fitzgerald \u00e0 Paul Simon en passant par Fred Astaire, Harry Belafonte, Antonio Carlos Jobim et Frank Sinatra.<\/p>\n<p style=\"text-align: justify\"><span style=\"font-size: 18pt\"><img loading=\"lazy\" decoding=\"async\" class=\"alignleft wp-image-464 size-full\" src=\"http:\/\/azqs.com\/adlibitum\/files\/2016\/11\/treble-clef-xl.png\" width=\"64\" height=\"64\" \/><\/span><span style=\"font-size: 10pt\">Nous avons chant\u00e9 : <span class=\"fontstyle0\"><strong>All of me<\/strong> arrang\u00e9 par E. Kullberg &#8211; <strong>El Dia Que Me Quieras<\/strong> de A. Le Pera &#8211; <strong>La Muerte del Angel<\/strong> de A. Piazzolla &#8211; <strong>Blue Skies<\/strong> de I. Berlin &#8211; <strong>Elijah Rock<\/strong> de J. Hairston &#8211; <strong>Chili Con Carne<\/strong> arrang\u00e9 par A. Edenroth &#8211; <strong>Mack the Knife<\/strong> arrang\u00e9 par R. Robinson<\/span><\/span><\/p>\n<p><span style=\"font-size: 10pt\"><span style=\"text-decoration: underline\"><img loading=\"lazy\" decoding=\"async\" class=\"alignleft wp-image-459 size-full\" src=\"http:\/\/azqs.com\/adlibitum\/files\/2016\/11\/bell-lyre-xl.png\" width=\"64\" height=\"64\" \/>Les choristes des concerts :<br \/>\n<\/span><a href=\"http:\/\/azqs.com\/adlibitum\/files\/2016\/12\/20161211sopranes.jpg\"><strong>Sopranes<\/strong> <\/a>: Mireille Hamann &#8211; Sophie Muller &#8211; Roselyne Saettler &#8211; Sylvie Vadon<br \/>\n<\/span><span style=\"font-size: 10pt\"><a href=\"http:\/\/azqs.com\/adlibitum\/files\/2016\/12\/20161211altos.jpg\"><strong>Altos<\/strong> <\/a>: V\u00e9ronique Bertholle &#8211; Magdalena Hadjisky &#8211; Ma\u00efa Henry <\/span><span style=\"font-size: 10pt\">&#8211; Dominique Lorphelin<br \/>\n<a href=\"http:\/\/azqs.com\/adlibitum\/files\/2016\/12\/20161211tenor.jpg\"><strong>T\u00e9nors<\/strong> <\/a>: Bernard Aghina &#8211; Julien Nortier &#8211; Nicolas Ribstein &#8211; Nathana\u00ebl Zarca<br \/>\n<\/span><span style=\"font-size: 10pt\"><a href=\"http:\/\/azqs.com\/adlibitum\/files\/2016\/12\/20161211basse.jpg\"><strong>Basses<\/strong> <\/a>: Claude Gerling &#8211; Fran\u00e7ois Rolin &#8211; Thomas Saettler &#8211; Bruno Schima &#8211; Jean-Marie Schott<\/span><\/p>\n<p style=\"text-align: right\"><a href=\"http:\/\/azqs.com\/adlibitum\/2017\/07\/photos-du-2-juillet-2017\/\">quelques photos du concert du 2 juillet 2017<\/a><\/p>\n","protected":false},"excerpt":{"rendered":"<p>La saison 2016-2017 s&rsquo;est conclue par plusieurs concerts\u00a0Rythms and songs sous la direction de Delphine LE VARAT Venez d\u00e9couvrir le programme 2017 du Choeur &lsquo;Ad Libitum&rsquo; qui pulse comme jamais, avec un joli bouquet de tangos (Gardel, Piazzola), de standards de \u00a0jazz (All of me, Blue Skies\u2026), de spirituals (Elijah Rock) et en prime le&hellip;<\/p>\n","protected":false},"author":309,"featured_media":0,"comment_status":"closed","ping_status":"closed","sticky":false,"template":"","format":"standard","meta":{"footnotes":""},"categories":[6],"tags":[33,34,36,35,32,37],"class_list":["post-697","post","type-post","status-publish","format-standard","hentry","category-saisons","tag-all-of-me","tag-blue-skies","tag-chili-con-carne","tag-elijah-rock","tag-gardel","tag-the-real-group"],"_links":{"self":[{"href":"https:\/\/azqs.com\/adlibitum\/wp-json\/wp\/v2\/posts\/697"}],"collection":[{"href":"https:\/\/azqs.com\/adlibitum\/wp-json\/wp\/v2\/posts"}],"about":[{"href":"https:\/\/azqs.com\/adlibitum\/wp-json\/wp\/v2\/types\/post"}],"author":[{"embeddable":true,"href":"https:\/\/azqs.com\/adlibitum\/wp-json\/wp\/v2\/users\/309"}],"replies":[{"embeddable":true,"href":"https:\/\/azqs.com\/adlibitum\/wp-json\/wp\/v2\/comments?post=697"}],"version-history":[{"count":5,"href":"https:\/\/azqs.com\/adlibitum\/wp-json\/wp\/v2\/posts\/697\/revisions"}],"predecessor-version":[{"id":777,"href":"https:\/\/azqs.com\/adlibitum\/wp-json\/wp\/v2\/posts\/697\/revisions\/777"}],"wp:attachment":[{"href":"https:\/\/azqs.com\/adlibitum\/wp-json\/wp\/v2\/media?parent=697"}],"wp:term":[{"taxonomy":"category","embeddable":true,"href":"https:\/\/azqs.com\/adlibitum\/wp-json\/wp\/v2\/categories?post=697"},{"taxonomy":"post_tag","embeddable":true,"href":"https:\/\/azqs.com\/adlibitum\/wp-json\/wp\/v2\/tags?post=697"}],"curies":[{"name":"wp","href":"https:\/\/api.w.org\/{rel}","templated":true}]}}