{"id":601,"date":"2016-09-01T12:00:32","date_gmt":"2016-09-01T10:00:32","guid":{"rendered":"http:\/\/azqs.com\/adlibitum\/?p=601"},"modified":"2017-04-01T19:54:52","modified_gmt":"2017-04-01T17:54:52","slug":"anciennes-saisons","status":"publish","type":"post","link":"https:\/\/azqs.com\/adlibitum\/anciennes-saisons\/","title":{"rendered":"Affiches des anciennes saisons"},"content":{"rendered":"<table>\n<tbody>\n<tr>\n<td><img loading=\"lazy\" decoding=\"async\" class=\"alignleft size-medium wp-image-599\" src=\"http:\/\/azqs.com\/adlibitum\/files\/2017\/04\/2014-2015-affiche-concerts-juillet-2015-212x300.jpg\" alt=\"2014-2015-affiche-concerts-juillet-2015\" width=\"212\" height=\"300\" srcset=\"https:\/\/azqs.com\/adlibitum\/files\/2017\/04\/2014-2015-affiche-concerts-juillet-2015-212x300.jpg 212w, https:\/\/azqs.com\/adlibitum\/files\/2017\/04\/2014-2015-affiche-concerts-juillet-2015-768x1087.jpg 768w, https:\/\/azqs.com\/adlibitum\/files\/2017\/04\/2014-2015-affiche-concerts-juillet-2015-724x1024.jpg 724w, https:\/\/azqs.com\/adlibitum\/files\/2017\/04\/2014-2015-affiche-concerts-juillet-2015-600x849.jpg 600w, https:\/\/azqs.com\/adlibitum\/files\/2017\/04\/2014-2015-affiche-concerts-juillet-2015-250x354.jpg 250w, https:\/\/azqs.com\/adlibitum\/files\/2017\/04\/2014-2015-affiche-concerts-juillet-2015.jpg 1753w\" sizes=\"(max-width: 212px) 100vw, 212px\" \/><\/td>\n<td>juin 2015 : Tchin<\/p>\n<p>le ch\u0153ur ad libitum f\u00eate ses 20 ans<\/td>\n<\/tr>\n<tr>\n<td><img loading=\"lazy\" decoding=\"async\" class=\"alignleft size-medium wp-image-598\" src=\"http:\/\/azqs.com\/adlibitum\/files\/2017\/04\/2014-2015-affiche-concert-decembre-2014-212x300.jpg\" alt=\"2014-2015-affiche-concert-decembre-2014\" width=\"212\" height=\"300\" srcset=\"https:\/\/azqs.com\/adlibitum\/files\/2017\/04\/2014-2015-affiche-concert-decembre-2014-212x300.jpg 212w, https:\/\/azqs.com\/adlibitum\/files\/2017\/04\/2014-2015-affiche-concert-decembre-2014-768x1086.jpg 768w, https:\/\/azqs.com\/adlibitum\/files\/2017\/04\/2014-2015-affiche-concert-decembre-2014-724x1024.jpg 724w, https:\/\/azqs.com\/adlibitum\/files\/2017\/04\/2014-2015-affiche-concert-decembre-2014-600x849.jpg 600w, https:\/\/azqs.com\/adlibitum\/files\/2017\/04\/2014-2015-affiche-concert-decembre-2014-250x354.jpg 250w\" sizes=\"(max-width: 212px) 100vw, 212px\" \/><\/td>\n<td>d\u00e9cembre 2014 : Voyage en terre baroque<\/td>\n<\/tr>\n<tr>\n<td><img loading=\"lazy\" decoding=\"async\" class=\"alignleft size-medium wp-image-597\" src=\"http:\/\/azqs.com\/adlibitum\/files\/2017\/04\/2012-2013-affiche-concerts-mai-2013-221x300.jpg\" alt=\"2012-2013-affiche-concerts-mai-2013\" width=\"221\" height=\"300\" srcset=\"https:\/\/azqs.com\/adlibitum\/files\/2017\/04\/2012-2013-affiche-concerts-mai-2013-221x300.jpg 221w, https:\/\/azqs.com\/adlibitum\/files\/2017\/04\/2012-2013-affiche-concerts-mai-2013-768x1045.jpg 768w, https:\/\/azqs.com\/adlibitum\/files\/2017\/04\/2012-2013-affiche-concerts-mai-2013-753x1024.jpg 753w, https:\/\/azqs.com\/adlibitum\/files\/2017\/04\/2012-2013-affiche-concerts-mai-2013-600x816.jpg 600w, https:\/\/azqs.com\/adlibitum\/files\/2017\/04\/2012-2013-affiche-concerts-mai-2013-250x340.jpg 250w, https:\/\/azqs.com\/adlibitum\/files\/2017\/04\/2012-2013-affiche-concerts-mai-2013.jpg 819w\" sizes=\"(max-width: 221px) 100vw, 221px\" \/><\/td>\n<td>2013 : la grande travers\u00e9e<\/td>\n<\/tr>\n<tr>\n<td><img loading=\"lazy\" decoding=\"async\" class=\"alignleft size-medium wp-image-596\" src=\"http:\/\/azqs.com\/adlibitum\/files\/2017\/04\/2011-affiche-concert-mai-2011-212x300.jpg\" alt=\"2011-affiche-concert-mai-2011\" width=\"212\" height=\"300\" srcset=\"https:\/\/azqs.com\/adlibitum\/files\/2017\/04\/2011-affiche-concert-mai-2011-212x300.jpg 212w, https:\/\/azqs.com\/adlibitum\/files\/2017\/04\/2011-affiche-concert-mai-2011.jpg 724w, https:\/\/azqs.com\/adlibitum\/files\/2017\/04\/2011-affiche-concert-mai-2011-600x849.jpg 600w, https:\/\/azqs.com\/adlibitum\/files\/2017\/04\/2011-affiche-concert-mai-2011-250x354.jpg 250w\" sizes=\"(max-width: 212px) 100vw, 212px\" \/><\/td>\n<td>2011 : reprise de Reflets sacr\u00e9s<\/td>\n<\/tr>\n<tr>\n<td><a href=\"http:\/\/azqs.com\/adlibitum\/files\/2017\/04\/2011-2012-affiche-concerts-juin-2012.jpg\"><img loading=\"lazy\" decoding=\"async\" class=\"alignleft size-medium wp-image-586\" src=\"http:\/\/azqs.com\/adlibitum\/files\/2017\/04\/2011-2012-affiche-concerts-juin-2012-212x300.jpg\" alt=\"2011-2012-affiche-concerts-juin-2012\" width=\"212\" height=\"300\" srcset=\"https:\/\/azqs.com\/adlibitum\/files\/2017\/04\/2011-2012-affiche-concerts-juin-2012-212x300.jpg 212w, https:\/\/azqs.com\/adlibitum\/files\/2017\/04\/2011-2012-affiche-concerts-juin-2012-250x353.jpg 250w, https:\/\/azqs.com\/adlibitum\/files\/2017\/04\/2011-2012-affiche-concerts-juin-2012.jpg 453w\" sizes=\"(max-width: 212px) 100vw, 212px\" \/><\/a><\/td>\n<td>2012 : Il \u00e9tait une fois dans l&rsquo;est&#8230;<\/td>\n<\/tr>\n<tr>\n<td><img loading=\"lazy\" decoding=\"async\" class=\"alignleft size-medium wp-image-593\" src=\"http:\/\/azqs.com\/adlibitum\/files\/2017\/04\/2010-2011-affiche-concerts-mai-2011-215x300.jpg\" alt=\"2010-2011-affiche-concerts-mai-2011\" width=\"215\" height=\"300\" srcset=\"https:\/\/azqs.com\/adlibitum\/files\/2017\/04\/2010-2011-affiche-concerts-mai-2011-215x300.jpg 215w, https:\/\/azqs.com\/adlibitum\/files\/2017\/04\/2010-2011-affiche-concerts-mai-2011-768x1072.jpg 768w, https:\/\/azqs.com\/adlibitum\/files\/2017\/04\/2010-2011-affiche-concerts-mai-2011-734x1024.jpg 734w, https:\/\/azqs.com\/adlibitum\/files\/2017\/04\/2010-2011-affiche-concerts-mai-2011-600x837.jpg 600w, https:\/\/azqs.com\/adlibitum\/files\/2017\/04\/2010-2011-affiche-concerts-mai-2011-250x349.jpg 250w, https:\/\/azqs.com\/adlibitum\/files\/2017\/04\/2010-2011-affiche-concerts-mai-2011.jpg 819w\" sizes=\"(max-width: 215px) 100vw, 215px\" \/><\/td>\n<td>2011 : couleur m\u00e9diterran\u00e9e<\/td>\n<\/tr>\n<tr>\n<td><img loading=\"lazy\" decoding=\"async\" class=\"alignleft size-medium wp-image-592\" src=\"http:\/\/azqs.com\/adlibitum\/files\/2017\/04\/2009-2010-affiche-concerts-mai-juin-2010-212x300.jpg\" alt=\"2009-2010-affiche-concerts-mai-juin-2010\" width=\"212\" height=\"300\" srcset=\"https:\/\/azqs.com\/adlibitum\/files\/2017\/04\/2009-2010-affiche-concerts-mai-juin-2010-212x300.jpg 212w, https:\/\/azqs.com\/adlibitum\/files\/2017\/04\/2009-2010-affiche-concerts-mai-juin-2010.jpg 724w, https:\/\/azqs.com\/adlibitum\/files\/2017\/04\/2009-2010-affiche-concerts-mai-juin-2010-600x849.jpg 600w, https:\/\/azqs.com\/adlibitum\/files\/2017\/04\/2009-2010-affiche-concerts-mai-juin-2010-250x354.jpg 250w\" sizes=\"(max-width: 212px) 100vw, 212px\" \/><\/td>\n<td>2010 : Reflets sacr\u00e9s<\/td>\n<\/tr>\n<tr>\n<td><img loading=\"lazy\" decoding=\"async\" class=\"alignleft size-medium wp-image-591\" src=\"http:\/\/azqs.com\/adlibitum\/files\/2017\/04\/2008-2009-affiche-concerts-juin-2009-212x300.jpg\" alt=\"2008-2009-affiche-concerts-juin-2009\" width=\"212\" height=\"300\" srcset=\"https:\/\/azqs.com\/adlibitum\/files\/2017\/04\/2008-2009-affiche-concerts-juin-2009-212x300.jpg 212w, https:\/\/azqs.com\/adlibitum\/files\/2017\/04\/2008-2009-affiche-concerts-juin-2009-768x1087.jpg 768w, https:\/\/azqs.com\/adlibitum\/files\/2017\/04\/2008-2009-affiche-concerts-juin-2009-724x1024.jpg 724w, https:\/\/azqs.com\/adlibitum\/files\/2017\/04\/2008-2009-affiche-concerts-juin-2009-600x849.jpg 600w, https:\/\/azqs.com\/adlibitum\/files\/2017\/04\/2008-2009-affiche-concerts-juin-2009-250x354.jpg 250w, https:\/\/azqs.com\/adlibitum\/files\/2017\/04\/2008-2009-affiche-concerts-juin-2009.jpg 1752w\" sizes=\"(max-width: 212px) 100vw, 212px\" \/><\/td>\n<td>2009 : un peu&#8230; beaucoup&#8230; passionn\u00e9ment<\/td>\n<\/tr>\n<tr>\n<td><img loading=\"lazy\" decoding=\"async\" class=\"alignleft size-medium wp-image-590\" src=\"http:\/\/azqs.com\/adlibitum\/files\/2017\/04\/2007-2008-affiche-concerts-juin-2008-225x300.jpg\" alt=\"2007-2008-affiche-concerts-juin-2008\" width=\"225\" height=\"300\" srcset=\"https:\/\/azqs.com\/adlibitum\/files\/2017\/04\/2007-2008-affiche-concerts-juin-2008-225x300.jpg 225w, https:\/\/azqs.com\/adlibitum\/files\/2017\/04\/2007-2008-affiche-concerts-juin-2008.jpg 768w, https:\/\/azqs.com\/adlibitum\/files\/2017\/04\/2007-2008-affiche-concerts-juin-2008-600x800.jpg 600w, https:\/\/azqs.com\/adlibitum\/files\/2017\/04\/2007-2008-affiche-concerts-juin-2008-250x333.jpg 250w\" sizes=\"(max-width: 225px) 100vw, 225px\" \/><\/td>\n<td>2008 : Im Schatten des Waldes<\/td>\n<\/tr>\n<tr>\n<td><img loading=\"lazy\" decoding=\"async\" class=\"alignleft size-medium wp-image-589\" src=\"http:\/\/azqs.com\/adlibitum\/files\/2017\/04\/2007-2008-affiche-concerts-janvier-2008-300x212.jpg\" alt=\"2007-2008-affiche-concerts-janvier-2008\" width=\"300\" height=\"212\" srcset=\"https:\/\/azqs.com\/adlibitum\/files\/2017\/04\/2007-2008-affiche-concerts-janvier-2008-300x212.jpg 300w, https:\/\/azqs.com\/adlibitum\/files\/2017\/04\/2007-2008-affiche-concerts-janvier-2008-768x544.jpg 768w, https:\/\/azqs.com\/adlibitum\/files\/2017\/04\/2007-2008-affiche-concerts-janvier-2008.jpg 1024w, https:\/\/azqs.com\/adlibitum\/files\/2017\/04\/2007-2008-affiche-concerts-janvier-2008-600x425.jpg 600w, https:\/\/azqs.com\/adlibitum\/files\/2017\/04\/2007-2008-affiche-concerts-janvier-2008-250x177.jpg 250w, https:\/\/azqs.com\/adlibitum\/files\/2017\/04\/2007-2008-affiche-concerts-janvier-2008-424x300.jpg 424w\" sizes=\"(max-width: 300px) 100vw, 300px\" \/><\/td>\n<td>2008 : \u00e9chos du monde, battements de ch\u0153ur<\/td>\n<\/tr>\n<tr>\n<td><img loading=\"lazy\" decoding=\"async\" class=\"alignleft size-medium wp-image-588\" src=\"http:\/\/azqs.com\/adlibitum\/files\/2017\/04\/2006-2007-affiche-concerts-mars-avril-2007-212x300.jpg\" alt=\"2006-2007-affiche-concerts-mars-avril-2007\" width=\"212\" height=\"300\" srcset=\"https:\/\/azqs.com\/adlibitum\/files\/2017\/04\/2006-2007-affiche-concerts-mars-avril-2007-212x300.jpg 212w, https:\/\/azqs.com\/adlibitum\/files\/2017\/04\/2006-2007-affiche-concerts-mars-avril-2007.jpg 724w, https:\/\/azqs.com\/adlibitum\/files\/2017\/04\/2006-2007-affiche-concerts-mars-avril-2007-600x849.jpg 600w, https:\/\/azqs.com\/adlibitum\/files\/2017\/04\/2006-2007-affiche-concerts-mars-avril-2007-250x354.jpg 250w\" sizes=\"(max-width: 212px) 100vw, 212px\" \/><\/td>\n<td>2007 : jardins \u00e0 la fran\u00e7aise<\/td>\n<\/tr>\n<tr>\n<td><img loading=\"lazy\" decoding=\"async\" class=\"alignleft size-medium wp-image-587\" src=\"http:\/\/azqs.com\/adlibitum\/files\/2017\/04\/2005-2006-affiche-concerts-mai-2006-212x300.jpg\" alt=\"2005-2006-affiche-concerts-mai-2006\" width=\"212\" height=\"300\" srcset=\"https:\/\/azqs.com\/adlibitum\/files\/2017\/04\/2005-2006-affiche-concerts-mai-2006-212x300.jpg 212w, https:\/\/azqs.com\/adlibitum\/files\/2017\/04\/2005-2006-affiche-concerts-mai-2006.jpg 723w, https:\/\/azqs.com\/adlibitum\/files\/2017\/04\/2005-2006-affiche-concerts-mai-2006-600x850.jpg 600w, https:\/\/azqs.com\/adlibitum\/files\/2017\/04\/2005-2006-affiche-concerts-mai-2006-250x354.jpg 250w\" sizes=\"(max-width: 212px) 100vw, 212px\" \/><\/td>\n<td>2006 : longitude 20\u00b0 est<\/td>\n<\/tr>\n<tr>\n<td><img loading=\"lazy\" decoding=\"async\" class=\"alignleft size-medium wp-image-585\" src=\"http:\/\/azqs.com\/adlibitum\/files\/2017\/04\/2004-2005-affiche-concerts-mai-juin-2005-212x300.jpg\" alt=\"2004-2005-affiche-concerts-mai-juin-2005\" width=\"212\" height=\"300\" srcset=\"https:\/\/azqs.com\/adlibitum\/files\/2017\/04\/2004-2005-affiche-concerts-mai-juin-2005-212x300.jpg 212w, https:\/\/azqs.com\/adlibitum\/files\/2017\/04\/2004-2005-affiche-concerts-mai-juin-2005.jpg 723w, https:\/\/azqs.com\/adlibitum\/files\/2017\/04\/2004-2005-affiche-concerts-mai-juin-2005-600x850.jpg 600w, https:\/\/azqs.com\/adlibitum\/files\/2017\/04\/2004-2005-affiche-concerts-mai-juin-2005-250x354.jpg 250w\" sizes=\"(max-width: 212px) 100vw, 212px\" \/><\/td>\n<td>2005 : And so it goes<\/td>\n<\/tr>\n<tr>\n<td><a href=\"http:\/\/azqs.com\/adlibitum\/files\/2017\/04\/2003-2004-affiche-concerts-juin-2004.jpg\"><img loading=\"lazy\" decoding=\"async\" class=\"alignleft size-medium wp-image-594\" src=\"http:\/\/azqs.com\/adlibitum\/files\/2017\/04\/2003-2004-affiche-concerts-juin-2004-213x300.jpg\" alt=\"2003-2004-affiche-concerts-juin-2004\" width=\"213\" height=\"300\" srcset=\"https:\/\/azqs.com\/adlibitum\/files\/2017\/04\/2003-2004-affiche-concerts-juin-2004-213x300.jpg 213w, https:\/\/azqs.com\/adlibitum\/files\/2017\/04\/2003-2004-affiche-concerts-juin-2004.jpg 726w, https:\/\/azqs.com\/adlibitum\/files\/2017\/04\/2003-2004-affiche-concerts-juin-2004-600x846.jpg 600w, https:\/\/azqs.com\/adlibitum\/files\/2017\/04\/2003-2004-affiche-concerts-juin-2004-250x353.jpg 250w\" sizes=\"(max-width: 213px) 100vw, 213px\" \/><\/a><\/td>\n<td>2004 : Songes de Glace<\/td>\n<\/tr>\n<\/tbody>\n<\/table>\n<p><img loading=\"lazy\" decoding=\"async\" class=\"alignleft size-medium wp-image-600\" src=\"http:\/\/azqs.com\/adlibitum\/files\/2017\/04\/affiche-212x300.jpg\" alt=\"affiche\" width=\"212\" height=\"300\" srcset=\"https:\/\/azqs.com\/adlibitum\/files\/2017\/04\/affiche-212x300.jpg 212w, https:\/\/azqs.com\/adlibitum\/files\/2017\/04\/affiche-768x1086.jpg 768w, https:\/\/azqs.com\/adlibitum\/files\/2017\/04\/affiche-724x1024.jpg 724w, https:\/\/azqs.com\/adlibitum\/files\/2017\/04\/affiche-600x849.jpg 600w, https:\/\/azqs.com\/adlibitum\/files\/2017\/04\/affiche-250x354.jpg 250w, https:\/\/azqs.com\/adlibitum\/files\/2017\/04\/affiche.jpg 1240w\" sizes=\"(max-width: 212px) 100vw, 212px\" \/><\/p>\n","protected":false},"excerpt":{"rendered":"<p>juin 2015 : Tchin le ch\u0153ur ad libitum f\u00eate ses 20 ans d\u00e9cembre 2014 : Voyage en terre baroque 2013 : la grande travers\u00e9e 2011 : reprise de Reflets sacr\u00e9s 2012 : Il \u00e9tait une fois dans l&rsquo;est&#8230; 2011 : couleur m\u00e9diterran\u00e9e 2010 : Reflets sacr\u00e9s 2009 : un peu&#8230; beaucoup&#8230; passionn\u00e9ment 2008 : Im&hellip;<\/p>\n","protected":false},"author":309,"featured_media":0,"comment_status":"closed","ping_status":"closed","sticky":false,"template":"","format":"standard","meta":{"footnotes":""},"categories":[6],"tags":[],"class_list":["post-601","post","type-post","status-publish","format-standard","hentry","category-saisons"],"_links":{"self":[{"href":"https:\/\/azqs.com\/adlibitum\/wp-json\/wp\/v2\/posts\/601"}],"collection":[{"href":"https:\/\/azqs.com\/adlibitum\/wp-json\/wp\/v2\/posts"}],"about":[{"href":"https:\/\/azqs.com\/adlibitum\/wp-json\/wp\/v2\/types\/post"}],"author":[{"embeddable":true,"href":"https:\/\/azqs.com\/adlibitum\/wp-json\/wp\/v2\/users\/309"}],"replies":[{"embeddable":true,"href":"https:\/\/azqs.com\/adlibitum\/wp-json\/wp\/v2\/comments?post=601"}],"version-history":[{"count":4,"href":"https:\/\/azqs.com\/adlibitum\/wp-json\/wp\/v2\/posts\/601\/revisions"}],"predecessor-version":[{"id":605,"href":"https:\/\/azqs.com\/adlibitum\/wp-json\/wp\/v2\/posts\/601\/revisions\/605"}],"wp:attachment":[{"href":"https:\/\/azqs.com\/adlibitum\/wp-json\/wp\/v2\/media?parent=601"}],"wp:term":[{"taxonomy":"category","embeddable":true,"href":"https:\/\/azqs.com\/adlibitum\/wp-json\/wp\/v2\/categories?post=601"},{"taxonomy":"post_tag","embeddable":true,"href":"https:\/\/azqs.com\/adlibitum\/wp-json\/wp\/v2\/tags?post=601"}],"curies":[{"name":"wp","href":"https:\/\/api.w.org\/{rel}","templated":true}]}}