{"id":53,"date":"2016-10-15T12:00:53","date_gmt":"2016-10-15T10:00:53","guid":{"rendered":"http:\/\/azqs.com\/adlibitum\/?p=53"},"modified":"2017-04-01T18:44:12","modified_gmt":"2017-04-01T16:44:12","slug":"programme-2015-2016","status":"publish","type":"post","link":"https:\/\/azqs.com\/adlibitum\/programme-2015-2016\/","title":{"rendered":"Saison 2015-2016"},"content":{"rendered":"<p><span style=\"font-size: 10pt\">La saison 2015-2016 s&rsquo;est conclue par plusieurs concerts <\/span><strong>Sous les \u00e9toiles<\/strong><\/p>\n<p><span class=\"fontstyle0\"><img loading=\"lazy\" decoding=\"async\" class=\"alignleft wp-image-467\" src=\"http:\/\/azqs.com\/adlibitum\/files\/2016\/11\/music-conduktor-xl.png\" alt=\"music-conduktor-xl\" width=\"50\" height=\"50\" \/>sous la direction de <a href=\"http:\/\/azqs.com\/adlibitum\/cheffe-de-choeur\/\">Delphine LE VARAT <\/a>avec Emma PUJOL, mezzo-soprano et Pablo CANALES au piano.<\/span><\/p>\n<p><a href=\"http:\/\/azqs.com\/adlibitum\/files\/2016\/12\/2016-affiche-Sous-les-etoiles2.jpg\"><img loading=\"lazy\" decoding=\"async\" class=\"aligncenter wp-image-236 size-medium\" src=\"http:\/\/azqs.com\/adlibitum\/files\/2016\/12\/2016-affiche-Sous-les-etoiles2-300x212.jpg\" alt=\"2016-affiche-sous-les-etoiles2\" width=\"300\" height=\"212\" srcset=\"https:\/\/azqs.com\/adlibitum\/files\/2016\/12\/2016-affiche-Sous-les-etoiles2-300x212.jpg 300w, https:\/\/azqs.com\/adlibitum\/files\/2016\/12\/2016-affiche-Sous-les-etoiles2-768x543.jpg 768w, https:\/\/azqs.com\/adlibitum\/files\/2016\/12\/2016-affiche-Sous-les-etoiles2-1024x724.jpg 1024w, https:\/\/azqs.com\/adlibitum\/files\/2016\/12\/2016-affiche-Sous-les-etoiles2-600x424.jpg 600w, https:\/\/azqs.com\/adlibitum\/files\/2016\/12\/2016-affiche-Sous-les-etoiles2-250x177.jpg 250w, https:\/\/azqs.com\/adlibitum\/files\/2016\/12\/2016-affiche-Sous-les-etoiles2-424x300.jpg 424w, https:\/\/azqs.com\/adlibitum\/files\/2016\/12\/2016-affiche-Sous-les-etoiles2.jpg 1754w\" sizes=\"(max-width: 300px) 100vw, 300px\" \/><\/a><\/p>\n<table style=\"width: 718px;height: 247px\">\n<tbody>\n<tr>\n<td style=\"width: 328.767px\">[weaver_iframe percent=100 height=200 src=\u00a0\u00bbhttps:\/\/www.youtube.com\/embed\/M7foXsmb7lw\u00a0\u00bb][\/weaver_iframe]<\/td>\n<td style=\"width: 344.233px\">[weaver_iframe percent=100 height=200 src=\u00a0\u00bbhttps:\/\/www.youtube.com\/embed\/5oT2PtlJgsc\u00a0\u00bb allowfullscreen][\/weaver_iframe]<\/td>\n<\/tr>\n<\/tbody>\n<\/table>\n<p style=\"text-align: right\"><a href=\"https:\/\/www.youtube.com\/channel\/UCF_w3HBeZO-Xz53o9d65zhw\" target=\"_blank\">plus de vid\u00e9os disponibles sur notre cha\u00eene youtube<\/a>.<\/p>\n<p><span style=\"font-size: 10pt\"><img loading=\"lazy\" decoding=\"async\" class=\"alignleft wp-image-464 size-full\" src=\"http:\/\/azqs.com\/adlibitum\/files\/2016\/11\/treble-clef-xl.png\" width=\"64\" height=\"64\" \/>Nous avons chant\u00e9 : <span class=\"fontstyle0\"><strong>In stiller Nacht<\/strong> de <\/span><span class=\"fontstyle0\">J. BRAHMS &#8211; <\/span><span class=\"fontstyle0\"><strong>Abenlied zu Gott<\/strong> de <\/span><span class=\"fontstyle0\">J. HAYDN &#8211; <\/span><span class=\"fontstyle0\"><strong>Gjendines Badnlat<\/strong> (t<\/span><span class=\"fontstyle0\">raditionnel Norv\u00e9gien) arrang\u00e9 par G. ERIKSSON &#8211; <\/span><span class=\"fontstyle0\"><strong>Nocturnos de la Ventana<\/strong> de <\/span><span class=\"fontstyle0\">F. VILA et F. GARCIA LORCA &#8211; <\/span><strong><span class=\"fontstyle0\">Duerme Negrito <\/span><\/strong><span class=\"fontstyle0\">(traditionnel) arrang\u00e9 par E. SOLE &#8211; <\/span><span class=\"fontstyle0\"><strong>Au clair de la lune<\/strong> (<\/span><span class=\"fontstyle0\">Bossa nova) de F. DESMETS &#8211; <\/span><span class=\"fontstyle0\"><strong>Les Djinns<\/strong> de <\/span><span class=\"fontstyle0\">G. FAURE <\/span><span class=\"fontstyle0\">et <\/span><span class=\"fontstyle0\">V. HUGO &#8211; <\/span><span class=\"fontstyle0\"><strong>Abendlied<\/strong> (Bleib bei uns) de <\/span><span class=\"fontstyle0\">J. RHEINBERGER &#8211; <\/span><span class=\"fontstyle0\"><strong>St\u00e4ndchen<\/strong> (D920) de <\/span><span class=\"fontstyle0\">F. SCHUBERT &#8211; <\/span><span class=\"fontstyle0\"><strong>Barcarolle<\/strong> <\/span><span class=\"fontstyle0\">(extrait des Contes d&rsquo;Hoffmann) de J. OFFENBACH &#8211; <\/span><span class=\"fontstyle0\"><strong>Le Soleil et la Lune<\/strong> de <\/span><span class=\"fontstyle0\">Ch. TRENET arrang\u00e9 par G. VERNY &#8211; <\/span><span class=\"fontstyle0\"><strong>Sure On This Shining Night<\/strong> de <\/span><span class=\"fontstyle0\">M. LAURIDSEN et J. AGEE<\/span><\/span><\/p>\n<p style=\"text-align: center\">[soundcloud url=\u00a0\u00bbhttps:\/\/api.soundcloud.com\/playlists\/280826760&Prime; params=\u00a0\u00bbauto_play=false&amp;hide_related=false&amp;show_comments=true&amp;show_user=true&amp;show_reposts=false&amp;visual=true\u00a0\u00bb width=\u00a0\u00bb250&Prime; height=\u00a0\u00bb200&Prime; iframe=\u00a0\u00bbtrue\u00a0\u00bb \/]<\/p>\n<p style=\"text-align: right\"><a href=\"https:\/\/soundcloud.com\/user-630731245\/sets\/concerts-des-2-et-15-octobre-2016\" target=\"_blank\">\u00e9coutez le concert sur soundcloud<\/a><\/p>\n<p><span style=\"font-size: 10pt\"><span style=\"text-decoration: underline\"><img loading=\"lazy\" decoding=\"async\" class=\"alignleft wp-image-459 size-full\" src=\"http:\/\/azqs.com\/adlibitum\/files\/2016\/11\/bell-lyre-xl.png\" width=\"64\" height=\"64\" \/>Les membres du ch\u0153ur en 2015-2016 :<\/span><br \/>\n<strong>Sopranes<\/strong> : Mireille Hamann &#8211; Meriem Lelong &#8211; Sophie Muller &#8211; Dominique Nicolas &#8211; Roselyne Saettler &#8211; Sylvie Vadon<br \/>\n<strong>Altos<\/strong> : V\u00e9ronique Bertholle &#8211; Magdalena Hadjisky &#8211; Ma\u00efa Henry &#8211; <\/span><span style=\"font-size: 10pt\">Fr\u00e9d\u00e9rique Lingelser &#8211; Dominique Lorphelin<br \/>\n<strong>T\u00e9nors<\/strong> : Bernard Aghina &#8211; Julien Nortier &#8211; Olivier Vossot &#8211; Nathana\u00ebl Zarca<br \/>\n<strong>Basses<\/strong> : Fran\u00e7ois Rolin &#8211; Thomas Saettler &#8211; Bruno Schima &#8211; Jean-Marie Schott<\/span><\/p>\n<p style=\"text-align: right\"><a href=\"http:\/\/azqs.com\/adlibitum\/2016\/10\/photos-du-2-octobre-2016\/\">quelques photos du concert du 2 octobre 2016<\/a><\/p>\n","protected":false},"excerpt":{"rendered":"<p>La saison 2015-2016 s&rsquo;est conclue par plusieurs concerts Sous les \u00e9toiles sous la direction de Delphine LE VARAT avec Emma PUJOL, mezzo-soprano et Pablo CANALES au piano. [weaver_iframe percent=100 height=200 src=\u00a0\u00bbhttps:\/\/www.youtube.com\/embed\/M7foXsmb7lw\u00a0\u00bb][\/weaver_iframe] [weaver_iframe percent=100 height=200 src=\u00a0\u00bbhttps:\/\/www.youtube.com\/embed\/5oT2PtlJgsc\u00a0\u00bb allowfullscreen][\/weaver_iframe] plus de vid\u00e9os disponibles sur notre cha\u00eene youtube. Nous avons chant\u00e9 : In stiller Nacht de J. BRAHMS &#8211;&hellip;<\/p>\n","protected":false},"author":309,"featured_media":0,"comment_status":"closed","ping_status":"closed","sticky":false,"template":"","format":"standard","meta":{"footnotes":""},"categories":[6],"tags":[16,21,17,20,19,8,18],"class_list":["post-53","post","type-post","status-publish","format-standard","hentry","category-saisons","tag-brahms","tag-faure","tag-haydn","tag-lauridsen","tag-rheinberger","tag-schubert","tag-trenet"],"_links":{"self":[{"href":"https:\/\/azqs.com\/adlibitum\/wp-json\/wp\/v2\/posts\/53"}],"collection":[{"href":"https:\/\/azqs.com\/adlibitum\/wp-json\/wp\/v2\/posts"}],"about":[{"href":"https:\/\/azqs.com\/adlibitum\/wp-json\/wp\/v2\/types\/post"}],"author":[{"embeddable":true,"href":"https:\/\/azqs.com\/adlibitum\/wp-json\/wp\/v2\/users\/309"}],"replies":[{"embeddable":true,"href":"https:\/\/azqs.com\/adlibitum\/wp-json\/wp\/v2\/comments?post=53"}],"version-history":[{"count":99,"href":"https:\/\/azqs.com\/adlibitum\/wp-json\/wp\/v2\/posts\/53\/revisions"}],"predecessor-version":[{"id":608,"href":"https:\/\/azqs.com\/adlibitum\/wp-json\/wp\/v2\/posts\/53\/revisions\/608"}],"wp:attachment":[{"href":"https:\/\/azqs.com\/adlibitum\/wp-json\/wp\/v2\/media?parent=53"}],"wp:term":[{"taxonomy":"category","embeddable":true,"href":"https:\/\/azqs.com\/adlibitum\/wp-json\/wp\/v2\/categories?post=53"},{"taxonomy":"post_tag","embeddable":true,"href":"https:\/\/azqs.com\/adlibitum\/wp-json\/wp\/v2\/tags?post=53"}],"curies":[{"name":"wp","href":"https:\/\/api.w.org\/{rel}","templated":true}]}}