{"id":399,"date":"2016-12-11T16:00:54","date_gmt":"2016-12-11T15:00:54","guid":{"rendered":"http:\/\/azqs.com\/adlibitum\/?p=399"},"modified":"2018-05-01T10:17:56","modified_gmt":"2018-05-01T08:17:56","slug":"concert-de-noel-2016","status":"publish","type":"post","link":"https:\/\/azqs.com\/adlibitum\/concert-de-noel-2016\/","title":{"rendered":"Concert de No\u00ebl 2016"},"content":{"rendered":"<p><span style=\"font-size: 14pt\">Le concert de No\u00ebl 2016 <strong>Sous les \u00e9toiles \u00ab\u00a0Musiques de nuit \u00e0 l&rsquo;approche de No\u00ebl\u00a0\u00bb<\/strong> <\/span><span style=\"font-size: 18pt\"><span style=\"font-size: 14pt\">dans le cadre de Strasbourg Capitale de No\u00ebl<\/span> <\/span><\/p>\n<p><span class=\"fontstyle0\"><img loading=\"lazy\" decoding=\"async\" class=\"alignleft wp-image-467\" src=\"http:\/\/azqs.com\/adlibitum\/files\/2016\/11\/music-conduktor-xl.png\" alt=\"music-conduktor-xl\" width=\"50\" height=\"50\" \/>sous la direction de <a href=\"http:\/\/azqs.com\/adlibitum\/cheffe-de-choeur\/\">Delphine LE VARAT <\/a>avec Myl\u00e8ne NICOLAS au piano.<\/span><\/p>\n<p style=\"text-align: justify\"><a href=\"http:\/\/azqs.com\/adlibitum\/files\/2016\/12\/affiche-Sous-les-\u00e9toiles-11d\u00e9c.jpg\"><img loading=\"lazy\" decoding=\"async\" class=\"wp-image-401 size-medium aligncenter\" src=\"http:\/\/azqs.com\/adlibitum\/files\/2016\/12\/affiche-Sous-les-\u00e9toiles-11d\u00e9c-300x212.jpg\" alt=\"affiche-sous-les-etoiles-11dec\" width=\"300\" height=\"212\" srcset=\"https:\/\/azqs.com\/adlibitum\/files\/2016\/12\/affiche-Sous-les-\u00e9toiles-11d\u00e9c-300x212.jpg 300w, https:\/\/azqs.com\/adlibitum\/files\/2016\/12\/affiche-Sous-les-\u00e9toiles-11d\u00e9c-768x543.jpg 768w, https:\/\/azqs.com\/adlibitum\/files\/2016\/12\/affiche-Sous-les-\u00e9toiles-11d\u00e9c-1024x724.jpg 1024w, https:\/\/azqs.com\/adlibitum\/files\/2016\/12\/affiche-Sous-les-\u00e9toiles-11d\u00e9c-600x424.jpg 600w, https:\/\/azqs.com\/adlibitum\/files\/2016\/12\/affiche-Sous-les-\u00e9toiles-11d\u00e9c-250x177.jpg 250w, https:\/\/azqs.com\/adlibitum\/files\/2016\/12\/affiche-Sous-les-\u00e9toiles-11d\u00e9c-424x300.jpg 424w, https:\/\/azqs.com\/adlibitum\/files\/2016\/12\/affiche-Sous-les-\u00e9toiles-11d\u00e9c.jpg 1754w\" sizes=\"(max-width: 300px) 100vw, 300px\" \/><\/a><img loading=\"lazy\" decoding=\"async\" class=\"alignleft wp-image-464 size-full\" src=\"http:\/\/azqs.com\/adlibitum\/files\/2016\/11\/treble-clef-xl.png\" width=\"64\" height=\"64\" \/><span style=\"font-size: 10pt\">Nous avons chant\u00e9 :<span class=\"fontstyle0\"><strong>In stiller Nacht<\/strong> de <\/span><span class=\"fontstyle0\">J. BRAHMS- <strong>Nocturnos de la Ventana<\/strong> de F. VILA et F. GARCIA LORCA &#8211; <strong>Campana sobre campana<\/strong> de A. PEREZ MOYA &#8211; <strong>P\u00e1sli ov\u010de vala\u0161i<\/strong> de\u00a0H. HELFRICH &#8211; <strong>Gjendines B\u00e5dnl\u00e5t<\/strong> (traditionnel Norv\u00e9gien) arrang\u00e9 par G. ERIKSSON &#8211; <\/span><span class=\"fontstyle0\"><strong>Abenlied zu Gott<\/strong> de <\/span><span class=\"fontstyle0\">J. HAYDN &#8211; <\/span><span class=\"fontstyle0\"><strong>Abendlied<\/strong> (Bleib bei uns) de <\/span><span class=\"fontstyle0\">J. RHEINBERGER &#8211; <strong>Mariam Matrem<\/strong> du\u00a0Livre Vermeil de Montserrat &#8211; <strong>C\u2019\u00e9tait la veille de No\u00ebl<\/strong> &#8211; <\/span><span class=\"fontstyle0\"><strong>Fum, fum, fum<\/strong> de A. PARKER et R. SHAW &#8211;<strong> I saw tree ships come sailing in<\/strong><\/span><span class=\"fontstyle0\"> de &#8211; <\/span><span class=\"fontstyle0\"><strong>Sure On This Shining Night<\/strong> de <\/span><span class=\"fontstyle0\">M. LAURIDSEN et J. AGEE<\/span><\/span><\/p>\n<p><span style=\"font-size: 10pt\"><span style=\"text-decoration: underline\"><img loading=\"lazy\" decoding=\"async\" class=\"alignleft wp-image-459 size-full\" src=\"http:\/\/azqs.com\/adlibitum\/files\/2016\/11\/bell-lyre-xl.png\" width=\"64\" height=\"64\" \/>Les choristes du concert :<br \/>\n<\/span><a href=\"http:\/\/azqs.com\/adlibitum\/files\/2016\/12\/20161211sopranes.jpg\"><strong>Sopranes<\/strong> <\/a>: Meriem Lelong &#8211; Sophie Muller &#8211; Dominique Nicolas &#8211; Roselyne Saettler &#8211; Sylvie Vadon<br \/>\n<\/span><span style=\"font-size: 10pt\"><a href=\"http:\/\/azqs.com\/adlibitum\/files\/2016\/12\/20161211altos.jpg\"><strong>Altos<\/strong> <\/a>: V\u00e9ronique Bertholle &#8211; Magdalena Hadjisky &#8211; Ma\u00efa Henry <\/span><span style=\"font-size: 10pt\">&#8211; Dominique Lorphelin &#8211; Bakoly Razafindrazaka<br \/>\n<a href=\"http:\/\/azqs.com\/adlibitum\/files\/2016\/12\/20161211tenor.jpg\"><strong>T\u00e9nors<\/strong> <\/a>: Bernard Aghina &#8211; Julien Nortier &#8211; Olivier Vossot &#8211; Nathana\u00ebl Zarca<br \/>\n<\/span><span style=\"font-size: 10pt\"><a href=\"http:\/\/azqs.com\/adlibitum\/files\/2016\/12\/20161211basse.jpg\"><strong>Basses<\/strong> <\/a>: Fran\u00e7ois Rolin &#8211; Thomas Saettler &#8211; Bruno Schima &#8211; Jean-Marie Schott<\/span><\/p>\n<p style=\"text-align: right\"><a href=\"http:\/\/azqs.com\/adlibitum\/2016\/12\/photos-du-11-decembre-2016\/\">quelques photos du concert du 11 d\u00e9cembre 2016<\/a><\/p>\n","protected":false},"excerpt":{"rendered":"<p>Le concert de No\u00ebl 2016 Sous les \u00e9toiles \u00ab\u00a0Musiques de nuit \u00e0 l&rsquo;approche de No\u00ebl\u00a0\u00bb dans le cadre de Strasbourg Capitale de No\u00ebl sous la direction de Delphine LE VARAT avec Myl\u00e8ne NICOLAS au piano. Nous avons chant\u00e9 :In stiller Nacht de J. BRAHMS- Nocturnos de la Ventana de F. VILA et F. GARCIA LORCA&hellip;<\/p>\n","protected":false},"author":309,"featured_media":0,"comment_status":"closed","ping_status":"closed","sticky":false,"template":"","format":"standard","meta":{"footnotes":""},"categories":[6],"tags":[16,27,17,20,26,19,25],"class_list":["post-399","post","type-post","status-publish","format-standard","hentry","category-saisons","tag-brahms","tag-gjendines-badnlat","tag-haydn","tag-lauridsen","tag-nocturnos-de-la-ventana","tag-rheinberger","tag-strasbourg-capitale-de-noel"],"_links":{"self":[{"href":"https:\/\/azqs.com\/adlibitum\/wp-json\/wp\/v2\/posts\/399"}],"collection":[{"href":"https:\/\/azqs.com\/adlibitum\/wp-json\/wp\/v2\/posts"}],"about":[{"href":"https:\/\/azqs.com\/adlibitum\/wp-json\/wp\/v2\/types\/post"}],"author":[{"embeddable":true,"href":"https:\/\/azqs.com\/adlibitum\/wp-json\/wp\/v2\/users\/309"}],"replies":[{"embeddable":true,"href":"https:\/\/azqs.com\/adlibitum\/wp-json\/wp\/v2\/comments?post=399"}],"version-history":[{"count":6,"href":"https:\/\/azqs.com\/adlibitum\/wp-json\/wp\/v2\/posts\/399\/revisions"}],"predecessor-version":[{"id":779,"href":"https:\/\/azqs.com\/adlibitum\/wp-json\/wp\/v2\/posts\/399\/revisions\/779"}],"wp:attachment":[{"href":"https:\/\/azqs.com\/adlibitum\/wp-json\/wp\/v2\/media?parent=399"}],"wp:term":[{"taxonomy":"category","embeddable":true,"href":"https:\/\/azqs.com\/adlibitum\/wp-json\/wp\/v2\/categories?post=399"},{"taxonomy":"post_tag","embeddable":true,"href":"https:\/\/azqs.com\/adlibitum\/wp-json\/wp\/v2\/tags?post=399"}],"curies":[{"name":"wp","href":"https:\/\/api.w.org\/{rel}","templated":true}]}}