{"id":1132,"date":"2010-05-26T23:42:09","date_gmt":"2010-05-26T22:42:09","guid":{"rendered":"https:\/\/azqs.com\/GeekNik\/?p=1132"},"modified":"2024-02-27T00:13:19","modified_gmt":"2024-02-26T23:13:19","slug":"radio-sterni-change-de-bieres-et-de-regions","status":"publish","type":"post","link":"https:\/\/azqs.com\/GeekNik\/2010\/05\/26\/radio-sterni-change-de-bieres-et-de-regions\/","title":{"rendered":"Radio Sterni change de bi\u00e8re et de r\u00e9gion"},"content":{"rendered":"<h3>Radio Sterni fraction M\u00e9t\u00e9or, nous a rendus visite \u00e0 Strasbourg.<\/h3>\n<p><a href=\"http:\/\/azqs.com\/GeekNik\/files\/2023\/09\/RadioSterni.png\"><img loading=\"lazy\" decoding=\"async\" class=\"alignnone size-full wp-image-1133\" src=\"http:\/\/azqs.com\/GeekNik\/files\/2023\/09\/RadioSterni.png\" alt=\"\" width=\"860\" height=\"250\" srcset=\"https:\/\/azqs.com\/GeekNik\/files\/2023\/09\/RadioSterni.png 860w, https:\/\/azqs.com\/GeekNik\/files\/2023\/09\/RadioSterni-300x87.png 300w, https:\/\/azqs.com\/GeekNik\/files\/2023\/09\/RadioSterni-768x223.png 768w\" sizes=\"(max-width: 860px) 100vw, 860px\" \/><\/a><\/p>\n<p>Je vous invite \u00e0 \u00e9couter cette \u00e9mission enregistr\u00e9e le mercredi 26 mai, au \u00ab\u00a0studio\u00a0\u00bb du 39, prise de son en quasi- spontan\u00e9e avec les membres de la <a href=\"http:\/\/crep.strasbourg.free.fr\" target=\"_blank\" rel=\"noopener\">CREP<\/a> de Strasbourg (collectif de r\u00e9appropriation de l&rsquo;espace public), pour parler de vid\u00e9o-surveillance, suite \u00e0 leur semaine d&rsquo;action \u00ab\u00a0d\u00e9montons la\u00a0 vid\u00e9o-surveillance\u00a0\u00bb.<\/p>\n<div id=\"attachment_1319\" style=\"width: 826px\" class=\"wp-caption alignleft\"><img loading=\"lazy\" decoding=\"async\" aria-describedby=\"caption-attachment-1319\" class=\"size-full wp-image-1319\" src=\"http:\/\/azqs.com\/GeekNik\/files\/2010\/05\/facade-otan_39.jpg\" alt=\"illustration Banderole Non sur Facade\" width=\"816\" height=\"1000\" srcset=\"https:\/\/azqs.com\/GeekNik\/files\/2010\/05\/facade-otan_39.jpg 816w, https:\/\/azqs.com\/GeekNik\/files\/2010\/05\/facade-otan_39-245x300.jpg 245w, https:\/\/azqs.com\/GeekNik\/files\/2010\/05\/facade-otan_39-768x941.jpg 768w\" sizes=\"(max-width: 816px) 100vw, 816px\" \/><p id=\"caption-attachment-1319\" class=\"wp-caption-text\">Otan Non : 39 BVD de Nancy Strasbourg<\/p><\/div>\n<p>A \u00e9couter sur Radio Sterni Berlin &#8211; la radio qui se d\u00e9capsule <a href=\"http:\/\/radiosterni.qsdf.org\/\" target=\"_blank\" rel=\"noopener noreferrer\">http:\/\/radiosterni.qsdf.org<\/a><\/p>\n<p>Radio vous avez dis radio ?<br \/>\nVieux souvenir d&rsquo;une \u00e0 propos d&rsquo;<a href=\"https:\/\/web.archive.org\/web\/20240222175916\/https:\/\/azqs.com\/filoucurieux\/?p=219\" target=\"_blank\" rel=\"noopener\">une radio locale qui a eu chaud aux fesses<\/a><\/p>\n<p>&nbsp;<\/p>\n","protected":false},"excerpt":{"rendered":"<p>Radio Sterni fraction M\u00e9t\u00e9or, nous a rendus visite \u00e0 Strasbourg. Je vous invite \u00e0 \u00e9couter cette \u00e9mission enregistr\u00e9e le mercredi 26 mai, au \u00ab\u00a0studio\u00a0\u00bb du 39, prise de son en quasi- spontan\u00e9e avec les membres de la CREP de Strasbourg &hellip; <a href=\"https:\/\/azqs.com\/GeekNik\/2010\/05\/26\/radio-sterni-change-de-bieres-et-de-regions\/\">Continuer la lecture <span class=\"meta-nav\">&rarr;<\/span><\/a><\/p>\n","protected":false},"author":278,"featured_media":1133,"comment_status":"closed","ping_status":"closed","sticky":false,"template":"","format":"standard","meta":{"wikipediapreview_detectlinks":true,"footnotes":""},"categories":[105],"tags":[132,124,128,106,23,111],"class_list":["post-1132","post","type-post","status-publish","format-standard","has-post-thumbnail","hentry","category-social","tag-132","tag-berlin","tag-captation","tag-radio","tag-strasbourg","tag-video-surveillance"],"_links":{"self":[{"href":"https:\/\/azqs.com\/GeekNik\/wp-json\/wp\/v2\/posts\/1132"}],"collection":[{"href":"https:\/\/azqs.com\/GeekNik\/wp-json\/wp\/v2\/posts"}],"about":[{"href":"https:\/\/azqs.com\/GeekNik\/wp-json\/wp\/v2\/types\/post"}],"author":[{"embeddable":true,"href":"https:\/\/azqs.com\/GeekNik\/wp-json\/wp\/v2\/users\/278"}],"replies":[{"embeddable":true,"href":"https:\/\/azqs.com\/GeekNik\/wp-json\/wp\/v2\/comments?post=1132"}],"version-history":[{"count":4,"href":"https:\/\/azqs.com\/GeekNik\/wp-json\/wp\/v2\/posts\/1132\/revisions"}],"predecessor-version":[{"id":1320,"href":"https:\/\/azqs.com\/GeekNik\/wp-json\/wp\/v2\/posts\/1132\/revisions\/1320"}],"wp:featuredmedia":[{"embeddable":true,"href":"https:\/\/azqs.com\/GeekNik\/wp-json\/wp\/v2\/media\/1133"}],"wp:attachment":[{"href":"https:\/\/azqs.com\/GeekNik\/wp-json\/wp\/v2\/media?parent=1132"}],"wp:term":[{"taxonomy":"category","embeddable":true,"href":"https:\/\/azqs.com\/GeekNik\/wp-json\/wp\/v2\/categories?post=1132"},{"taxonomy":"post_tag","embeddable":true,"href":"https:\/\/azqs.com\/GeekNik\/wp-json\/wp\/v2\/tags?post=1132"}],"curies":[{"name":"wp","href":"https:\/\/api.w.org\/{rel}","templated":true}]}}